{"id":231342,"date":"2018-03-21T23:27:24","date_gmt":"2018-03-21T23:27:24","guid":{"rendered":"http:\/\/diariodominicano.ddns.net\/?p=231342"},"modified":"2018-03-21T23:27:24","modified_gmt":"2018-03-21T23:27:24","slug":"presidente-peruano-renuncia-antes-de-debate-sobre-su-destitucion","status":"publish","type":"post","link":"https:\/\/diariodominicano.com\/?p=231342","title":{"rendered":"Presidente peruano renuncia antes de debate sobre su destituci\u00f3n&#13;"},"content":{"rendered":"<p><body><\/p>\n<p><img decoding=\"async\" src=\"img3\/peru-ppk-preocupado.jpg\" \/>  <\/p>\n<\/p>\n<p><strong>   LIMA, 21 mar (Xinhua) &#8212;<\/strong> Un d\u00eda antes de la fecha fijada para acudir ante el Congreso Nacional y responder al nuevo pedido de destituci\u00f3n, Pedro Kuczynski renunci\u00f3 hoy mi\u00e9rcoles como presidente de Per\u00fa.<\/p>\n<\/p>\n<p>   Una moci\u00f3n multipartidaria, aprobada la semana pasada, buscaba removerlo del Poder Ejecutivo bajo la acusaci\u00f3n de una \u00abpermanente incapacidad moral\u00bb.<\/p>\n<\/p>\n<p>   La oposici\u00f3n acusaba a Kuczynski por los servicios pagados de consultor\u00edas que su empresa Westfield Capital, con sede en Miami, Estados Unidos, ofreci\u00f3 a la constructora brasile\u00f1a Odebrecht, envuelta en esc\u00e1ndalos de sobornos y corrupci\u00f3n.<\/p>\n<\/p>\n<p>   Dichos servicios de consultor\u00eda se habr\u00edan hecho cuando Kuczynski se desempe\u00f1aba como ministro de Econom\u00eda y Finanzas y jefe del Consejo de Ministros durante el gobierno del ex presidente peruano, Alejandro Toledo (2001-2006).<\/p>\n<\/p>\n<p>   A estas acusaciones se sum\u00f3 el martes la difusi\u00f3n de videos y audios por parte de la bancada mayoritaria en el Congreso, Fuerza Popular (FP), donde se observa y escucha a aliados de Kuczynski intentando comprar votos de legisladores para evitar la destituci\u00f3n, a cambio de obras y otras prebendas.<\/p>\n<\/p>\n<p>   \u00abEsta confrontaci\u00f3n pol\u00edtica ha creado un clima de ingobernabilidad que le hace un enorme da\u00f1o al pa\u00eds y no nos permite avanzar\u00bb, expres\u00f3 Kuczynski este mi\u00e9rcoles en un mensaje a la Naci\u00f3n, acompa\u00f1ado de su Gabinete Ministerial desde la sede de Palacio de Gobierno en Lima.<\/p>\n<\/p>\n<p>   Agreg\u00f3 que esta situaci\u00f3n es \u00abespecialmente lamentable si advertimos que nos encontramos ad portas del bicentenario de la Rep\u00fablica y que tal acontecimiento deber\u00eda merecer la unidad de todos los peruanos\u00bb.<\/p>\n<\/p>\n<p>   En la carta de renuncia enviada al presidente del Congreso Nacional, Luis Galarreta, Kuczynski afirm\u00f3 que durante su administraci\u00f3n \u00abse han presentado muchas interpelaciones, censuras de ministros y de un gabinete entero y un proceso de vacancia\u00bb en su contra.<\/p>\n<\/p>\n<p>   \u00abTodo esto ha generado una grave distorsi\u00f3n al proceso pol\u00edtico y la discusi\u00f3n sobre el proceso de vacancia, que debi\u00f3 llevarse de manera alturada, transparente y sin alteraciones. Pero, no ha sido as\u00ed\u00bb, dijo.<\/p>\n<\/p>\n<p>   Kuczynski dijo \u00abhe trabajado casi 60 a\u00f1os de mi vida con total honestidad. La oposici\u00f3n ha tratado de pintarme como si fuera una persona corrupta y reafirmo mi compromiso con un Per\u00fa honesto, moral y justo para todos\u00bb.<\/p>\n<\/p>\n<p>   Se\u00f1alando que \u00ablo mejor para el pa\u00eds es que yo renuncie\u00bb, expres\u00f3 que \u00abno quiero ser un estorbo, no quiero que la patria ni mi familia sigan sufriendo con la incertidumbre de los \u00faltimos tiempos\u00bb.<\/p>\n<\/p>\n<p>   Ma\u00f1ana jueves, el pleno del Congreso ver\u00e1 el tema de la renuncia presidencial y la ratificar\u00e1 o no de acuerdo con el n\u00famero de votos alcanzados.<\/p>\n<\/p>\n<p>   De darle conformidad, entonces se proceder\u00e1, seg\u00fan la Constituci\u00f3n, a investir como presidente al primer vicepresidente, Mart\u00edn Vizcarra, quien dejar\u00eda su cargo de embajador en Canad\u00e1. Fin<\/p>\n<h6> 2018-03-21 23:27:24 <\/h6>\n<p><!--\n<link rel=\"stylesheet\" href=\"css\/bootstrap.min.css\">\n\n\n<ul class=\"pagination\">\n\t    \n\t\n\n<li >\n\t<a href='?page_no=10963'>Previous<\/a>\n\t<\/li>\n\n\n       \n    \n\n<li><a href='?page_no=1'>1<\/a><\/li>\n\n\n\n<li><a href='?page_no=2'>2<\/a><\/li>\n\n\n\n<li><a>...<\/a><\/li>\n\n\n\n<li><a href='?page_no=10962'>10962<\/a><\/li>\n\n\n\n<li><a href='?page_no=10963'>10963<\/a><\/li>\n\n\n\n<li class='active'><a>10964<\/a><\/li>\n\n\n\n<li><a href='?page_no=10965'>10965<\/a><\/li>\n\n\n\n<li><a href='?page_no=10966'>10966<\/a><\/li>\n\n\n\n<li><a>...<\/a><\/li>\n\n\n\n<li><a href='?page_no=51012'>51012<\/a><\/li>\n\n\n\n<li><a href='?page_no=51013'>51013<\/a><\/li>\n\n    \n\t\n\n<li >\n\t<a href='?page_no=10965'>Next<\/a>\n\t<\/li>\n\n\n    \n\n<li><a href='?page_no=51013'>Last &rsaquo;&rsaquo;<\/a><\/li>\n\n<\/ul>\n\n\n--><br \/>\n<\/body><\/p>\n","protected":false},"excerpt":{"rendered":"<p>LIMA, 21 mar (Xinhua) &#8212; Un d\u00eda antes de la fecha fijada para acudir ante el Congreso Nacional y responder al nuevo pedido de destituci\u00f3n, Pedro Kuczynski renunci\u00f3 hoy mi\u00e9rcoles como presidente de Per\u00fa. Una moci\u00f3n multipartidaria, aprobada la semana pasada, buscaba removerlo del Poder Ejecutivo bajo la acusaci\u00f3n de una \u00abpermanente incapacidad moral\u00bb. La [&hellip;]<\/p>\n","protected":false},"author":3,"featured_media":0,"comment_status":"open","ping_status":"open","sticky":false,"template":"","format":"standard","meta":{"footnotes":""},"categories":[23],"tags":[],"class_list":["post-231342","post","type-post","status-publish","format-standard","hentry","category-internacional"],"_links":{"self":[{"href":"https:\/\/diariodominicano.com\/index.php?rest_route=\/wp\/v2\/posts\/231342","targetHints":{"allow":["GET"]}}],"collection":[{"href":"https:\/\/diariodominicano.com\/index.php?rest_route=\/wp\/v2\/posts"}],"about":[{"href":"https:\/\/diariodominicano.com\/index.php?rest_route=\/wp\/v2\/types\/post"}],"author":[{"embeddable":true,"href":"https:\/\/diariodominicano.com\/index.php?rest_route=\/wp\/v2\/users\/3"}],"replies":[{"embeddable":true,"href":"https:\/\/diariodominicano.com\/index.php?rest_route=%2Fwp%2Fv2%2Fcomments&post=231342"}],"version-history":[{"count":0,"href":"https:\/\/diariodominicano.com\/index.php?rest_route=\/wp\/v2\/posts\/231342\/revisions"}],"wp:attachment":[{"href":"https:\/\/diariodominicano.com\/index.php?rest_route=%2Fwp%2Fv2%2Fmedia&parent=231342"}],"wp:term":[{"taxonomy":"category","embeddable":true,"href":"https:\/\/diariodominicano.com\/index.php?rest_route=%2Fwp%2Fv2%2Fcategories&post=231342"},{"taxonomy":"post_tag","embeddable":true,"href":"https:\/\/diariodominicano.com\/index.php?rest_route=%2Fwp%2Fv2%2Ftags&post=231342"}],"curies":[{"name":"wp","href":"https:\/\/api.w.org\/{rel}","templated":true}]}}