{"id":231341,"date":"2018-03-21T23:31:21","date_gmt":"2018-03-21T23:31:21","guid":{"rendered":"http:\/\/diariodominicano.ddns.net\/?p=231341"},"modified":"2018-03-21T23:31:21","modified_gmt":"2018-03-21T23:31:21","slug":"pedro-kuczynski-arrastrado-por-el-escandalo-odebrecht","status":"publish","type":"post","link":"https:\/\/diariodominicano.com\/?p=231341","title":{"rendered":"Pedro Kuczynski, arrastrado por el esc\u00e1ndalo Odebrecht"},"content":{"rendered":"<p><body><\/p>\n<p><img decoding=\"async\" src=\"img3\/peru-ppk-preocupado.jpg\" \/>  <\/p>\n<\/p>\n<p><strong> <\/strong><\/p>\n<p><strong>   LIMA, 21 mar (Xinhua) &#8212;<\/strong> Pedro Pablo Kuczynski renunci\u00f3 hoy mi\u00e9rcoles como presidente de Per\u00fa arrastrado por el esc\u00e1ndalo de corrupci\u00f3n de la constructora brasile\u00f1a Odebrecht.<\/p>\n<\/p>\n<p>   Kuczynski, economista con amplia experiencia en cargos p\u00fablicos, dej\u00f3 el cargo un d\u00eda antes de la sesi\u00f3n en el Congreso donde se debatir\u00eda y votar\u00eda sobre su destituci\u00f3n.<\/p>\n<\/p>\n<p>   Kuczynski cuenta con estudios en la Universidad de Oxford en Reino Unido y una maestr\u00eda en Econom\u00eda en la Universidad de Princeton en Estados Unidos.<\/p>\n<\/p>\n<p>   Con 77 a\u00f1os de edad, el hoy ex presidente fue el m\u00e1s longevo en asumir la Presidencia en el pa\u00eds sudamericano, al suceder en el cargo a Ollanta Humala, quien gobern\u00f3 los pasados cinco a\u00f1os (2011-2016).<\/p>\n<\/p>\n<p>   Kuczynski es hijo de inmigrantes. Su padre fue un m\u00e9dico alem\u00e1n, M\u00e1xime Kuczynski, quien trabaj\u00f3 en zonas pobres del pa\u00eds, y su madre una maestra franco-suiza, una mujer culta y amante de la cultura milenaria del pa\u00eds.<\/p>\n<\/p>\n<p>   Uno de sus primeros cargos p\u00fablicos fue asumido en 1966, al ser designado por el entonces presidente Fernando Belaunde Terry (1963-1968 y 1980-1985), como asesor, y luego nombrado gerente del Banco Central de Reserva (BCR).<\/p>\n<\/p>\n<p>   Tras el golpe militar del general Juan Velasco Alvarado en 1968, Kuczynski huy\u00f3 de Per\u00fa al ser acusado por las autoridades de presuntamente pagar ilegalmente 115 millones de d\u00f3lares a favor de la empresa estadounidense Internacional Petroleum Company (IPC).<\/p>\n<\/p>\n<p>   Durante una larga temporada en Estados Unidos y otros pa\u00edses, desempe\u00f1\u00f3 trabajos en diversos consorcios internacionales como Magma Copper, Toyota Motors Corporation, CS First Boston y el Banco Mundial (BM), entre otros.<\/p>\n<\/p>\n<p>   En 1980, regres\u00f3 a Per\u00fa convocado por el entonces presidente Belaunde, quien fue elegido para un segundo mandato, y fue nombrado ministro de Energ\u00eda y Minas, cargo en que foment\u00f3 la explotaci\u00f3n minera y petrolera.<\/p>\n<\/p>\n<p>   Como parte de su extensa experiencia, figur\u00f3 tambi\u00e9n la cartera de Econom\u00eda en el gobierno del ex presidente Alejandro Toledo (2001-2006) en 2001.<\/p>\n<\/p>\n<p>   Fue duramente criticado entonces por la oposici\u00f3n, debido a un acuerdo suscrito con el Fondo Monetario Internacional (FMI) para alcanzar las metas del gobierno, por lo que finalmente renunci\u00f3 en 2002.<\/p>\n<\/p>\n<p>   El ex presidente Toledo lo volvi\u00f3 a convocar en 2004 para formar parte de su gobierno, al nombrarlo nuevamente ministro de Econom\u00eda, y posteriormente presidente del Consejo de Ministros, cargo que ostent\u00f3 hasta julio de 2006.<\/p>\n<\/p>\n<p>   Pedro Pablo Kuczynski fue elegido presidente de Per\u00fa el pasado 5 de junio en una re\u00f1ida segunda vuelta electoral, en la que logr\u00f3 51,12 por ciento de los votos frente a su cercana competidora, la ex candidata Keiko Fujimori, quien alcanz\u00f3 el 49,88 por ciento.<\/p>\n<\/p>\n<p>   Este mi\u00e9rcoles, Kuczynski renunci\u00f3 al cargo en medio de una crisis pol\u00edtica por la divulgaci\u00f3n de videos que mostraban una supuesta \u00abcompra de votos\u00bb para evitar la destituci\u00f3n. Fin<\/p>\n<h6> 2018-03-21 23:31:21 <\/h6>\n<p><!--\n<link rel=\"stylesheet\" href=\"css\/bootstrap.min.css\">\n\n\n<ul class=\"pagination\">\n\t    \n\t\n\n<li >\n\t<a href='?page_no=10962'>Previous<\/a>\n\t<\/li>\n\n\n       \n    \n\n<li><a href='?page_no=1'>1<\/a><\/li>\n\n\n\n<li><a href='?page_no=2'>2<\/a><\/li>\n\n\n\n<li><a>...<\/a><\/li>\n\n\n\n<li><a href='?page_no=10961'>10961<\/a><\/li>\n\n\n\n<li><a href='?page_no=10962'>10962<\/a><\/li>\n\n\n\n<li class='active'><a>10963<\/a><\/li>\n\n\n\n<li><a href='?page_no=10964'>10964<\/a><\/li>\n\n\n\n<li><a href='?page_no=10965'>10965<\/a><\/li>\n\n\n\n<li><a>...<\/a><\/li>\n\n\n\n<li><a href='?page_no=51012'>51012<\/a><\/li>\n\n\n\n<li><a href='?page_no=51013'>51013<\/a><\/li>\n\n    \n\t\n\n<li >\n\t<a href='?page_no=10964'>Next<\/a>\n\t<\/li>\n\n\n    \n\n<li><a href='?page_no=51013'>Last &rsaquo;&rsaquo;<\/a><\/li>\n\n<\/ul>\n\n\n--><br \/>\n<\/body><\/p>\n","protected":false},"excerpt":{"rendered":"<p>LIMA, 21 mar (Xinhua) &#8212; Pedro Pablo Kuczynski renunci\u00f3 hoy mi\u00e9rcoles como presidente de Per\u00fa arrastrado por el esc\u00e1ndalo de corrupci\u00f3n de la constructora brasile\u00f1a Odebrecht. Kuczynski, economista con amplia experiencia en cargos p\u00fablicos, dej\u00f3 el cargo un d\u00eda antes de la sesi\u00f3n en el Congreso donde se debatir\u00eda y votar\u00eda sobre su destituci\u00f3n. Kuczynski [&hellip;]<\/p>\n","protected":false},"author":3,"featured_media":0,"comment_status":"open","ping_status":"open","sticky":false,"template":"","format":"standard","meta":{"footnotes":""},"categories":[23],"tags":[],"class_list":["post-231341","post","type-post","status-publish","format-standard","hentry","category-internacional"],"_links":{"self":[{"href":"https:\/\/diariodominicano.com\/index.php?rest_route=\/wp\/v2\/posts\/231341","targetHints":{"allow":["GET"]}}],"collection":[{"href":"https:\/\/diariodominicano.com\/index.php?rest_route=\/wp\/v2\/posts"}],"about":[{"href":"https:\/\/diariodominicano.com\/index.php?rest_route=\/wp\/v2\/types\/post"}],"author":[{"embeddable":true,"href":"https:\/\/diariodominicano.com\/index.php?rest_route=\/wp\/v2\/users\/3"}],"replies":[{"embeddable":true,"href":"https:\/\/diariodominicano.com\/index.php?rest_route=%2Fwp%2Fv2%2Fcomments&post=231341"}],"version-history":[{"count":0,"href":"https:\/\/diariodominicano.com\/index.php?rest_route=\/wp\/v2\/posts\/231341\/revisions"}],"wp:attachment":[{"href":"https:\/\/diariodominicano.com\/index.php?rest_route=%2Fwp%2Fv2%2Fmedia&parent=231341"}],"wp:term":[{"taxonomy":"category","embeddable":true,"href":"https:\/\/diariodominicano.com\/index.php?rest_route=%2Fwp%2Fv2%2Fcategories&post=231341"},{"taxonomy":"post_tag","embeddable":true,"href":"https:\/\/diariodominicano.com\/index.php?rest_route=%2Fwp%2Fv2%2Ftags&post=231341"}],"curies":[{"name":"wp","href":"https:\/\/api.w.org\/{rel}","templated":true}]}}