{"id":231340,"date":"2018-03-21T23:36:35","date_gmt":"2018-03-21T23:36:35","guid":{"rendered":"http:\/\/diariodominicano.ddns.net\/?p=231340"},"modified":"2018-03-21T23:36:35","modified_gmt":"2018-03-21T23:36:35","slug":"abren-investigacion-formal-contra-ex-presidente-sarkozy-por-fondos-libios","status":"publish","type":"post","link":"https:\/\/diariodominicano.com\/?p=231340","title":{"rendered":"Abren investigaci\u00f3n formal contra ex presidente Sarkozy por fondos libios"},"content":{"rendered":"<p><body><\/p>\n<\/p>\n<p><strong>   PARIS, 21 mar (Xinhua) &#8212;<\/strong> El ex presidente franc\u00e9s Nicolas Sarkozy fue puesto hoy bajo investigaci\u00f3n formal por su vinculaci\u00f3n con fondos sospechosos de origen libio.<\/p>\n<\/p>\n<p>   Despu\u00e9s de interrogar a Sarkozy durante 48 horas, los fiscales de asuntos financieros decidieron abrir una investigaci\u00f3n formal por sospechas de corrupci\u00f3n pasiva, financiamiento ilegal de su campa\u00f1a electoral y ocultaci\u00f3n de fondos p\u00fablicos de Libia, inform\u00f3 el diario Le Monde.<\/p>\n<\/p>\n<p>   Sarkozy, quien sirvi\u00f3 como presidente de Francia de mayo de 2007 a mayo de 2012 y sigue siendo el personaje conservador m\u00e1s popular del pa\u00eds, tambi\u00e9n fue puesto bajo control judicial, a\u00f1adi\u00f3 el diario.<\/p>\n<\/p>\n<p>   El ex presidente de 63 a\u00f1os de edad fue puesto bajo custodia de la polic\u00eda el martes y compareci\u00f3 por primera vez en el juzgado de asuntos financieros en Nanterre, cerca de Par\u00eds, por su vinculaci\u00f3n con presuntos fondos libios que recibi\u00f3 para su campa\u00f1a de 2007.<\/p>\n<\/p>\n<p>   En abril de 2013 se abri\u00f3 un indagatoria judicial por presuntas irregularidades en la campa\u00f1a del ex presidente despu\u00e9s de que el diario de investigaci\u00f3n en l\u00ednea Mediapart revel\u00f3 que Libia le ofreci\u00f3 dinero para financiar su campa\u00f1a.<\/p>\n<\/p>\n<p>   En 2016, el empresario francoliban\u00e9s Ziad Takieddine revel\u00f3 a Mediapart que entre 2006 y 2007 entreg\u00f3 tres valijas con 5 millones de euros (6,16 millones de d\u00f3lares) en efectivo del entonces l\u00edder libio Gaddafi a Sarkozy, as\u00ed como al ex jefe de campa\u00f1a de Sarkozy Claude Gueant.<\/p>\n<\/p>\n<p>   Sarkozy ha rechazado las acusaciones en repetidas ocasiones. Fin<\/p>\n<\/p>\n<h6> 2018-03-21 23:36:35 <\/h6>\n<p><!--\n<link rel=\"stylesheet\" href=\"css\/bootstrap.min.css\">\n\n\n<ul class=\"pagination\">\n\t    \n\t\n\n<li >\n\t<a href='?page_no=10961'>Previous<\/a>\n\t<\/li>\n\n\n       \n    \n\n<li><a href='?page_no=1'>1<\/a><\/li>\n\n\n\n<li><a href='?page_no=2'>2<\/a><\/li>\n\n\n\n<li><a>...<\/a><\/li>\n\n\n\n<li><a href='?page_no=10960'>10960<\/a><\/li>\n\n\n\n<li><a href='?page_no=10961'>10961<\/a><\/li>\n\n\n\n<li class='active'><a>10962<\/a><\/li>\n\n\n\n<li><a href='?page_no=10963'>10963<\/a><\/li>\n\n\n\n<li><a href='?page_no=10964'>10964<\/a><\/li>\n\n\n\n<li><a>...<\/a><\/li>\n\n\n\n<li><a href='?page_no=51012'>51012<\/a><\/li>\n\n\n\n<li><a href='?page_no=51013'>51013<\/a><\/li>\n\n    \n\t\n\n<li >\n\t<a href='?page_no=10963'>Next<\/a>\n\t<\/li>\n\n\n    \n\n<li><a href='?page_no=51013'>Last &rsaquo;&rsaquo;<\/a><\/li>\n\n<\/ul>\n\n\n--><br \/>\n<\/body><\/p>\n","protected":false},"excerpt":{"rendered":"<p>PARIS, 21 mar (Xinhua) &#8212; El ex presidente franc\u00e9s Nicolas Sarkozy fue puesto hoy bajo investigaci\u00f3n formal por su vinculaci\u00f3n con fondos sospechosos de origen libio. Despu\u00e9s de interrogar a Sarkozy durante 48 horas, los fiscales de asuntos financieros decidieron abrir una investigaci\u00f3n formal por sospechas de corrupci\u00f3n pasiva, financiamiento ilegal de su campa\u00f1a electoral [&hellip;]<\/p>\n","protected":false},"author":3,"featured_media":0,"comment_status":"open","ping_status":"open","sticky":false,"template":"","format":"standard","meta":{"footnotes":""},"categories":[23],"tags":[],"class_list":["post-231340","post","type-post","status-publish","format-standard","hentry","category-internacional"],"_links":{"self":[{"href":"https:\/\/diariodominicano.com\/index.php?rest_route=\/wp\/v2\/posts\/231340","targetHints":{"allow":["GET"]}}],"collection":[{"href":"https:\/\/diariodominicano.com\/index.php?rest_route=\/wp\/v2\/posts"}],"about":[{"href":"https:\/\/diariodominicano.com\/index.php?rest_route=\/wp\/v2\/types\/post"}],"author":[{"embeddable":true,"href":"https:\/\/diariodominicano.com\/index.php?rest_route=\/wp\/v2\/users\/3"}],"replies":[{"embeddable":true,"href":"https:\/\/diariodominicano.com\/index.php?rest_route=%2Fwp%2Fv2%2Fcomments&post=231340"}],"version-history":[{"count":0,"href":"https:\/\/diariodominicano.com\/index.php?rest_route=\/wp\/v2\/posts\/231340\/revisions"}],"wp:attachment":[{"href":"https:\/\/diariodominicano.com\/index.php?rest_route=%2Fwp%2Fv2%2Fmedia&parent=231340"}],"wp:term":[{"taxonomy":"category","embeddable":true,"href":"https:\/\/diariodominicano.com\/index.php?rest_route=%2Fwp%2Fv2%2Fcategories&post=231340"},{"taxonomy":"post_tag","embeddable":true,"href":"https:\/\/diariodominicano.com\/index.php?rest_route=%2Fwp%2Fv2%2Ftags&post=231340"}],"curies":[{"name":"wp","href":"https:\/\/api.w.org\/{rel}","templated":true}]}}