{"id":231338,"date":"2018-03-22T08:38:58","date_gmt":"2018-03-22T08:38:58","guid":{"rendered":"http:\/\/diariodominicano.ddns.net\/?p=231338"},"modified":"2018-03-22T08:38:58","modified_gmt":"2018-03-22T08:38:58","slug":"suben-las-tensiones-en-primeras-horas-de-la-huelga-en-francia","status":"publish","type":"post","link":"https:\/\/diariodominicano.com\/?p=231338","title":{"rendered":"Suben las tensiones en primeras horas de la huelga en Francia"},"content":{"rendered":"<p><body><\/p>\n<p><img decoding=\"async\" src=\"img3\/franciahuelga22.jpg\" \/>  <\/p>\n<p><span class=\"text1noticias\">Par\u00eds, 22 mar (PL) Bloqueos en escuelas, protestas en estaciones de trenes y miles de personas en las calles son algunos de los primeros efectos de la huelga nacional que tiene lugar en Francia, en rechazo a varias pol\u00edticas del gobierno de Emmanuel Macron.<\/span><\/p>\n<p><span class=\"text1noticias\"> <\/span><\/p>\n<p><span class=\"text1noticias\">Los sindicatos de la Sociedad Nacional de Ferrocarriles (SNCF) y de los funcionarios del sector p\u00fablico lideran las movilizaciones registradas en decenas de ciudades galas, y que afectan sectores como el transporte a\u00e9reo, el ferroviario, las escuelas y los hospitales.<\/span><\/p>\n<p><span class=\"text1noticias\"> <\/span><\/p>\n<p><span class=\"text1noticias\">La direcci\u00f3n de la SNCF inform\u00f3 que el 35,4 por ciento de su personal est\u00e1 acogido al paro, lo que genera serias perturbaciones en el tr\u00e1fico con la cancelaci\u00f3n de m\u00e1s de la mitad de los trenes programados.<\/span><\/p>\n<p><span class=\"text1noticias\"> <\/span><\/p>\n<p><span class=\"text1noticias\">Por otro lado, un total de 13 liceos de esta esta capital amanecieron bloqueado por grupos de estudiantes que se unen a la huelga, mientras en las universidad tambi\u00e9n se registran interrupciones y cierres de algunas sedes.<\/span><\/p>\n<p><span class=\"text1noticias\"> <\/span><\/p>\n<p><span class=\"text1noticias\">De acuerdo con las autoridades, un 14,54 por ciento de los maestros se declararon en huelga, lo que incluye un 15,51 por ciento en la primaria y un 13,71 por ciento en la secundaria.<\/span><\/p>\n<p><span class=\"text1noticias\"> <\/span><\/p>\n<p><span class=\"text1noticias\">En la ma\u00f1ana tambi\u00e9n se registraron algunos enfrentamientos entre manifestantes y las fuerzas del orden en ciudades como Nantes y Par\u00eds, aunque por el momento no se repostan heridos ni arrestos.<\/span><\/p>\n<p><span class=\"text1noticias\"> <\/span><\/p>\n<p><span class=\"text1noticias\">En esta capital la tensi\u00f3n deber\u00e1 aumentar en la tarde, con dos marchas previstas: una partir\u00e1 de la Gare de l&#8217;Est y otra de Bercy, para confluir ambas en la plaza de la Bastilla.<\/span><\/p>\n<p><span class=\"text1noticias\"> <\/span><\/p>\n<p><span class=\"text1noticias\">Los trabajadores de la SNCF protestan contra la reforma ferroviaria prevista por el gobierno, considerada una amenaza para un sector modelo del servicio p\u00fablico en Francia.<\/span><\/p>\n<p><span class=\"text1noticias\"> <\/span><\/p>\n<p><span class=\"text1noticias\">Por su parte, los funcionarios p\u00fablicos de movilizan para rechazar los planes del gobierno de eliminar 120 mil puestos de trabajo y de recortar 60 mil millones de euros del presupuesto destinado a este s<\/span>ector.<\/p>\n<\/p>\n<h6> 2018-03-22 08:38:58 <\/h6>\n<p><!--\n<link rel=\"stylesheet\" href=\"css\/bootstrap.min.css\">\n\n\n<ul class=\"pagination\">\n\t    \n\t\n\n<li >\n\t<a href='?page_no=10959'>Previous<\/a>\n\t<\/li>\n\n\n       \n    \n\n<li><a href='?page_no=1'>1<\/a><\/li>\n\n\n\n<li><a href='?page_no=2'>2<\/a><\/li>\n\n\n\n<li><a>...<\/a><\/li>\n\n\n\n<li><a href='?page_no=10958'>10958<\/a><\/li>\n\n\n\n<li><a href='?page_no=10959'>10959<\/a><\/li>\n\n\n\n<li class='active'><a>10960<\/a><\/li>\n\n\n\n<li><a href='?page_no=10961'>10961<\/a><\/li>\n\n\n\n<li><a href='?page_no=10962'>10962<\/a><\/li>\n\n\n\n<li><a>...<\/a><\/li>\n\n\n\n<li><a href='?page_no=51012'>51012<\/a><\/li>\n\n\n\n<li><a href='?page_no=51013'>51013<\/a><\/li>\n\n    \n\t\n\n<li >\n\t<a href='?page_no=10961'>Next<\/a>\n\t<\/li>\n\n\n    \n\n<li><a href='?page_no=51013'>Last &rsaquo;&rsaquo;<\/a><\/li>\n\n<\/ul>\n\n\n--><br \/>\n<\/body><\/p>\n","protected":false},"excerpt":{"rendered":"<p>Par\u00eds, 22 mar (PL) Bloqueos en escuelas, protestas en estaciones de trenes y miles de personas en las calles son algunos de los primeros efectos de la huelga nacional que tiene lugar en Francia, en rechazo a varias pol\u00edticas del gobierno de Emmanuel Macron. Los sindicatos de la Sociedad Nacional de Ferrocarriles (SNCF) y de [&hellip;]<\/p>\n","protected":false},"author":3,"featured_media":0,"comment_status":"open","ping_status":"open","sticky":false,"template":"","format":"standard","meta":{"footnotes":""},"categories":[23],"tags":[],"class_list":["post-231338","post","type-post","status-publish","format-standard","hentry","category-internacional"],"_links":{"self":[{"href":"https:\/\/diariodominicano.com\/index.php?rest_route=\/wp\/v2\/posts\/231338","targetHints":{"allow":["GET"]}}],"collection":[{"href":"https:\/\/diariodominicano.com\/index.php?rest_route=\/wp\/v2\/posts"}],"about":[{"href":"https:\/\/diariodominicano.com\/index.php?rest_route=\/wp\/v2\/types\/post"}],"author":[{"embeddable":true,"href":"https:\/\/diariodominicano.com\/index.php?rest_route=\/wp\/v2\/users\/3"}],"replies":[{"embeddable":true,"href":"https:\/\/diariodominicano.com\/index.php?rest_route=%2Fwp%2Fv2%2Fcomments&post=231338"}],"version-history":[{"count":0,"href":"https:\/\/diariodominicano.com\/index.php?rest_route=\/wp\/v2\/posts\/231338\/revisions"}],"wp:attachment":[{"href":"https:\/\/diariodominicano.com\/index.php?rest_route=%2Fwp%2Fv2%2Fmedia&parent=231338"}],"wp:term":[{"taxonomy":"category","embeddable":true,"href":"https:\/\/diariodominicano.com\/index.php?rest_route=%2Fwp%2Fv2%2Fcategories&post=231338"},{"taxonomy":"post_tag","embeddable":true,"href":"https:\/\/diariodominicano.com\/index.php?rest_route=%2Fwp%2Fv2%2Ftags&post=231338"}],"curies":[{"name":"wp","href":"https:\/\/api.w.org\/{rel}","templated":true}]}}