{"id":231336,"date":"2018-03-22T08:46:58","date_gmt":"2018-03-22T08:46:58","guid":{"rendered":"http:\/\/diariodominicano.ddns.net\/?p=231336"},"modified":"2018-03-22T08:46:58","modified_gmt":"2018-03-22T08:46:58","slug":"naciones-unidas-dedica-nueva-decada-de-accion-al-agua","status":"publish","type":"post","link":"https:\/\/diariodominicano.com\/?p=231336","title":{"rendered":"Naciones Unidas dedica nueva d\u00e9cada de acci\u00f3n al agua"},"content":{"rendered":"<p><body><\/p>\n<p><img decoding=\"async\" src=\"img3\/Dia-mundial-agua22.jpg\" \/>  <\/p>\n<p><span class=\"text1noticias\">Naciones Unidas, 22 mar (PL) Para enfocar la acci\u00f3n en el desarrollo sostenible y en una mejor gesti\u00f3n de los recursos h\u00eddricos, Naciones Unidas da comienzo hoy al Decenio Internacional Agua para el Desarrollo Sostenible, de 2018 a 2028.<\/span><\/p>\n<p><span class=\"text1noticias\"> <\/span><\/p>\n<p><span class=\"text1noticias\">El secretario general de la ONU, Ant\u00f3nio Guterres; el presidente de la Asamblea General, Miroslav Lajcak; y el presidente de Tayikist\u00e1n, Emomali Rahmon, ser\u00e1n los principales anfitriones del evento de lanzamiento en la sede del organismo multilateral en Nueva York.<\/span><\/p>\n<p><span class=\"text1noticias\"> <\/span><\/p>\n<p><span class=\"text1noticias\">La Asamblea General acoger\u00e1 tambi\u00e9n este jueves un segmento de alto nivel dedicado al agua y de forma paralela, se desarrollar\u00e1n otras actividades como exposiciones fotogr\u00e1ficas y un espect\u00e1culo de luces.<\/span><\/p>\n<p><span class=\"text1noticias\"> <\/span><\/p>\n<p><span class=\"text1noticias\">El 22 de marzo se celebra el D\u00eda Mundial del Agua como un medio de llamar la atenci\u00f3n sobre la importancia del agua potable y la defensa de la gesti\u00f3n sostenible de esos recursos.<\/span><\/p>\n<p><span class=\"text1noticias\"> <\/span><\/p>\n<p><span class=\"text1noticias\">Cada a\u00f1o, la fecha destaca un aspecto particular relacionado con el agua: en 2018 hace hincapi\u00e9 en c\u00f3mo explorar soluciones basadas en la naturaleza para enfrentar los desaf\u00edos de esta crisis.<\/span><\/p>\n<p><span class=\"text1noticias\"> <\/span><\/p>\n<p><span class=\"text1noticias\">Seg\u00fan datos de la ONU, los ecosistemas da\u00f1ados afectan la cantidad y calidad del agua disponible para el consumo humano. De hecho, en la actualidad, m\u00e1s de dos mil millones de personas viven sin acceso al agua potable en el hogar.<\/span><\/p>\n<p><span class=\"text1noticias\"> <\/span><\/p>\n<p><span class=\"text1noticias\">La semana pasada, un panel compuesto por 12 l\u00edderes mundiales exhort\u00f3 a cambiar el enfoque con el fin de abordar las consecuencias de la crisis global del agua.<\/span><\/p>\n<p><span class=\"text1noticias\"> <\/span><\/p>\n<p><span class=\"text1noticias\">El 40 por ciento de la poblaci\u00f3n del planeta se ve afectada por la escasez de ese l\u00edquido vital y unas 700 millones de personas corren el riesgo de ser desplazadas debida a una intensa escasez de agua para 2030, se\u00f1al\u00f3 ese panel de alto nivel.<\/span><\/p>\n<p><span class=\"text1noticias\"> <\/span><\/p>\n<p><span class=\"text1noticias\">Adem\u00e1s, m\u00e1s de dos mil millones de personas se ven obligadas a beber agua contaminada, seg\u00fan informaciones del reporte.<\/span><\/p>\n<p><span class=\"text1noticias\"> <\/span><\/p>\n<p><span class=\"text1noticias\">El decenio dedicado al agua pretende apoyar la implementaci\u00f3n y promoci\u00f3n de programas relacionados con la protecci\u00f3n de recursos h\u00eddricos, y fomentar la cooperaci\u00f3n y la asociaci\u00f3n en todos los niveles con el fin de alcanzar los objetivos y metas relacionados con el agua, incluidos los de la Agenda 2030 para el Desarrollo Sostenible.<\/span><\/p>\n<p><span class=\"text1noticias\"> <\/span><\/p>\n<p><span class=\"text1noticias\">La urbanizaci\u00f3n acelerada, el crecimiento de la poblaci\u00f3n mundial, la desertificaci\u00f3n, la sequ\u00eda, los fen\u00f3menos meteorol\u00f3gicos extremos y el cambio clim\u00e1tico inciden cada d\u00eda m\u00e1s en la escasez de agua.<\/span><\/p>\n<p><span class=\"text1noticias\"> <\/span><\/p>\n<p><span class=\"text1noticias\">El Objetivo de Desarrollo Sostenible n\u00famero 6 compromete al mundo a garantizar que todos tengan acceso al agua segura para el a\u00f1o 2030, e incluye acciones encaminadas a proteger el medio ambiente y reducir la cont<\/span>aminaci\u00f3n.<\/p>\n<h6> 2018-03-22 08:46:58 <\/h6>\n<p><!--\n<link rel=\"stylesheet\" href=\"css\/bootstrap.min.css\">\n\n\n<ul class=\"pagination\">\n\t    \n\t\n\n<li >\n\t<a href='?page_no=10958'>Previous<\/a>\n\t<\/li>\n\n\n       \n    \n\n<li><a href='?page_no=1'>1<\/a><\/li>\n\n\n\n<li><a href='?page_no=2'>2<\/a><\/li>\n\n\n\n<li><a>...<\/a><\/li>\n\n\n\n<li><a href='?page_no=10957'>10957<\/a><\/li>\n\n\n\n<li><a href='?page_no=10958'>10958<\/a><\/li>\n\n\n\n<li class='active'><a>10959<\/a><\/li>\n\n\n\n<li><a href='?page_no=10960'>10960<\/a><\/li>\n\n\n\n<li><a href='?page_no=10961'>10961<\/a><\/li>\n\n\n\n<li><a>...<\/a><\/li>\n\n\n\n<li><a href='?page_no=51012'>51012<\/a><\/li>\n\n\n\n<li><a href='?page_no=51013'>51013<\/a><\/li>\n\n    \n\t\n\n<li >\n\t<a href='?page_no=10960'>Next<\/a>\n\t<\/li>\n\n\n    \n\n<li><a href='?page_no=51013'>Last &rsaquo;&rsaquo;<\/a><\/li>\n\n<\/ul>\n\n\n--><br \/>\n<\/body><\/p>\n","protected":false},"excerpt":{"rendered":"<p>Naciones Unidas, 22 mar (PL) Para enfocar la acci\u00f3n en el desarrollo sostenible y en una mejor gesti\u00f3n de los recursos h\u00eddricos, Naciones Unidas da comienzo hoy al Decenio Internacional Agua para el Desarrollo Sostenible, de 2018 a 2028. El secretario general de la ONU, Ant\u00f3nio Guterres; el presidente de la Asamblea General, Miroslav Lajcak; [&hellip;]<\/p>\n","protected":false},"author":3,"featured_media":0,"comment_status":"open","ping_status":"open","sticky":false,"template":"","format":"standard","meta":{"footnotes":""},"categories":[23],"tags":[],"class_list":["post-231336","post","type-post","status-publish","format-standard","hentry","category-internacional"],"_links":{"self":[{"href":"https:\/\/diariodominicano.com\/index.php?rest_route=\/wp\/v2\/posts\/231336","targetHints":{"allow":["GET"]}}],"collection":[{"href":"https:\/\/diariodominicano.com\/index.php?rest_route=\/wp\/v2\/posts"}],"about":[{"href":"https:\/\/diariodominicano.com\/index.php?rest_route=\/wp\/v2\/types\/post"}],"author":[{"embeddable":true,"href":"https:\/\/diariodominicano.com\/index.php?rest_route=\/wp\/v2\/users\/3"}],"replies":[{"embeddable":true,"href":"https:\/\/diariodominicano.com\/index.php?rest_route=%2Fwp%2Fv2%2Fcomments&post=231336"}],"version-history":[{"count":0,"href":"https:\/\/diariodominicano.com\/index.php?rest_route=\/wp\/v2\/posts\/231336\/revisions"}],"wp:attachment":[{"href":"https:\/\/diariodominicano.com\/index.php?rest_route=%2Fwp%2Fv2%2Fmedia&parent=231336"}],"wp:term":[{"taxonomy":"category","embeddable":true,"href":"https:\/\/diariodominicano.com\/index.php?rest_route=%2Fwp%2Fv2%2Fcategories&post=231336"},{"taxonomy":"post_tag","embeddable":true,"href":"https:\/\/diariodominicano.com\/index.php?rest_route=%2Fwp%2Fv2%2Ftags&post=231336"}],"curies":[{"name":"wp","href":"https:\/\/api.w.org\/{rel}","templated":true}]}}