{"id":231332,"date":"2018-03-22T14:06:03","date_gmt":"2018-03-22T14:06:03","guid":{"rendered":"http:\/\/diariodominicano.ddns.net\/?p=231332"},"modified":"2018-03-22T14:06:03","modified_gmt":"2018-03-22T14:06:03","slug":"renuncia-principal-abogado-de-trump-en-investigacion-sobre-elecciones","status":"publish","type":"post","link":"https:\/\/diariodominicano.com\/?p=231332","title":{"rendered":"Renuncia principal abogado de Trump en investigaci\u00f3n sobre elecciones"},"content":{"rendered":"<p><body><\/p>\n<p><img decoding=\"async\" src=\"img3\/eeuu-trump-abogado1.jpg\" \/>  <\/p>\n<p><span class=\"text1noticias\">Washington, 22 mar (PL) El abogado John Dowd renunci\u00f3 hoy al trabajo con el presidente estadounidense, Donald Trump, tras encabezar el equipo legal del mandatario en la investigaci\u00f3n sobre una presunta interferencia rusa en las elecciones en 2016.<\/span><\/p>\n<\/p>\n<p><span class=\"text1noticias\">Amo al presidente y le deseo lo mejor, manifest\u00f3 el letrado a la cadena CNN en referencia a su dimisi\u00f3n, que se produce pocos d\u00edas despu\u00e9s de que el jefe de la Casa Blanca intensificara sus ataques contra el fiscal especial Robert Mueller, encargado de la pesquisa sobre los comicios.<\/span><\/p>\n<\/p>\n<p><span class=\"text1noticias\">&#8216;John Dowd ha sido un miembro valioso de nuestro equipo y continuaremos nuestra cooperaci\u00f3n continua con la oficina del fiscal especial con respecto a esta investigaci\u00f3n&#8217;, dijo Jay Sekulow, otro integrante del personal legal del gobernante.<\/span><\/p>\n<\/p>\n<p><span class=\"text1noticias\">De acuerdo con el portal Politico, Dowd lideraba las negociaciones para una posible entrevista a Trump como parte de la indagaci\u00f3n sobre una supuesta interferencia electoral rusa y una presunta complicidad con la campa\u00f1a del jefe de Estado.<\/span><\/p>\n<\/p>\n<p><span class=\"text1noticias\">El pasado fin de semana Dowd desat\u00f3 gran controversia cuando llam\u00f3 a finalizar el trabajo de Mueller.<\/span><\/p>\n<\/p>\n<p><span class=\"text1noticias\">Rezo para que el vicefiscal general, Rod Rosenstein, ponga fin a la investigaci\u00f3n de colusi\u00f3n con Rusia fabricada por James Comey -exdirector del Bur\u00f3 Federal de Investigaciones (FBI) despedido por Trump en mayo de 2017-, manifest\u00f3 el abogado el s\u00e1bado \u00faltimo.<\/span><\/p>\n<\/p>\n<p><span class=\"text1noticias\">Aunque en un segundo momento Dowd sostuvo que realiz\u00f3 tal declaraci\u00f3n a t\u00edtulo personal, inicialmente indic\u00f3 que estaba hablando en nombre del presidente.<\/span><\/p>\n<\/p>\n<p><span class=\"text1noticias\">Luego de tales comentarios, Trump recurri\u00f3 varias veces a la red social Twitter para arremeter directamente contra Mueller, su investigaci\u00f3n y la anterior dirigencia del FBI, despu\u00e9s de que Andrew McCabe, exsubdirector de esa agencia federal, fuera despedido el viernes \u00faltimo.<\/span><\/p>\n<\/p>\n<p><span class=\"text1noticias\">&#8216;La investigaci\u00f3n de Mueller nunca debi\u00f3 haberse iniciado porque no hubo colusi\u00f3n y no hubo delito&#8217;, escribi\u00f3 el s\u00e1bado el gobernante republicano.<\/span><\/p>\n<\/p>\n<p><span class=\"text1noticias\">De acuerdo con el jefe de la Casa Blanca, el inicio de esa pesquisa se bas\u00f3 &#8216;en actividades fraudulentas y un dossier falso&#8217; pagado por la &#8216;deshonesta Hillary Clinton&#8217;, su rival en las elecciones de hace dos a\u00f1os, y el Comit\u00e9 Nacional Dem\u00f3crata.<\/span><\/p>\n<\/p>\n<p><span class=\"text1noticias\">Al d\u00eda siguiente lanz\u00f3 nuevos ataques que llevaron a medios de prensa y analistas a considerar que el mandatario buscaba el despido de Mueller, algo que la mansi\u00f3n ejecutiva trat\u00f3 de descartar.<\/span><\/p>\n<\/p>\n<p><span class=\"text1noticias\">Tras la salida de Dowd, no est\u00e1 claro de inmediato qui\u00e9n se har\u00eda cargo como principal abogado personal del presidente, pero esta semana Trump contrat\u00f3 a un nuevo letrado, Joseph di Genova, para unirse a su equipo legal.<\/span><\/p>\n<\/p>\n<p><span class=\"text1noticias\">Esta figura ha dicho p\u00fablicamente que al gobernante se le tendi\u00f3 una trampa por parte del FBI y los funcionarios del Departamento de Justicia.<\/span><\/p>\n<\/p>\n<h6> 2018-03-22 14:06:03 <\/h6>\n<p><!--\n<link rel=\"stylesheet\" href=\"css\/bootstrap.min.css\">\n\n\n<ul class=\"pagination\">\n\t    \n\t\n\n<li >\n\t<a href='?page_no=10954'>Previous<\/a>\n\t<\/li>\n\n\n       \n    \n\n<li><a href='?page_no=1'>1<\/a><\/li>\n\n\n\n<li><a href='?page_no=2'>2<\/a><\/li>\n\n\n\n<li><a>...<\/a><\/li>\n\n\n\n<li><a href='?page_no=10953'>10953<\/a><\/li>\n\n\n\n<li><a href='?page_no=10954'>10954<\/a><\/li>\n\n\n\n<li class='active'><a>10955<\/a><\/li>\n\n\n\n<li><a href='?page_no=10956'>10956<\/a><\/li>\n\n\n\n<li><a href='?page_no=10957'>10957<\/a><\/li>\n\n\n\n<li><a>...<\/a><\/li>\n\n\n\n<li><a href='?page_no=51012'>51012<\/a><\/li>\n\n\n\n<li><a href='?page_no=51013'>51013<\/a><\/li>\n\n    \n\t\n\n<li >\n\t<a href='?page_no=10956'>Next<\/a>\n\t<\/li>\n\n\n    \n\n<li><a href='?page_no=51013'>Last &rsaquo;&rsaquo;<\/a><\/li>\n\n<\/ul>\n\n\n--><br \/>\n<\/body><\/p>\n","protected":false},"excerpt":{"rendered":"<p>Washington, 22 mar (PL) El abogado John Dowd renunci\u00f3 hoy al trabajo con el presidente estadounidense, Donald Trump, tras encabezar el equipo legal del mandatario en la investigaci\u00f3n sobre una presunta interferencia rusa en las elecciones en 2016. Amo al presidente y le deseo lo mejor, manifest\u00f3 el letrado a la cadena CNN en referencia [&hellip;]<\/p>\n","protected":false},"author":3,"featured_media":0,"comment_status":"open","ping_status":"open","sticky":false,"template":"","format":"standard","meta":{"footnotes":""},"categories":[23],"tags":[],"class_list":["post-231332","post","type-post","status-publish","format-standard","hentry","category-internacional"],"_links":{"self":[{"href":"https:\/\/diariodominicano.com\/index.php?rest_route=\/wp\/v2\/posts\/231332","targetHints":{"allow":["GET"]}}],"collection":[{"href":"https:\/\/diariodominicano.com\/index.php?rest_route=\/wp\/v2\/posts"}],"about":[{"href":"https:\/\/diariodominicano.com\/index.php?rest_route=\/wp\/v2\/types\/post"}],"author":[{"embeddable":true,"href":"https:\/\/diariodominicano.com\/index.php?rest_route=\/wp\/v2\/users\/3"}],"replies":[{"embeddable":true,"href":"https:\/\/diariodominicano.com\/index.php?rest_route=%2Fwp%2Fv2%2Fcomments&post=231332"}],"version-history":[{"count":0,"href":"https:\/\/diariodominicano.com\/index.php?rest_route=\/wp\/v2\/posts\/231332\/revisions"}],"wp:attachment":[{"href":"https:\/\/diariodominicano.com\/index.php?rest_route=%2Fwp%2Fv2%2Fmedia&parent=231332"}],"wp:term":[{"taxonomy":"category","embeddable":true,"href":"https:\/\/diariodominicano.com\/index.php?rest_route=%2Fwp%2Fv2%2Fcategories&post=231332"},{"taxonomy":"post_tag","embeddable":true,"href":"https:\/\/diariodominicano.com\/index.php?rest_route=%2Fwp%2Fv2%2Ftags&post=231332"}],"curies":[{"name":"wp","href":"https:\/\/api.w.org\/{rel}","templated":true}]}}