{"id":231330,"date":"2018-03-22T14:23:55","date_gmt":"2018-03-22T14:23:55","guid":{"rendered":"http:\/\/diariodominicano.ddns.net\/?p=231330"},"modified":"2018-03-22T14:23:55","modified_gmt":"2018-03-22T14:23:55","slug":"inicia-presidente-surcoreano-visita-a-vietnam","status":"publish","type":"post","link":"https:\/\/diariodominicano.com\/?p=231330","title":{"rendered":"Inicia presidente surcoreano visita a Vietnam"},"content":{"rendered":"<p><body><\/p>\n<p><img decoding=\"async\" src=\"img3\/Vietnam-Moon-Jae-In.jpg\" \/>  <\/p>\n<p>Hanoi, 22 mar (PL) El presidente de Corea del Sur, Moon Jae In, inici\u00f3 hoy una visita oficial de tres d\u00edas a Vietnam, su primera en el cargo a este pa\u00eds, para atender a una invitaci\u00f3n de su colega Tran Dai Quang.<\/p>\n<\/p>\n<p>Adem\u00e1s de su esposa, lo acompa\u00f1an el viceprimer ministro y titular de Finanzas, Kim Dong-yeon, y los jefes de las carteras de Exteriores, Kang Kyung-wha; Ciencia, Tecnolog\u00eda, Informaci\u00f3n y Comunicaciones, You Young-min; Comercio y Energ\u00eda, Paik Un-gyu; y Tierra, Infraestructuras y Transporte, Kim Hyun-Mee, entre otros funcionarios.<\/p>\n<\/p>\n<p>Durante su estancia aqu\u00ed hasta el s\u00e1bado, el dignatario sostendr\u00e1 conversaciones oficiales con Dai Quang y se entrevistar\u00e1 por separado con el secretario general del Partido Comunista, Nguyen Phu Trong, el primer ministro Nguyen Xuan Phuc, y la presidenta de la Asamblea Nacional, Nguyen Thi Kim Ngan.<\/p>\n<\/p>\n<p>Tambi\u00e9n se reunir\u00e1 con el equipo de f\u00fatbol Sub-23 de Vietnam, que bajo la direcci\u00f3n del entrenador surcoreano Park Hang-seo conquist\u00f3 fuera de todo pron\u00f3stico la medalla de plata en el Campeonato Asi\u00e1tico de esa disciplina.<\/p>\n<\/p>\n<p>La visita de Moon Jae In, tambi\u00e9n su primera del a\u00f1o a otro pa\u00eds, ha estado rodeado de grandes expectativas dado el nivel que han alcanzado las relaciones bilaterales, sobre todo tras la firma un acuerdo de asociaci\u00f3n integral en el 2001 y de asociaci\u00f3n estrat\u00e9gica en el 2009.<\/p>\n<\/p>\n<p>Ambos gobiernos tienen la intenci\u00f3n de aumentar los intercambios comerciales a 100 mil millones de d\u00f3lares en el 2020, desde sus actuales 63 mil 900 millones.<\/p>\n<\/p>\n<p>Corea del Sur es el mayor inversor extranjero en Vietnam con m\u00e1s de 57 mil millones de d\u00f3lares, casi la cuarta parte del total de capitales for\u00e1neos colocados en la naci\u00f3n indochina.<\/p>\n<h6> 2018-03-22 14:23:55 <\/h6>\n<p><!--\n<link rel=\"stylesheet\" href=\"css\/bootstrap.min.css\">\n\n\n<ul class=\"pagination\">\n\t    \n\t\n\n<li >\n\t<a href='?page_no=10952'>Previous<\/a>\n\t<\/li>\n\n\n       \n    \n\n<li><a href='?page_no=1'>1<\/a><\/li>\n\n\n\n<li><a href='?page_no=2'>2<\/a><\/li>\n\n\n\n<li><a>...<\/a><\/li>\n\n\n\n<li><a href='?page_no=10951'>10951<\/a><\/li>\n\n\n\n<li><a href='?page_no=10952'>10952<\/a><\/li>\n\n\n\n<li class='active'><a>10953<\/a><\/li>\n\n\n\n<li><a href='?page_no=10954'>10954<\/a><\/li>\n\n\n\n<li><a href='?page_no=10955'>10955<\/a><\/li>\n\n\n\n<li><a>...<\/a><\/li>\n\n\n\n<li><a href='?page_no=51012'>51012<\/a><\/li>\n\n\n\n<li><a href='?page_no=51013'>51013<\/a><\/li>\n\n    \n\t\n\n<li >\n\t<a href='?page_no=10954'>Next<\/a>\n\t<\/li>\n\n\n    \n\n<li><a href='?page_no=51013'>Last &rsaquo;&rsaquo;<\/a><\/li>\n\n<\/ul>\n\n\n--><br \/>\n<\/body><\/p>\n","protected":false},"excerpt":{"rendered":"<p>Hanoi, 22 mar (PL) El presidente de Corea del Sur, Moon Jae In, inici\u00f3 hoy una visita oficial de tres d\u00edas a Vietnam, su primera en el cargo a este pa\u00eds, para atender a una invitaci\u00f3n de su colega Tran Dai Quang. Adem\u00e1s de su esposa, lo acompa\u00f1an el viceprimer ministro y titular de Finanzas, [&hellip;]<\/p>\n","protected":false},"author":3,"featured_media":0,"comment_status":"open","ping_status":"open","sticky":false,"template":"","format":"standard","meta":{"footnotes":""},"categories":[23],"tags":[],"class_list":["post-231330","post","type-post","status-publish","format-standard","hentry","category-internacional"],"_links":{"self":[{"href":"https:\/\/diariodominicano.com\/index.php?rest_route=\/wp\/v2\/posts\/231330","targetHints":{"allow":["GET"]}}],"collection":[{"href":"https:\/\/diariodominicano.com\/index.php?rest_route=\/wp\/v2\/posts"}],"about":[{"href":"https:\/\/diariodominicano.com\/index.php?rest_route=\/wp\/v2\/types\/post"}],"author":[{"embeddable":true,"href":"https:\/\/diariodominicano.com\/index.php?rest_route=\/wp\/v2\/users\/3"}],"replies":[{"embeddable":true,"href":"https:\/\/diariodominicano.com\/index.php?rest_route=%2Fwp%2Fv2%2Fcomments&post=231330"}],"version-history":[{"count":0,"href":"https:\/\/diariodominicano.com\/index.php?rest_route=\/wp\/v2\/posts\/231330\/revisions"}],"wp:attachment":[{"href":"https:\/\/diariodominicano.com\/index.php?rest_route=%2Fwp%2Fv2%2Fmedia&parent=231330"}],"wp:term":[{"taxonomy":"category","embeddable":true,"href":"https:\/\/diariodominicano.com\/index.php?rest_route=%2Fwp%2Fv2%2Fcategories&post=231330"},{"taxonomy":"post_tag","embeddable":true,"href":"https:\/\/diariodominicano.com\/index.php?rest_route=%2Fwp%2Fv2%2Ftags&post=231330"}],"curies":[{"name":"wp","href":"https:\/\/api.w.org\/{rel}","templated":true}]}}