{"id":231328,"date":"2018-03-23T01:21:34","date_gmt":"2018-03-23T01:21:34","guid":{"rendered":"http:\/\/diariodominicano.ddns.net\/?p=231328"},"modified":"2018-03-23T01:21:34","modified_gmt":"2018-03-23T01:21:34","slug":"panama-destaca-su-potencial-hidrico-en-dia-mundial-del-agua","status":"publish","type":"post","link":"https:\/\/diariodominicano.com\/?p=231328","title":{"rendered":"Panam\u00e1 destaca su potencial h\u00eddrico en D\u00eda Mundial del Agua"},"content":{"rendered":"<p><body><\/p>\n<p><strong> <\/strong><\/p>\n<p><strong>   Por Luis Alberto Sierra G.<\/strong><\/p>\n<p><strong>   PANAMA, 22 mar (Xinhua) &#8211;<\/strong>&#8211; Panam\u00e1, con unos 500 r\u00edos principales y 30.000 cursos de agua permanentes y no permanentes, tiene potencial para constituirse en un \u00abhub (centro de conexiones) alimentario\u00bb y apoyar a otros pa\u00edses, afirmaron hoy jueves expertos.<\/p>\n<\/p>\n<p>   El ministro paname\u00f1o de Desarrollo Agropecuario, Eduardo Carles, dijo que el objetivo de su pa\u00eds es el de convertirse en un productor agroexportador.<\/p>\n<\/p>\n<p>   Agreg\u00f3 que sus caracter\u00edsticas h\u00eddricas le dan la posibilidad de constituirse adem\u00e1s en \u00abun actor importante para resolver el cuestionamiento sobre c\u00f3mo alimentar al mundo\u00bb.<\/p>\n<\/p>\n<p>   Carles particip\u00f3 en el encuentro \u00abPanam\u00e1 Frente a los Riesgos del Cambio Clim\u00e1tico, Sequ\u00edas e Inundaciones\u00bb, organizado por el ministerio de Ambiente en la sede del Parlamento Centroamericano y Caribe\u00f1o (Parlatino), en Ciudad de Panam\u00e1, con motivo del D\u00eda Mundial del Agua.<\/p>\n<\/p>\n<p>   El ministro mencion\u00f3 que una de las estrategias del gobierno es respaldar la agricultura familiar para que los productores de menos de 30 hect\u00e1reas tengan las herramientas financieras y el apoyo para la realizaci\u00f3n de proyectos.<\/p>\n<\/p>\n<p>   En el mismo encuentro, el ministro paname\u00f1o de Ambiente, Emilio Sempris, ampli\u00f3 la idea en di\u00e1logo con Xinhua al asegurar que Panam\u00e1 tiene el agua que otros pa\u00edses no.<\/p>\n<\/p>\n<p>   \u00abDebemos producir a mucho menor costo, ya que no tenemos que hacer esas grandes inversiones en agua para lograr la misma productividad por hect\u00e1rea\u00bb, explic\u00f3.<\/p>\n<\/p>\n<p>   Sempris subray\u00f3, sin embargo, que existen amenazas en cuanto al manejo y conservaci\u00f3n del agua, debido al cambio clim\u00e1tico y a otros factores de vulnerabilidad como el incremento de las tormentas y el aumento de la temperatura.<\/p>\n<\/p>\n<p>   Record\u00f3 que debido al aumento en el nivel del mar existe un programa para el traslado del \u00e1rea isle\u00f1a a la zona continental de miembros de las comunidades en la comarca ind\u00edgena de Guna Yala, en el Caribe paname\u00f1o, lo cual implica todo un proceso sociocultural.<\/p>\n<\/p>\n<p>   Respecto a la aspiraci\u00f3n de ser un \u00abhub alimentario\u00bb, Sempris record\u00f3 que Panam\u00e1 trabaja en la producci\u00f3n de semillas para la seguridad alimentaria, mientras que otros pa\u00edses buscan la optimizaci\u00f3n de las semillas.<\/p>\n<\/p>\n<p>   \u00abVamos a seguir siendo usuarios de ese tipo de conocimientos hasta que a trav\u00e9s del Idiap (Instituto de Investigaci\u00f3n Agropecuaria de Panam\u00e1) logremos las capacidades para establecer semillas mucho m\u00e1s productivas\u00bb, sostuvo.<\/p>\n<\/p>\n<p>   Sempris coincidi\u00f3 en la necesidad de lograr que los reservorios de agua sean multiprop\u00f3sitos para el suministro de agua y energ\u00eda.<\/p>\n<\/p>\n<p>   El funcionario consider\u00f3 un obst\u00e1culo la intermitencia en el acceso al agua que experimenta Panam\u00e1, al participar en un foro que abord\u00f3 la labor del Consejo Nacional del Agua (Conagua) para el acceso equitativo del l\u00edquido a toda la poblaci\u00f3n y el apoyo al Plan Nacional de Seguridad H\u00eddrica 2015-2050.<\/p>\n<\/p>\n<p>   Los expositores subrayaron adem\u00e1s el valor del agua para la operaci\u00f3n del Canal de Panam\u00e1, v\u00eda por la que transita cerca de 6 por ciento del comercio global y cuyo sistema de esclusas depende del agua para elevar o bajar el nivel de un barco en su tr\u00e1nsito.<\/p>\n<\/p>\n<p>   Seg\u00fan datos de la Autoridad del Canal de Panam\u00e1 (ACP), a cargo del manejo de la v\u00eda acu\u00e1tica desde fines de 1999, tras el retiro militar estadounidense de las orillas de la v\u00eda en cumplimiento de los Tratados Torrijos-Carter de 1977, la cuenca hidrogr\u00e1fica del Canal de Panam\u00e1 cuenta con 3.338 kil\u00f3metros cuadrados de extensi\u00f3n.<\/p>\n<\/p>\n<p>   El gerente de recursos h\u00eddricos de la ACP, Johnny Cuevas, dijo por su parte que el Canal de Panam\u00e1 y su cuenca enfrentan retos, debido a la competencia en el uso del agua, la necesidad de nuevas fuentes h\u00eddricas y la falta de una conciencia ciudadana sobre la conservaci\u00f3n del agua. <\/p>\n<\/p>\n<p>   Cuevas se refiri\u00f3 a los reservorios multiprop\u00f3sitos de agua que permiten diferentes usos del recurso, como la mejor alternativa para la mitigaci\u00f3n del cambio clim\u00e1tico.<\/p>\n<\/p>\n<p>   En mayo del a\u00f1o pasado, el administrador del Canal de Panam\u00e1, Jorge Quijano, declar\u00f3 a Xinhua que la administraci\u00f3n de la v\u00eda busca alternativas con otros actores para contar con nuevas fuentes de agua que ayuden a mitigar posibles efectos del cambio clim\u00e1tico. Fin<\/p>\n<\/p>\n<h6> 2018-03-23 01:21:34 <\/h6>\n<p><!--\n<link rel=\"stylesheet\" href=\"css\/bootstrap.min.css\">\n\n\n<ul class=\"pagination\">\n\t    \n\t\n\n<li >\n\t<a href='?page_no=10950'>Previous<\/a>\n\t<\/li>\n\n\n       \n    \n\n<li><a href='?page_no=1'>1<\/a><\/li>\n\n\n\n<li><a href='?page_no=2'>2<\/a><\/li>\n\n\n\n<li><a>...<\/a><\/li>\n\n\n\n<li><a href='?page_no=10949'>10949<\/a><\/li>\n\n\n\n<li><a href='?page_no=10950'>10950<\/a><\/li>\n\n\n\n<li class='active'><a>10951<\/a><\/li>\n\n\n\n<li><a href='?page_no=10952'>10952<\/a><\/li>\n\n\n\n<li><a href='?page_no=10953'>10953<\/a><\/li>\n\n\n\n<li><a>...<\/a><\/li>\n\n\n\n<li><a href='?page_no=51012'>51012<\/a><\/li>\n\n\n\n<li><a href='?page_no=51013'>51013<\/a><\/li>\n\n    \n\t\n\n<li >\n\t<a href='?page_no=10952'>Next<\/a>\n\t<\/li>\n\n\n    \n\n<li><a href='?page_no=51013'>Last &rsaquo;&rsaquo;<\/a><\/li>\n\n<\/ul>\n\n\n--><br \/>\n<\/body><\/p>\n","protected":false},"excerpt":{"rendered":"<p>Por Luis Alberto Sierra G. PANAMA, 22 mar (Xinhua) &#8211;&#8211; Panam\u00e1, con unos 500 r\u00edos principales y 30.000 cursos de agua permanentes y no permanentes, tiene potencial para constituirse en un \u00abhub (centro de conexiones) alimentario\u00bb y apoyar a otros pa\u00edses, afirmaron hoy jueves expertos. El ministro paname\u00f1o de Desarrollo Agropecuario, Eduardo Carles, dijo que [&hellip;]<\/p>\n","protected":false},"author":3,"featured_media":0,"comment_status":"open","ping_status":"open","sticky":false,"template":"","format":"standard","meta":{"footnotes":""},"categories":[23],"tags":[],"class_list":["post-231328","post","type-post","status-publish","format-standard","hentry","category-internacional"],"_links":{"self":[{"href":"https:\/\/diariodominicano.com\/index.php?rest_route=\/wp\/v2\/posts\/231328","targetHints":{"allow":["GET"]}}],"collection":[{"href":"https:\/\/diariodominicano.com\/index.php?rest_route=\/wp\/v2\/posts"}],"about":[{"href":"https:\/\/diariodominicano.com\/index.php?rest_route=\/wp\/v2\/types\/post"}],"author":[{"embeddable":true,"href":"https:\/\/diariodominicano.com\/index.php?rest_route=\/wp\/v2\/users\/3"}],"replies":[{"embeddable":true,"href":"https:\/\/diariodominicano.com\/index.php?rest_route=%2Fwp%2Fv2%2Fcomments&post=231328"}],"version-history":[{"count":0,"href":"https:\/\/diariodominicano.com\/index.php?rest_route=\/wp\/v2\/posts\/231328\/revisions"}],"wp:attachment":[{"href":"https:\/\/diariodominicano.com\/index.php?rest_route=%2Fwp%2Fv2%2Fmedia&parent=231328"}],"wp:term":[{"taxonomy":"category","embeddable":true,"href":"https:\/\/diariodominicano.com\/index.php?rest_route=%2Fwp%2Fv2%2Fcategories&post=231328"},{"taxonomy":"post_tag","embeddable":true,"href":"https:\/\/diariodominicano.com\/index.php?rest_route=%2Fwp%2Fv2%2Ftags&post=231328"}],"curies":[{"name":"wp","href":"https:\/\/api.w.org\/{rel}","templated":true}]}}