{"id":231325,"date":"2018-03-23T07:18:51","date_gmt":"2018-03-23T07:18:51","guid":{"rendered":"http:\/\/diariodominicano.ddns.net\/?p=231325"},"modified":"2018-03-23T07:18:51","modified_gmt":"2018-03-23T07:18:51","slug":"lopez-obrador-y-albert-gore-intercambian-sobre-cambio-climatico","status":"publish","type":"post","link":"https:\/\/diariodominicano.com\/?p=231325","title":{"rendered":"L\u00f3pez Obrador y Albert Gore intercambian sobre cambio clim\u00e1tico"},"content":{"rendered":"<p><body><\/p>\n<p><span class=\"text1noticias\">M\u00e9xico, 23 mar (PL) El candidato presidencial de la coalici\u00f3n \u00bbJuntos Haremos Historia\u00bb, Andr\u00e9s Manuel L\u00f3pez Obrador, se reuni\u00f3 con Albert Gore, exvicepresidente de Estados Unidos de visita aqu\u00ed, trascendi\u00f3 hoy.<\/span><\/p>\n<p><span class=\"text1noticias\"> <\/span><\/p>\n<p><span class=\"text1noticias\">&#8216;Hicimos el compromiso de trabajar juntos para promover el desarrollo de energ\u00edas renovables (solar, e\u00f3licas e hidr\u00e1ulicas) como opci\u00f3n ecol\u00f3gica y frente al cambio clim\u00e1tico&#8217;, inform\u00f3 L\u00f3pez Obrador en redes sociales.<\/span><\/p>\n<p><span class=\"text1noticias\"> <\/span><\/p>\n<p><span class=\"text1noticias\">Gore, Premio Nobel de la Paz, se encuentra en la Ciudad de M\u00e9xico, donde se lleva a cabo el 37 Entrenamiento para L\u00edders Climate Reality Leadrship Corps de The Climate Reality Project, de la cual es director.<\/span><\/p>\n<p><span class=\"text1noticias\"> <\/span><\/p>\n<p><span class=\"text1noticias\">L\u00f3pez Obrador va por su tercer intento para la presidencia de la Rep\u00fablica en los comicios del 1 de julio, con el respaldo del Movimiento de Regeneraci\u00f3n Nacional y los partidos del Trabajo y Encuentro Soci<\/span>al.<\/p>\n<h6> 2018-03-23 07:18:51 <\/h6>\n<p><!--\n<link rel=\"stylesheet\" href=\"css\/bootstrap.min.css\">\n\n\n<ul class=\"pagination\">\n\t    \n\t\n\n<li >\n\t<a href='?page_no=10948'>Previous<\/a>\n\t<\/li>\n\n\n       \n    \n\n<li><a href='?page_no=1'>1<\/a><\/li>\n\n\n\n<li><a href='?page_no=2'>2<\/a><\/li>\n\n\n\n<li><a>...<\/a><\/li>\n\n\n\n<li><a href='?page_no=10947'>10947<\/a><\/li>\n\n\n\n<li><a href='?page_no=10948'>10948<\/a><\/li>\n\n\n\n<li class='active'><a>10949<\/a><\/li>\n\n\n\n<li><a href='?page_no=10950'>10950<\/a><\/li>\n\n\n\n<li><a href='?page_no=10951'>10951<\/a><\/li>\n\n\n\n<li><a>...<\/a><\/li>\n\n\n\n<li><a href='?page_no=51012'>51012<\/a><\/li>\n\n\n\n<li><a href='?page_no=51013'>51013<\/a><\/li>\n\n    \n\t\n\n<li >\n\t<a href='?page_no=10950'>Next<\/a>\n\t<\/li>\n\n\n    \n\n<li><a href='?page_no=51013'>Last &rsaquo;&rsaquo;<\/a><\/li>\n\n<\/ul>\n\n\n--><br \/>\n<\/body><\/p>\n","protected":false},"excerpt":{"rendered":"<p>M\u00e9xico, 23 mar (PL) El candidato presidencial de la coalici\u00f3n \u00bbJuntos Haremos Historia\u00bb, Andr\u00e9s Manuel L\u00f3pez Obrador, se reuni\u00f3 con Albert Gore, exvicepresidente de Estados Unidos de visita aqu\u00ed, trascendi\u00f3 hoy. &#8216;Hicimos el compromiso de trabajar juntos para promover el desarrollo de energ\u00edas renovables (solar, e\u00f3licas e hidr\u00e1ulicas) como opci\u00f3n ecol\u00f3gica y frente al cambio [&hellip;]<\/p>\n","protected":false},"author":3,"featured_media":0,"comment_status":"open","ping_status":"open","sticky":false,"template":"","format":"standard","meta":{"footnotes":""},"categories":[23],"tags":[],"class_list":["post-231325","post","type-post","status-publish","format-standard","hentry","category-internacional"],"_links":{"self":[{"href":"https:\/\/diariodominicano.com\/index.php?rest_route=\/wp\/v2\/posts\/231325","targetHints":{"allow":["GET"]}}],"collection":[{"href":"https:\/\/diariodominicano.com\/index.php?rest_route=\/wp\/v2\/posts"}],"about":[{"href":"https:\/\/diariodominicano.com\/index.php?rest_route=\/wp\/v2\/types\/post"}],"author":[{"embeddable":true,"href":"https:\/\/diariodominicano.com\/index.php?rest_route=\/wp\/v2\/users\/3"}],"replies":[{"embeddable":true,"href":"https:\/\/diariodominicano.com\/index.php?rest_route=%2Fwp%2Fv2%2Fcomments&post=231325"}],"version-history":[{"count":0,"href":"https:\/\/diariodominicano.com\/index.php?rest_route=\/wp\/v2\/posts\/231325\/revisions"}],"wp:attachment":[{"href":"https:\/\/diariodominicano.com\/index.php?rest_route=%2Fwp%2Fv2%2Fmedia&parent=231325"}],"wp:term":[{"taxonomy":"category","embeddable":true,"href":"https:\/\/diariodominicano.com\/index.php?rest_route=%2Fwp%2Fv2%2Fcategories&post=231325"},{"taxonomy":"post_tag","embeddable":true,"href":"https:\/\/diariodominicano.com\/index.php?rest_route=%2Fwp%2Fv2%2Ftags&post=231325"}],"curies":[{"name":"wp","href":"https:\/\/api.w.org\/{rel}","templated":true}]}}