{"id":231324,"date":"2018-03-23T08:23:18","date_gmt":"2018-03-23T08:23:18","guid":{"rendered":"http:\/\/diariodominicano.ddns.net\/?p=231324"},"modified":"2018-03-23T08:23:18","modified_gmt":"2018-03-23T08:23:18","slug":"al-menos-un-muerto-en-toma-de-rehenes-en-el-sur-de-francia","status":"publish","type":"post","link":"https:\/\/diariodominicano.com\/?p=231324","title":{"rendered":"Al menos un muerto en toma de rehenes en el sur de Francia"},"content":{"rendered":"<p><body><\/p>\n<p><img decoding=\"async\" src=\"img3\/francia-rehenes23.jpg\" \/>  <\/p>\n<p><span class=\"text1noticias\">    Par\u00eds, 23 mar (PL) Al menos una persona muri\u00f3 hoy en una toma de rehenes ocurrida en un supermercado del departamento de Aude, en el sur de Francia, una agresi\u00f3n que el primer ministro, Edouard Philippe, calific\u00f3 de acto terrorista.<\/span><\/p>\n<\/p>\n<p><span class=\"text1noticias\">Seg\u00fan los reportes de la prensa local, por el momento se registra un fallecido, en los hechos que siguen en curso en la comuna de Trebes.<\/span><\/p>\n<\/p>\n<p><span class=\"text1noticias\">La Fiscal\u00eda de Par\u00eds abri\u00f3 una investigaci\u00f3n por &#8216;asesinato en relaci\u00f3n con un proyecto terrorista&#8217;, &#8216;intento de asesinato en relaci\u00f3n con un proyecto terrorista&#8217;, &#8216;secuestro en relaci\u00f3n con un proyecto terrorista&#8217; y &#8216;asociaci\u00f3n criminal terrorista&#8217;.<\/span><\/p>\n<\/p>\n<p><span class=\"text1noticias\">La prensa local report\u00f3 que el individuo se identific\u00f3 como &#8216;soldado del Estado Isl\u00e1mico (EI)&#8217; al ingresar al lugar, en el cual se escucharon varios disparos.<\/span><\/p>\n<\/p>\n<p><span class=\"text1noticias\">La prefectura de Aude public\u00f3 en su cuenta de la red social Twitter que una operaci\u00f3n est\u00e1 en marcha y pidi\u00f3 a la poblaci\u00f3n local evitar esa zona, as\u00ed como facilitar el acceso de las fuerzas de seguridad.<\/span><\/p>\n<\/p>\n<p><span class=\"text1noticias\">El ministro de Interior, Gerard Collomb, anunci\u00f3 que se desplazar\u00e1 al sitio de la agresi\u00f3n, mientras el presidente Emmanuel Macron y el primer ministro se mantienen al tanto de la evoluci\u00f3n de los hechos.<\/span><\/p>\n<\/p>\n<p><span class=\"text1noticias\">Adem\u00e1s del ataque en la comuna de Trebes, poco antes en Carcassonne, a una distancia de 15 kil\u00f3metros, se registr\u00f3 un ataque contra un miembro de las Compa\u00f1\u00edas Republicanas de Seguridad.<\/span><\/p>\n<\/p>\n<p><span class=\"text1noticias\">El uniformado hac\u00eda deporte con otros tres colegas y el grupo fue blanco de disparos lanzados por un individuo que los persegu\u00eda en un autom\u00f3vil.<\/span><\/p>\n<\/p>\n<p><span class=\"text1noticias\">Por el momento no se conoce si existe una relaci\u00f3n entre ambos hechos.<\/span><\/p>\n<h6> 2018-03-23 08:23:18 <\/h6>\n<p><!--\n<link rel=\"stylesheet\" href=\"css\/bootstrap.min.css\">\n\n\n<ul class=\"pagination\">\n\t    \n\t\n\n<li >\n\t<a href='?page_no=10947'>Previous<\/a>\n\t<\/li>\n\n\n       \n    \n\n<li><a href='?page_no=1'>1<\/a><\/li>\n\n\n\n<li><a href='?page_no=2'>2<\/a><\/li>\n\n\n\n<li><a>...<\/a><\/li>\n\n\n\n<li><a href='?page_no=10946'>10946<\/a><\/li>\n\n\n\n<li><a href='?page_no=10947'>10947<\/a><\/li>\n\n\n\n<li class='active'><a>10948<\/a><\/li>\n\n\n\n<li><a href='?page_no=10949'>10949<\/a><\/li>\n\n\n\n<li><a href='?page_no=10950'>10950<\/a><\/li>\n\n\n\n<li><a>...<\/a><\/li>\n\n\n\n<li><a href='?page_no=51012'>51012<\/a><\/li>\n\n\n\n<li><a href='?page_no=51013'>51013<\/a><\/li>\n\n    \n\t\n\n<li >\n\t<a href='?page_no=10949'>Next<\/a>\n\t<\/li>\n\n\n    \n\n<li><a href='?page_no=51013'>Last &rsaquo;&rsaquo;<\/a><\/li>\n\n<\/ul>\n\n\n--><br \/>\n<\/body><\/p>\n","protected":false},"excerpt":{"rendered":"<p>Par\u00eds, 23 mar (PL) Al menos una persona muri\u00f3 hoy en una toma de rehenes ocurrida en un supermercado del departamento de Aude, en el sur de Francia, una agresi\u00f3n que el primer ministro, Edouard Philippe, calific\u00f3 de acto terrorista. Seg\u00fan los reportes de la prensa local, por el momento se registra un fallecido, en [&hellip;]<\/p>\n","protected":false},"author":3,"featured_media":0,"comment_status":"open","ping_status":"open","sticky":false,"template":"","format":"standard","meta":{"footnotes":""},"categories":[23],"tags":[],"class_list":["post-231324","post","type-post","status-publish","format-standard","hentry","category-internacional"],"_links":{"self":[{"href":"https:\/\/diariodominicano.com\/index.php?rest_route=\/wp\/v2\/posts\/231324","targetHints":{"allow":["GET"]}}],"collection":[{"href":"https:\/\/diariodominicano.com\/index.php?rest_route=\/wp\/v2\/posts"}],"about":[{"href":"https:\/\/diariodominicano.com\/index.php?rest_route=\/wp\/v2\/types\/post"}],"author":[{"embeddable":true,"href":"https:\/\/diariodominicano.com\/index.php?rest_route=\/wp\/v2\/users\/3"}],"replies":[{"embeddable":true,"href":"https:\/\/diariodominicano.com\/index.php?rest_route=%2Fwp%2Fv2%2Fcomments&post=231324"}],"version-history":[{"count":0,"href":"https:\/\/diariodominicano.com\/index.php?rest_route=\/wp\/v2\/posts\/231324\/revisions"}],"wp:attachment":[{"href":"https:\/\/diariodominicano.com\/index.php?rest_route=%2Fwp%2Fv2%2Fmedia&parent=231324"}],"wp:term":[{"taxonomy":"category","embeddable":true,"href":"https:\/\/diariodominicano.com\/index.php?rest_route=%2Fwp%2Fv2%2Fcategories&post=231324"},{"taxonomy":"post_tag","embeddable":true,"href":"https:\/\/diariodominicano.com\/index.php?rest_route=%2Fwp%2Fv2%2Ftags&post=231324"}],"curies":[{"name":"wp","href":"https:\/\/api.w.org\/{rel}","templated":true}]}}