{"id":231318,"date":"2018-03-23T12:20:31","date_gmt":"2018-03-23T12:20:31","guid":{"rendered":"http:\/\/diariodominicano.ddns.net\/?p=231318"},"modified":"2018-03-23T12:20:31","modified_gmt":"2018-03-23T12:20:31","slug":"ministro-educacion-haiti-evalua-positivamente-primer-ano-de-gestion","status":"publish","type":"post","link":"https:\/\/diariodominicano.com\/?p=231318","title":{"rendered":"Ministro Educaci\u00f3n Hait\u00ed eval\u00faa positivamente primer a\u00f1o de gesti\u00f3n"},"content":{"rendered":"<p><body><\/p>\n<p><img decoding=\"async\" src=\"img3\/Pierre-Ecole.jpg\" \/>  <\/p>\n<p><span class=\"text1noticias\">Puerto Pr\u00edncipe, 23 mar (PL) Pierre Josu\u00e9 Ag\u00e9nor Cadet, ministro de Educaci\u00f3n y Formaci\u00f3n Profesional, dijo sentirse satisfecho con su primer a\u00f1o de gesti\u00f3n, aunque admiti\u00f3 que resta mucho por hacer hoy en materia de funcionamiento.<\/span><\/p>\n<p><span class=\"text1noticias\"> <\/span><\/p>\n<p><span class=\"text1noticias\">Cadet celebra estos 12 meses de mandato con la inauguraci\u00f3n de una veintena de escuelas y la rehabilitaci\u00f3n de otras 300, tras el paso del hurac\u00e1n Mathew en 2016.<\/span><\/p>\n<p><span class=\"text1noticias\"> <\/span><\/p>\n<p><span class=\"text1noticias\">Asimismo, se\u00f1al\u00f3 que se construyen y reparan actualmente unas 50 instituciones educativas en todo el pa\u00eds, y se encuentran en fase final las escuelas secundarias de Corail, Carrefour,-Feuilles y Saint Michel de Lattalaye.<\/span><\/p>\n<p><span class=\"text1noticias\"> <\/span><\/p>\n<p><span class=\"text1noticias\">En cuanto al reconocimiento de los maestros que desde hace varios a\u00f1os imparten clases sin percibir salario, el funcionario se\u00f1al\u00f3 que durante el a\u00f1o se sald\u00f3 la deuda con dos mil 700 docentes con cartas de nombramiento, mientras se integr\u00f3 al sistema educativo otros 180 normalistas.<\/span><\/p>\n<p><span class=\"text1noticias\"> <\/span><\/p>\n<p><span class=\"text1noticias\">M\u00e1s de cinco mil millones de gourdes (78 millones 125 mil d\u00f3lares) gast\u00f3 el sector para sufragar las deudas y rehabilitaciones, subray\u00f3 el titular de Educaci\u00f3n.<\/span><\/p>\n<p><span class=\"text1noticias\"> <\/span><\/p>\n<p><span class=\"text1noticias\">Sin embargo, admiti\u00f3 que contin\u00faa su lucha contra la corrupci\u00f3n y enfatiz\u00f3 que varios casos fueron tramitados a las autoridades competentes.<\/span><\/p>\n<p><span class=\"text1noticias\"> <\/span><\/p>\n<p><span class=\"text1noticias\">Ausentismo escolar, reformas en el sistema educativo y mejoras de la infraestructura de las instituciones, son, al decir de Cadet, algunos de los retos para a\u00f1os posteriores.<\/span><\/p>\n<p><span class=\"text1noticias\"> <\/span><\/p>\n<p><span class=\"text1noticias\">Tambi\u00e9n planea avanzar en la capacitaci\u00f3n de maestros, as\u00ed como fortalecer la cantina escolar y consolidar el sistema de superaci\u00f3n t\u00e9cnico y vocacional.<\/span><\/p>\n<p><span class=\"text1noticias\"> <\/span><\/p>\n<p><span class=\"text1noticias\">Cadet asumi\u00f3 el Ministerio de Educaci\u00f3n el pasado a\u00f1o, con una deuda de 104 millones de d\u00f3lares que dej\u00f3 el Programa de Escolarizaci\u00f3n Universal Obligatoria y Gratuita aplicado por el Gobierno de Michel Martelly (2011-2016).<\/span><\/p>\n<p><span class=\"text1noticias\"> <\/span><\/p>\n<p><span class=\"text1noticias\">Datos del Banco Mundial, advierten que el pa\u00eds cuenta con una de las tasas de escolarizaci\u00f3n m\u00e1s bajas del mundo y solo el 76 por ciento de los ni\u00f1os en edad escolar asisten a clases, mientras que el 22 por ciento de los adolescentes y j\u00f3venes reciben educaci\u00f3n se<\/span>cundaria.<\/p>\n<\/p>\n<p>l<\/p>\n<h6> 2018-03-23 12:20:31 <\/h6>\n<p><!--\n<link rel=\"stylesheet\" href=\"css\/bootstrap.min.css\">\n\n\n<ul class=\"pagination\">\n\t    \n\t\n\n<li >\n\t<a href='?page_no=10941'>Previous<\/a>\n\t<\/li>\n\n\n       \n    \n\n<li><a href='?page_no=1'>1<\/a><\/li>\n\n\n\n<li><a href='?page_no=2'>2<\/a><\/li>\n\n\n\n<li><a>...<\/a><\/li>\n\n\n\n<li><a href='?page_no=10940'>10940<\/a><\/li>\n\n\n\n<li><a href='?page_no=10941'>10941<\/a><\/li>\n\n\n\n<li class='active'><a>10942<\/a><\/li>\n\n\n\n<li><a href='?page_no=10943'>10943<\/a><\/li>\n\n\n\n<li><a href='?page_no=10944'>10944<\/a><\/li>\n\n\n\n<li><a>...<\/a><\/li>\n\n\n\n<li><a href='?page_no=51012'>51012<\/a><\/li>\n\n\n\n<li><a href='?page_no=51013'>51013<\/a><\/li>\n\n    \n\t\n\n<li >\n\t<a href='?page_no=10943'>Next<\/a>\n\t<\/li>\n\n\n    \n\n<li><a href='?page_no=51013'>Last &rsaquo;&rsaquo;<\/a><\/li>\n\n<\/ul>\n\n\n--><br \/>\n<\/body><\/p>\n","protected":false},"excerpt":{"rendered":"<p>Puerto Pr\u00edncipe, 23 mar (PL) Pierre Josu\u00e9 Ag\u00e9nor Cadet, ministro de Educaci\u00f3n y Formaci\u00f3n Profesional, dijo sentirse satisfecho con su primer a\u00f1o de gesti\u00f3n, aunque admiti\u00f3 que resta mucho por hacer hoy en materia de funcionamiento. Cadet celebra estos 12 meses de mandato con la inauguraci\u00f3n de una veintena de escuelas y la rehabilitaci\u00f3n de [&hellip;]<\/p>\n","protected":false},"author":3,"featured_media":0,"comment_status":"open","ping_status":"open","sticky":false,"template":"","format":"standard","meta":{"footnotes":""},"categories":[23],"tags":[],"class_list":["post-231318","post","type-post","status-publish","format-standard","hentry","category-internacional"],"_links":{"self":[{"href":"https:\/\/diariodominicano.com\/index.php?rest_route=\/wp\/v2\/posts\/231318","targetHints":{"allow":["GET"]}}],"collection":[{"href":"https:\/\/diariodominicano.com\/index.php?rest_route=\/wp\/v2\/posts"}],"about":[{"href":"https:\/\/diariodominicano.com\/index.php?rest_route=\/wp\/v2\/types\/post"}],"author":[{"embeddable":true,"href":"https:\/\/diariodominicano.com\/index.php?rest_route=\/wp\/v2\/users\/3"}],"replies":[{"embeddable":true,"href":"https:\/\/diariodominicano.com\/index.php?rest_route=%2Fwp%2Fv2%2Fcomments&post=231318"}],"version-history":[{"count":0,"href":"https:\/\/diariodominicano.com\/index.php?rest_route=\/wp\/v2\/posts\/231318\/revisions"}],"wp:attachment":[{"href":"https:\/\/diariodominicano.com\/index.php?rest_route=%2Fwp%2Fv2%2Fmedia&parent=231318"}],"wp:term":[{"taxonomy":"category","embeddable":true,"href":"https:\/\/diariodominicano.com\/index.php?rest_route=%2Fwp%2Fv2%2Fcategories&post=231318"},{"taxonomy":"post_tag","embeddable":true,"href":"https:\/\/diariodominicano.com\/index.php?rest_route=%2Fwp%2Fv2%2Ftags&post=231318"}],"curies":[{"name":"wp","href":"https:\/\/api.w.org\/{rel}","templated":true}]}}