{"id":231317,"date":"2018-03-23T12:35:35","date_gmt":"2018-03-23T12:35:35","guid":{"rendered":"http:\/\/diariodominicano.ddns.net\/?p=231317"},"modified":"2018-03-23T12:35:35","modified_gmt":"2018-03-23T12:35:35","slug":"presunto-yihadista-mata-a-3-personas-en-francia","status":"publish","type":"post","link":"https:\/\/diariodominicano.com\/?p=231317","title":{"rendered":"Presunto yihadista mata a 3 personas en Francia"},"content":{"rendered":"<p><body><\/p>\n<p><img decoding=\"async\" src=\"img3\/c97ae9cd06f25c3e86e0bedcba7bed3765e3a2d4.jpg\" \/><br \/><img decoding=\"async\" src=\"img3\/c475030c9bbf4184ea344fc5569523b81741ace9.jpg\" \/><br \/><img decoding=\"async\" src=\"img3\/08dc21526e36b2e6a59a6019593e98a15e5e70d1.jpg\" \/>  <\/p>\n<\/p>\n<p>AFP \/ Raymond Roig<\/p>\n<p>Polic\u00eda junto al supermercado Super U de Trebes, en el sur de Francia, este 23 de marzo de 2018, dondelas fuerzas especiales francesas mataron a un hombre que hab\u00eda tomado rehenes, matando a tres personas y dejando cuatro heridas<\/p>\n<p>La polic\u00eda francesa abati\u00f3 este viernes a un hombre que mat\u00f3 a por lo menos tres personas e hiri\u00f3 a cuatro m\u00e1s en un sangriento recorrido que culmin\u00f3 con una toma de rehenes en un gran supermercado del sur de Francia.<\/p>\n<\/p>\n<p>\u00abEl sospechoso rob\u00f3 primero un autom\u00f3vil en Carcasona, matando a un pasajero e hiriendo al conductor, antes de disparar al hombro de un polic\u00eda a proximidad del cuartel situado cerca de all\u00ed. Despu\u00e9s, mat\u00f3 a dos personas durante una toma de rehenes en el supermercado de Trebes\u00bb, cerca de Carcasona, indicaron fuentes de la investigaci\u00f3n.<\/p>\n<\/p>\n<p>Seg\u00fan fuentes de seguridad, el hombre, un marroqu\u00ed de unos 30 a\u00f1os identificado como Redouane Lakdim y vigilado por radicalizaci\u00f3n islamista, entr\u00f3 en el Super U de Trebes a las 11H15 de la ma\u00f1ana (10H15 GMT) y abri\u00f3 fuego.<\/p>\n<\/p>\n<p>Armado supuestamente con cuchillos, un arma corta y granadas, grit\u00f3 \u00abAl\u00e1 Akbar\u00bb (\u00abAl\u00e1 es el m\u00e1s grande\u00bb) al entrar en el comercio, seg\u00fan un testigo de los hechos.<\/p>\n<\/p>\n<p>\u00abUn hombre grit\u00f3 y empez\u00f3 a disparar varias veces\u00bb, asegur\u00f3 un cliente del supermercado a la radio FranceInfo. \u00abVi la puerta de una c\u00e1mara frigor\u00edfica y le ped\u00ed a la gente que viniera a refugiarse all\u00ed. \u00c9ramos 10 y nos quedamos una hora. Hubo m\u00e1s disparos y salimos por la puerta de emergencia trasera\u00bb, cont\u00f3.<\/p>\n<\/p>\n<p>AFP \/ Sabrina BLANCHARD<\/p>\n<p>Toma de rehenes en Francia<\/p>\n<p>Despu\u00e9s de que salieran los dem\u00e1s rehenes, el atacante se atrincher\u00f3 en el supermercado con un gendarme que result\u00f3 herido durante la operaci\u00f3n de las fuerzas de seguridad para matar al sospechoso.<\/p>\n<\/p>\n<p>Un militar que particip\u00f3 en el asalto a la tienda tambi\u00e9n sufri\u00f3 una herida de bala.<\/p>\n<\/p>\n<p>&#8211; Presunto &#8216;ataque terrorista&#8217; &#8211;<\/p>\n<\/p>\n<p>\u00abTodo apunta a que se trata de un ataque terrorista\u00bb, declar\u00f3 desde Bruselas el presidente franc\u00e9s, Emmanuel Macron, que asegur\u00f3 su inminente regreso a Par\u00eds.<\/p>\n<\/p>\n<p>El atacante dijo actuar en nombre del grupo Estado Isl\u00e1mico, seg\u00fan la fiscal\u00eda.<\/p>\n<\/p>\n<p>AFP \/ Valentina BRESCHI<\/p>\n<p>Desarrollo de los ataques en Carcasona y Trebes<\/p>\n<p>Si se confirma el v\u00ednculo con el Estado Isl\u00e1mico, este ataque ser\u00eda el primero importante desde la elecci\u00f3n del presidente Emmanuel Macron en mayo pasado.<\/p>\n<\/p>\n<p>Esos ataques ocurrieron mientras Francia segu\u00eda en alerta tras una serie de atentados desde el ataque contra la sede del semanario sat\u00edrico Charlie Hebdo en enero de 2015, que dej\u00f3 12 muertos.<\/p>\n<\/p>\n<p>La ola de atentados yihadistas dej\u00f3 un total de 238 muertos y cientos de heridos en 2015 y 2016. Varios de esos ataques o intentos de ataque apuntaron a militares o polic\u00edas.<\/p>\n<\/p>\n<p>Las autoridades temen nuevos atentados a pesar del incremento de las medidas de seguridad instauradas por el gobierno, cuya se\u00f1al m\u00e1s visible es el despliegue de 10.000 polic\u00edas y militares en las calles, estaciones y lugares tur\u00edsticos.<\/p>\n<\/p>\n<p>El grupo Estado Isl\u00e1mico, que ha perdido casi todo el terreno que conquist\u00f3 en Irak y en Siria donde proclam\u00f3 un califato en 2014, amenaza a menudo a Francia en represalia por su participaci\u00f3n en la coalici\u00f3n militar internacional que lucha contra sus combatientes en ambos pa\u00edses.<\/p>\n<\/p>\n<p>El EI llam\u00f3 a atacar a los \u00abinfieles\u00bb en todas partes, y el grupo intenta exportarse en Europa gracias a los yihadistas que regresaron de Siria con el objetivo de realizar ataques en suelo europeo.<\/p>\n<\/p>\n<p>El anterior ataque reivindicado en Francia por el EI hab\u00eda tenido lugar en Marsella, el pasado 1 de octubre. Ese d\u00eda, un tunecino de 29 a\u00f1os, Ahmed Hanachi, mat\u00f3 a dos j\u00f3venes ante la estaci\u00f3n Saint-Charles de la ciudad meridional al grito de \u00abAl\u00e1 Akbar\u00bb, antes de ser abatido por militares.<\/p>\n<h6> 2018-03-23 12:35:35 <\/h6>\n<p><!--\n<link rel=\"stylesheet\" href=\"css\/bootstrap.min.css\">\n\n\n<ul class=\"pagination\">\n\t    \n\t\n\n<li >\n\t<a href='?page_no=10940'>Previous<\/a>\n\t<\/li>\n\n\n       \n    \n\n<li><a href='?page_no=1'>1<\/a><\/li>\n\n\n\n<li><a href='?page_no=2'>2<\/a><\/li>\n\n\n\n<li><a>...<\/a><\/li>\n\n\n\n<li><a href='?page_no=10939'>10939<\/a><\/li>\n\n\n\n<li><a href='?page_no=10940'>10940<\/a><\/li>\n\n\n\n<li class='active'><a>10941<\/a><\/li>\n\n\n\n<li><a href='?page_no=10942'>10942<\/a><\/li>\n\n\n\n<li><a href='?page_no=10943'>10943<\/a><\/li>\n\n\n\n<li><a>...<\/a><\/li>\n\n\n\n<li><a href='?page_no=51012'>51012<\/a><\/li>\n\n\n\n<li><a href='?page_no=51013'>51013<\/a><\/li>\n\n    \n\t\n\n<li >\n\t<a href='?page_no=10942'>Next<\/a>\n\t<\/li>\n\n\n    \n\n<li><a href='?page_no=51013'>Last &rsaquo;&rsaquo;<\/a><\/li>\n\n<\/ul>\n\n\n--><br \/>\n<\/body><\/p>\n","protected":false},"excerpt":{"rendered":"<p>AFP \/ Raymond Roig Polic\u00eda junto al supermercado Super U de Trebes, en el sur de Francia, este 23 de marzo de 2018, dondelas fuerzas especiales francesas mataron a un hombre que hab\u00eda tomado rehenes, matando a tres personas y dejando cuatro heridas La polic\u00eda francesa abati\u00f3 este viernes a un hombre que mat\u00f3 a [&hellip;]<\/p>\n","protected":false},"author":3,"featured_media":0,"comment_status":"open","ping_status":"open","sticky":false,"template":"","format":"standard","meta":{"footnotes":""},"categories":[23],"tags":[],"class_list":["post-231317","post","type-post","status-publish","format-standard","hentry","category-internacional"],"_links":{"self":[{"href":"https:\/\/diariodominicano.com\/index.php?rest_route=\/wp\/v2\/posts\/231317","targetHints":{"allow":["GET"]}}],"collection":[{"href":"https:\/\/diariodominicano.com\/index.php?rest_route=\/wp\/v2\/posts"}],"about":[{"href":"https:\/\/diariodominicano.com\/index.php?rest_route=\/wp\/v2\/types\/post"}],"author":[{"embeddable":true,"href":"https:\/\/diariodominicano.com\/index.php?rest_route=\/wp\/v2\/users\/3"}],"replies":[{"embeddable":true,"href":"https:\/\/diariodominicano.com\/index.php?rest_route=%2Fwp%2Fv2%2Fcomments&post=231317"}],"version-history":[{"count":0,"href":"https:\/\/diariodominicano.com\/index.php?rest_route=\/wp\/v2\/posts\/231317\/revisions"}],"wp:attachment":[{"href":"https:\/\/diariodominicano.com\/index.php?rest_route=%2Fwp%2Fv2%2Fmedia&parent=231317"}],"wp:term":[{"taxonomy":"category","embeddable":true,"href":"https:\/\/diariodominicano.com\/index.php?rest_route=%2Fwp%2Fv2%2Fcategories&post=231317"},{"taxonomy":"post_tag","embeddable":true,"href":"https:\/\/diariodominicano.com\/index.php?rest_route=%2Fwp%2Fv2%2Ftags&post=231317"}],"curies":[{"name":"wp","href":"https:\/\/api.w.org\/{rel}","templated":true}]}}