{"id":231314,"date":"2018-03-23T12:45:34","date_gmt":"2018-03-23T12:45:34","guid":{"rendered":"http:\/\/diariodominicano.ddns.net\/?p=231314"},"modified":"2018-03-23T12:45:34","modified_gmt":"2018-03-23T12:45:34","slug":"congreso-peruano-acuerda-aceptar-la-renuncia-de-kuczynski","status":"publish","type":"post","link":"https:\/\/diariodominicano.com\/?p=231314","title":{"rendered":"Congreso peruano acuerda aceptar la renuncia de Kuczynski"},"content":{"rendered":"<p><body><\/p>\n<p><img decoding=\"async\" src=\"img3\/kuzinski23.jpg\" \/>  <\/p>\n<p><span class=\"text1noticias\">     LIMA, 23 mar (Xinhua) &#8212; El pleno del Congreso peruano acept\u00f3 hoy viernes la renuncia del presidente peruano, Pedro Pablo Kuczynski, despu\u00e9s de un dilatado y pol\u00e9mico debate entre los representantes de las diversas fuerzas pol\u00edticas del \u00f3rgano legislativo unicameral de Per\u00fa.<\/span><\/p>\n<p><span class=\"text1noticias\"> <\/span><\/p>\n<p><span class=\"text1noticias\">     Durante el proceso de votaci\u00f3n, 105 parlamentarios votaron a favor de aceptar la renuncia, 11 se pronunciaron en contra y solamente cuatro legisladores se abstuvieron.<\/span><\/p>\n<p><span class=\"text1noticias\"> <\/span><\/p>\n<p><span class=\"text1noticias\">     Durante el proceso de votaci\u00f3n, el presidente del partido oficialista Peruanos Por el Kambio (PPK), Gilbert Violeta, se levant\u00f3 de su curul y se acerc\u00f3 al presidente del Congreso, Luis Galarreta, para reclamar el contenido de la Resoluci\u00f3n, pero finalmente acept\u00f3 el documento.<\/span><\/p>\n<p><span class=\"text1noticias\"> <\/span><\/p>\n<p><span class=\"text1noticias\">     Con la aceptaci\u00f3n de la renuncia, el Congreso acord\u00f3 tambi\u00e9n declarar la vacancia presidencial, con lo que dej\u00f3 abiertas las puertas para la ceremonia de sucesi\u00f3n del nuevo presidente peruano, Mart\u00edn Vizcarra, quien asumir\u00e1 alrededor del medio d<\/span>\u00eda.<\/p>\n<h6> 2018-03-23 12:45:34 <\/h6>\n<p><!--\n<link rel=\"stylesheet\" href=\"css\/bootstrap.min.css\">\n\n\n<ul class=\"pagination\">\n\t    \n\t\n\n<li >\n\t<a href='?page_no=10938'>Previous<\/a>\n\t<\/li>\n\n\n       \n    \n\n<li><a href='?page_no=1'>1<\/a><\/li>\n\n\n\n<li><a href='?page_no=2'>2<\/a><\/li>\n\n\n\n<li><a>...<\/a><\/li>\n\n\n\n<li><a href='?page_no=10937'>10937<\/a><\/li>\n\n\n\n<li><a href='?page_no=10938'>10938<\/a><\/li>\n\n\n\n<li class='active'><a>10939<\/a><\/li>\n\n\n\n<li><a href='?page_no=10940'>10940<\/a><\/li>\n\n\n\n<li><a href='?page_no=10941'>10941<\/a><\/li>\n\n\n\n<li><a>...<\/a><\/li>\n\n\n\n<li><a href='?page_no=51012'>51012<\/a><\/li>\n\n\n\n<li><a href='?page_no=51013'>51013<\/a><\/li>\n\n    \n\t\n\n<li >\n\t<a href='?page_no=10940'>Next<\/a>\n\t<\/li>\n\n\n    \n\n<li><a href='?page_no=51013'>Last &rsaquo;&rsaquo;<\/a><\/li>\n\n<\/ul>\n\n\n--><br \/>\n<\/body><\/p>\n","protected":false},"excerpt":{"rendered":"<p>LIMA, 23 mar (Xinhua) &#8212; El pleno del Congreso peruano acept\u00f3 hoy viernes la renuncia del presidente peruano, Pedro Pablo Kuczynski, despu\u00e9s de un dilatado y pol\u00e9mico debate entre los representantes de las diversas fuerzas pol\u00edticas del \u00f3rgano legislativo unicameral de Per\u00fa. Durante el proceso de votaci\u00f3n, 105 parlamentarios votaron a favor de aceptar la [&hellip;]<\/p>\n","protected":false},"author":3,"featured_media":0,"comment_status":"open","ping_status":"open","sticky":false,"template":"","format":"standard","meta":{"footnotes":""},"categories":[23],"tags":[],"class_list":["post-231314","post","type-post","status-publish","format-standard","hentry","category-internacional"],"_links":{"self":[{"href":"https:\/\/diariodominicano.com\/index.php?rest_route=\/wp\/v2\/posts\/231314","targetHints":{"allow":["GET"]}}],"collection":[{"href":"https:\/\/diariodominicano.com\/index.php?rest_route=\/wp\/v2\/posts"}],"about":[{"href":"https:\/\/diariodominicano.com\/index.php?rest_route=\/wp\/v2\/types\/post"}],"author":[{"embeddable":true,"href":"https:\/\/diariodominicano.com\/index.php?rest_route=\/wp\/v2\/users\/3"}],"replies":[{"embeddable":true,"href":"https:\/\/diariodominicano.com\/index.php?rest_route=%2Fwp%2Fv2%2Fcomments&post=231314"}],"version-history":[{"count":0,"href":"https:\/\/diariodominicano.com\/index.php?rest_route=\/wp\/v2\/posts\/231314\/revisions"}],"wp:attachment":[{"href":"https:\/\/diariodominicano.com\/index.php?rest_route=%2Fwp%2Fv2%2Fmedia&parent=231314"}],"wp:term":[{"taxonomy":"category","embeddable":true,"href":"https:\/\/diariodominicano.com\/index.php?rest_route=%2Fwp%2Fv2%2Fcategories&post=231314"},{"taxonomy":"post_tag","embeddable":true,"href":"https:\/\/diariodominicano.com\/index.php?rest_route=%2Fwp%2Fv2%2Ftags&post=231314"}],"curies":[{"name":"wp","href":"https:\/\/api.w.org\/{rel}","templated":true}]}}