{"id":231313,"date":"2018-03-23T12:58:55","date_gmt":"2018-03-23T12:58:55","guid":{"rendered":"http:\/\/diariodominicano.ddns.net\/?p=231313"},"modified":"2018-03-23T12:58:55","modified_gmt":"2018-03-23T12:58:55","slug":"trump-amenaza-al-congreso-con-un-nuevo-cierre-del-gobierno","status":"publish","type":"post","link":"https:\/\/diariodominicano.com\/?p=231313","title":{"rendered":"Trump amenaza al Congreso con un nuevo \u00abcierre\u00bb del gobierno"},"content":{"rendered":"<p><body><\/p>\n<\/p>\n<p>AFP \/ Mandel NGAN<\/p>\n<p>El presidente de Estados Unidos, Donald Trump, en la Casa Blanca el 22 de marzo de 2018. El mandatario sorprendi\u00f3 a todo Washington al amenazar con vetar la ley de presupuesto<\/p>\n<p>El presidente estadounidense Donald Trump sorprendi\u00f3 a todo Washington el viernes al amenazar al Congreso con vetar la ley de presupuesto federal aprobada en la madrugada, arriesgando un nuevo \u00abcierre\u00bb del gobierno, molesto porque no incluye sus planteos sobre inmigraci\u00f3n.<\/p>\n<\/p>\n<p>Este anuncio, en franca contradicci\u00f3n con la posici\u00f3n anunciada el d\u00eda anterior por su director de Presupuesto, que puso la mano en el coraz\u00f3n de que el presidente firmar\u00eda el texto, ha reforzado a\u00fan m\u00e1s la impresi\u00f3n de que en la Casa Blanca reina el caos.<\/p>\n<\/p>\n<p>Si Trump no promulga la ley el viernes, el Estado federal dejar\u00e1 de estar legalmente financiado a partir de la medianoche y se ver\u00e1 obligado a dejar de funcionar parcialmente, en lo que ser\u00eda el tercer \u00abshutdown\u00bb (cierre) del a\u00f1o.<\/p>\n<\/p>\n<p>En un tuit, Trump dijo que eval\u00faa el veto porque la ley de presupuesto aprobada prev\u00e9 financiaci\u00f3n insuficiente para el muro y omite abordar la situaci\u00f3n de cientos de miles de j\u00f3venes inmigrantes indocumentados que se encuentran en un limbo legal desde que \u00e9l mismo cancel\u00f3 el programa de Acci\u00f3n Diferida para los Llegados en la Infancia (DACA), creado por su antecesor Barack Obama.<\/p>\n<\/p>\n<p>\u00abEstoy considerando un VETO de la ley de presupuesto basado en el hecho de que los m\u00e1s de 800.000 destinatarios de DACA han sido totalmente abandonados por los dem\u00f3cratas (ni siquiera se mencionan en la ley) y el MURO FRONTERIZO, que se necesita desesperadamente para nuestra defensa nacional, no est\u00e1 totalmente financiado\u00bb, escribi\u00f3 el mandatario en Twitter.<\/p>\n<\/p>\n<p>Un veto solo puede levantarse con una nueva votaci\u00f3n de la C\u00e1mara de Representantes y el Senado, por una mayor\u00eda de dos tercios.<\/p>\n<\/p>\n<p>Adem\u00e1s de la improbabilidad pol\u00edtica de lograr en pocas horas el acuerdo que el Congreso no pudo alcanzar en varios meses, hay un obst\u00e1culo pr\u00e1ctico: la mayor\u00eda de los legisladores abandonaron la capital federal el jueves por la noche o se estaban preparando para hacerlo el viernes por la ma\u00f1ana, para un receso de dos semanas.<\/p>\n<\/p>\n<p>La ley fue negociada durante semanas por la mayor\u00eda republicana y la oposici\u00f3n dem\u00f3crata del Congreso.<\/p>\n<\/p>\n<p>El presupuesto aprobado, de casi 1,3 billones de d\u00f3lares, permitir\u00e1 el funcionamiento del Estado federal hasta el final del presente a\u00f1o presupuestal, es decir, hasta el 30 de septiembre.<\/p>\n<\/p>\n<p>&#8211; \u00abLa respuesta es s\u00ed\u00bb &#8211;<\/p>\n<\/p>\n<p>Tanto Trump como los republicanos y los dem\u00f3cratas en el Congreso han buscado durante meses un compromiso para regularizar a cientos de miles de j\u00f3venes inmigrantes, la gran mayor\u00eda de origen latinoamericano, a cambio de endurecer la pol\u00edtica migratoria y de financiar la construcci\u00f3n del alto muro de cemento en la frontera con M\u00e9xico que el mandatario prometi\u00f3 en su campa\u00f1a y que defiende contra viento y marea.<\/p>\n<\/p>\n<p>Pero fue imposible alcanzar un acuerdo.<\/p>\n<\/p>\n<p>Finalmente, Trump solo consigui\u00f3 1.600 millones de d\u00f3lares para construir cercas o renovar algunas decenas de kil\u00f3metros del muro, mucho menos de los 25.000 millones de d\u00f3lares que hab\u00eda pedido inicialmente.<\/p>\n<\/p>\n<p>Y los dem\u00f3cratas no lograron nada para los \u00abdreamers\u00bb, como se conoce a los inmigrantes ilegales que llegaron de ni\u00f1os a Estados Unidos.<\/p>\n<\/p>\n<p>Esta es una de las razones por las cuales 77 de los 192 dem\u00f3cratas en la C\u00e1mara baja votaron en contra del texto el jueves.<\/p>\n<\/p>\n<p>Por su parte, 90 de los 238 representantes republicanos tambi\u00e9n se opusieron, furiosos por el aumento del gasto que prev\u00e9 la ley. En el Senado, la norma cosech\u00f3 65 votos a favor y 32 en contra.<\/p>\n<\/p>\n<p>La Casa Blanca reconoci\u00f3 el jueves que la ley no cumpl\u00eda con todo lo que Trump quer\u00eda, pero dijo que el presidente estaba listo para firmarla.<\/p>\n<\/p>\n<p>\u00ab\u00bfFirmar\u00e1 el presidente esta ley? La respuesta es s\u00ed\u00bb, dijo Mick Mulvaney, director del Presupuesto de la Casa Blanca, durante una rueda de prensa el jueves. \u00ab\u00bfEs una ley perfecta? No. \u00bfEs exactamente lo que est\u00e1bamos pidiendo? No\u00bb.<\/p>\n<\/p>\n<p>El tuit de Trump provoc\u00f3 consternaci\u00f3n entre los legisladores dem\u00f3cratas, que acusaron al presidente de hipocres\u00eda.<\/p>\n<\/p>\n<p>\u00abNo olvidemos que usted derog\u00f3 el DACA y torpede\u00f3 todos los posibles acuerdos bipartidistas. Esto es su culpa\u00bb, dijo el dem\u00f3crata Tim Ryan.<\/p>\n<h6> 2018-03-23 12:58:55 <\/h6>\n<p><!--\n<link rel=\"stylesheet\" href=\"css\/bootstrap.min.css\">\n\n\n<ul class=\"pagination\">\n\t    \n\t\n\n<li >\n\t<a href='?page_no=10937'>Previous<\/a>\n\t<\/li>\n\n\n       \n    \n\n<li><a href='?page_no=1'>1<\/a><\/li>\n\n\n\n<li><a href='?page_no=2'>2<\/a><\/li>\n\n\n\n<li><a>...<\/a><\/li>\n\n\n\n<li><a href='?page_no=10936'>10936<\/a><\/li>\n\n\n\n<li><a href='?page_no=10937'>10937<\/a><\/li>\n\n\n\n<li class='active'><a>10938<\/a><\/li>\n\n\n\n<li><a href='?page_no=10939'>10939<\/a><\/li>\n\n\n\n<li><a href='?page_no=10940'>10940<\/a><\/li>\n\n\n\n<li><a>...<\/a><\/li>\n\n\n\n<li><a href='?page_no=51012'>51012<\/a><\/li>\n\n\n\n<li><a href='?page_no=51013'>51013<\/a><\/li>\n\n    \n\t\n\n<li >\n\t<a href='?page_no=10939'>Next<\/a>\n\t<\/li>\n\n\n    \n\n<li><a href='?page_no=51013'>Last &rsaquo;&rsaquo;<\/a><\/li>\n\n<\/ul>\n\n\n--><br \/>\n<\/body><\/p>\n","protected":false},"excerpt":{"rendered":"<p>AFP \/ Mandel NGAN El presidente de Estados Unidos, Donald Trump, en la Casa Blanca el 22 de marzo de 2018. El mandatario sorprendi\u00f3 a todo Washington al amenazar con vetar la ley de presupuesto El presidente estadounidense Donald Trump sorprendi\u00f3 a todo Washington el viernes al amenazar al Congreso con vetar la ley de [&hellip;]<\/p>\n","protected":false},"author":3,"featured_media":0,"comment_status":"open","ping_status":"open","sticky":false,"template":"","format":"standard","meta":{"footnotes":""},"categories":[23],"tags":[],"class_list":["post-231313","post","type-post","status-publish","format-standard","hentry","category-internacional"],"_links":{"self":[{"href":"https:\/\/diariodominicano.com\/index.php?rest_route=\/wp\/v2\/posts\/231313","targetHints":{"allow":["GET"]}}],"collection":[{"href":"https:\/\/diariodominicano.com\/index.php?rest_route=\/wp\/v2\/posts"}],"about":[{"href":"https:\/\/diariodominicano.com\/index.php?rest_route=\/wp\/v2\/types\/post"}],"author":[{"embeddable":true,"href":"https:\/\/diariodominicano.com\/index.php?rest_route=\/wp\/v2\/users\/3"}],"replies":[{"embeddable":true,"href":"https:\/\/diariodominicano.com\/index.php?rest_route=%2Fwp%2Fv2%2Fcomments&post=231313"}],"version-history":[{"count":0,"href":"https:\/\/diariodominicano.com\/index.php?rest_route=\/wp\/v2\/posts\/231313\/revisions"}],"wp:attachment":[{"href":"https:\/\/diariodominicano.com\/index.php?rest_route=%2Fwp%2Fv2%2Fmedia&parent=231313"}],"wp:term":[{"taxonomy":"category","embeddable":true,"href":"https:\/\/diariodominicano.com\/index.php?rest_route=%2Fwp%2Fv2%2Fcategories&post=231313"},{"taxonomy":"post_tag","embeddable":true,"href":"https:\/\/diariodominicano.com\/index.php?rest_route=%2Fwp%2Fv2%2Ftags&post=231313"}],"curies":[{"name":"wp","href":"https:\/\/api.w.org\/{rel}","templated":true}]}}