{"id":231312,"date":"2018-03-23T13:57:21","date_gmt":"2018-03-23T13:57:21","guid":{"rendered":"http:\/\/diariodominicano.ddns.net\/?p=231312"},"modified":"2018-03-23T13:57:21","modified_gmt":"2018-03-23T13:57:21","slug":"parlamento-peruano-destituye-a-neoliberal-pedro-pablo-kuczynski","status":"publish","type":"post","link":"https:\/\/diariodominicano.com\/?p=231312","title":{"rendered":"Parlamento peruano destituye a neoliberal Pedro Pablo Kuczynski"},"content":{"rendered":"<p><body><\/p>\n<p><img decoding=\"async\" src=\"img3\/pdte-peruano.jpg\" \/>  <\/p>\n<p>Lima, 23 mar (PL) El parlamento peruano declar\u00f3 hoy la vacancia presidencial, equivalente de destituci\u00f3n del renunciante Pedro Pablo Kuczynski, debido a que renunci\u00f3 al cargo por graves indicios de corrupci\u00f3n.<\/p>\n<\/p>\n<p>La resoluci\u00f3n fue aprobada por 105 de los 130 miembros del Congreso de la Rep\u00fablica, con apenas 12 en contra, seis abstenciones y siete ausencias, se\u00f1ala que acepta la renuncia presentada el mi\u00e9rcoles \u00faltimo por Kuczynski y a consecuencia de esta lo destituye, de acuerdo con la Constituci\u00f3n.<\/p>\n<\/p>\n<p>El Poder Legislativo convoc\u00f3 de inmediato al primer vicepresidente, Mart\u00edn Vizcarra, para que jure como jefe de Estado. \u00c9l regres\u00f3 esta madrugada de Canad\u00e1, donde era embajador.<\/p>\n<\/p>\n<p>El texto elimin\u00f3 uno de los considerandos de un borrador, seg\u00fan el cual Kuczynski ha traicionado a la patria en el ejercicio de cargos oficiales a lo largo de su vida, que motiv\u00f3 reclamos generales.<\/p>\n<\/p>\n<p>El hecho, al parecer, no ofendi\u00f3 a Kuczynski, pues solo reclam\u00f3 porque el parlamento unicameral decidi\u00f3 destituirlo en vez de aceptar simplemente su renuncia, presentada hace dos d\u00edas, la que incluso amenaz\u00f3 con retirar, algo legalmente imposible.<\/p>\n<\/p>\n<p>La resoluci\u00f3n legislativa, en sus considerandos, hace referencia a los fundamentos de la moci\u00f3n de vacancia presentada con anterioridad en su contra, es decir el uso de la funci\u00f3n p\u00fablica con fines de beneficio propio y de empresas extranjeras.<\/p>\n<\/p>\n<p>Tambi\u00e9n &#8216;rechaza los hechos y calificativos que Pedro Pablo Kuczynski expresa en su carta de renuncia, puesto que no admite que la crisis pol\u00edtica actual que lo ha conducido a renunciar es consecuencia de los actos indebidos en los que el propio presidente ha incurrido&#8217;.<\/p>\n<\/p>\n<p>Esos hechos, a\u00f1ade, &#8216;se exponen sustentadamente en la moci\u00f3n que propone la vacancia presidencial&#8217;.<\/p>\n<h6> 2018-03-23 13:57:21 <\/h6>\n<p><!--\n<link rel=\"stylesheet\" href=\"css\/bootstrap.min.css\">\n\n\n<ul class=\"pagination\">\n\t    \n\t\n\n<li >\n\t<a href='?page_no=10936'>Previous<\/a>\n\t<\/li>\n\n\n       \n    \n\n<li><a href='?page_no=1'>1<\/a><\/li>\n\n\n\n<li><a href='?page_no=2'>2<\/a><\/li>\n\n\n\n<li><a>...<\/a><\/li>\n\n\n\n<li><a href='?page_no=10935'>10935<\/a><\/li>\n\n\n\n<li><a href='?page_no=10936'>10936<\/a><\/li>\n\n\n\n<li class='active'><a>10937<\/a><\/li>\n\n\n\n<li><a href='?page_no=10938'>10938<\/a><\/li>\n\n\n\n<li><a href='?page_no=10939'>10939<\/a><\/li>\n\n\n\n<li><a>...<\/a><\/li>\n\n\n\n<li><a href='?page_no=51012'>51012<\/a><\/li>\n\n\n\n<li><a href='?page_no=51013'>51013<\/a><\/li>\n\n    \n\t\n\n<li >\n\t<a href='?page_no=10938'>Next<\/a>\n\t<\/li>\n\n\n    \n\n<li><a href='?page_no=51013'>Last &rsaquo;&rsaquo;<\/a><\/li>\n\n<\/ul>\n\n\n--><br \/>\n<\/body><\/p>\n","protected":false},"excerpt":{"rendered":"<p>Lima, 23 mar (PL) El parlamento peruano declar\u00f3 hoy la vacancia presidencial, equivalente de destituci\u00f3n del renunciante Pedro Pablo Kuczynski, debido a que renunci\u00f3 al cargo por graves indicios de corrupci\u00f3n. La resoluci\u00f3n fue aprobada por 105 de los 130 miembros del Congreso de la Rep\u00fablica, con apenas 12 en contra, seis abstenciones y siete [&hellip;]<\/p>\n","protected":false},"author":3,"featured_media":0,"comment_status":"open","ping_status":"open","sticky":false,"template":"","format":"standard","meta":{"footnotes":""},"categories":[23],"tags":[],"class_list":["post-231312","post","type-post","status-publish","format-standard","hentry","category-internacional"],"_links":{"self":[{"href":"https:\/\/diariodominicano.com\/index.php?rest_route=\/wp\/v2\/posts\/231312","targetHints":{"allow":["GET"]}}],"collection":[{"href":"https:\/\/diariodominicano.com\/index.php?rest_route=\/wp\/v2\/posts"}],"about":[{"href":"https:\/\/diariodominicano.com\/index.php?rest_route=\/wp\/v2\/types\/post"}],"author":[{"embeddable":true,"href":"https:\/\/diariodominicano.com\/index.php?rest_route=\/wp\/v2\/users\/3"}],"replies":[{"embeddable":true,"href":"https:\/\/diariodominicano.com\/index.php?rest_route=%2Fwp%2Fv2%2Fcomments&post=231312"}],"version-history":[{"count":0,"href":"https:\/\/diariodominicano.com\/index.php?rest_route=\/wp\/v2\/posts\/231312\/revisions"}],"wp:attachment":[{"href":"https:\/\/diariodominicano.com\/index.php?rest_route=%2Fwp%2Fv2%2Fmedia&parent=231312"}],"wp:term":[{"taxonomy":"category","embeddable":true,"href":"https:\/\/diariodominicano.com\/index.php?rest_route=%2Fwp%2Fv2%2Fcategories&post=231312"},{"taxonomy":"post_tag","embeddable":true,"href":"https:\/\/diariodominicano.com\/index.php?rest_route=%2Fwp%2Fv2%2Ftags&post=231312"}],"curies":[{"name":"wp","href":"https:\/\/api.w.org\/{rel}","templated":true}]}}