{"id":231311,"date":"2018-03-23T14:44:25","date_gmt":"2018-03-23T14:44:25","guid":{"rendered":"http:\/\/diariodominicano.ddns.net\/?p=231311"},"modified":"2018-03-23T14:44:25","modified_gmt":"2018-03-23T14:44:25","slug":"abatido-el-autor-de-varios-ataques-en-el-sur-de-francia","status":"publish","type":"post","link":"https:\/\/diariodominicano.com\/?p=231311","title":{"rendered":"Abatido el autor de varios ataques en el sur de Francia"},"content":{"rendered":"<p><body><\/p>\n<p><img decoding=\"async\" src=\"img3\/francia-rehenes1.jpg\" \/>  <\/p>\n<p>Par\u00eds, 23 mar (PL) Las fuerzas de seguridad de Francia abatieron al autor de varios ataques ocurridos hoy en el sur del pa\u00eds, con un saldo de al menos tres muertos y dos heridos, informaron fuentes cercanas al caso citadas por la prensa local.<\/p>\n<\/p>\n<p>Luego de m\u00e1s de tres horas en que el individuo permaneci\u00f3 atrincherado con rehenes en un supermercado del departamento de Aube, los agentes lo neutralizaron y lograron controlar la situaci\u00f3n.<\/p>\n<\/p>\n<p>De acuerdo con los datos m\u00e1s recientes, el atacante perpetr\u00f3 tres agresiones esta ma\u00f1ana: el robo de un autom\u00f3vil, los disparos lanzados a un grupo de integrantes de la Compa\u00f1\u00eda Republicana de Seguridad, y la toma de rehenes en el supermercado.<\/p>\n<\/p>\n<p>Hasta el momento se contabilizan tres muertos, el chofer del veh\u00edculo robado y dos personas presentes en el comercio, as\u00ed como dos heridos, incluido uno de los uniformados.<\/p>\n<\/p>\n<p>El autor de las agresiones fue identificado como un marroqu\u00ed conocido de las fuerzas de seguridad por su radicalizaci\u00f3n, y durante la toma de rehenes demand\u00f3 la excarcelaci\u00f3n de Salah Abdeslam, \u00fanico sobreviviente de los atentados del 13 de noviembre de 2015 en Par\u00eds.<\/p>\n<\/p>\n<p>El presidente franc\u00e9s, Emmanuel Macron; y el primer ministro, Edouard Philippe, ofrecieron declaraciones sobre el asunto y afirmaron que todos los elementos indican que se trata de un acto terrorista.<\/p>\n<\/p>\n<p>La naturaleza del hecho se determin\u00f3 principalmente porque el individuo se identific\u00f3 como &#8216;soldado del Estado Isl\u00e1mico (EI)&#8217; al ingresar al lugar, en el cual se escucharon varios disparos.<\/p>\n<\/p>\n<p>La Fiscal\u00eda de Par\u00eds abri\u00f3 una investigaci\u00f3n por &#8216;asesinato en relaci\u00f3n con un proyecto terrorista&#8217;, &#8216;intento de asesinato en relaci\u00f3n con un proyecto terrorista&#8217;, &#8216;secuestro en relaci\u00f3n con un proyecto terrorista&#8217; y &#8216;asociaci\u00f3n criminal terrorista&#8217;.<\/p>\n<\/p>\n<p>Por otro lado, el ministro de Interior, Gerard Collomb, y el fiscal general, Fran\u00e7ois Molins, se est\u00e1n trasladando al lugar de los hechos.<\/p>\n<h6> 2018-03-23 14:44:25 <\/h6>\n<p><!--\n<link rel=\"stylesheet\" href=\"css\/bootstrap.min.css\">\n\n\n<ul class=\"pagination\">\n\t    \n\t\n\n<li >\n\t<a href='?page_no=10935'>Previous<\/a>\n\t<\/li>\n\n\n       \n    \n\n<li><a href='?page_no=1'>1<\/a><\/li>\n\n\n\n<li><a href='?page_no=2'>2<\/a><\/li>\n\n\n\n<li><a>...<\/a><\/li>\n\n\n\n<li><a href='?page_no=10934'>10934<\/a><\/li>\n\n\n\n<li><a href='?page_no=10935'>10935<\/a><\/li>\n\n\n\n<li class='active'><a>10936<\/a><\/li>\n\n\n\n<li><a href='?page_no=10937'>10937<\/a><\/li>\n\n\n\n<li><a href='?page_no=10938'>10938<\/a><\/li>\n\n\n\n<li><a>...<\/a><\/li>\n\n\n\n<li><a href='?page_no=51012'>51012<\/a><\/li>\n\n\n\n<li><a href='?page_no=51013'>51013<\/a><\/li>\n\n    \n\t\n\n<li >\n\t<a href='?page_no=10937'>Next<\/a>\n\t<\/li>\n\n\n    \n\n<li><a href='?page_no=51013'>Last &rsaquo;&rsaquo;<\/a><\/li>\n\n<\/ul>\n\n\n--><br \/>\n<\/body><\/p>\n","protected":false},"excerpt":{"rendered":"<p>Par\u00eds, 23 mar (PL) Las fuerzas de seguridad de Francia abatieron al autor de varios ataques ocurridos hoy en el sur del pa\u00eds, con un saldo de al menos tres muertos y dos heridos, informaron fuentes cercanas al caso citadas por la prensa local. Luego de m\u00e1s de tres horas en que el individuo permaneci\u00f3 [&hellip;]<\/p>\n","protected":false},"author":3,"featured_media":0,"comment_status":"open","ping_status":"open","sticky":false,"template":"","format":"standard","meta":{"footnotes":""},"categories":[23],"tags":[],"class_list":["post-231311","post","type-post","status-publish","format-standard","hentry","category-internacional"],"_links":{"self":[{"href":"https:\/\/diariodominicano.com\/index.php?rest_route=\/wp\/v2\/posts\/231311","targetHints":{"allow":["GET"]}}],"collection":[{"href":"https:\/\/diariodominicano.com\/index.php?rest_route=\/wp\/v2\/posts"}],"about":[{"href":"https:\/\/diariodominicano.com\/index.php?rest_route=\/wp\/v2\/types\/post"}],"author":[{"embeddable":true,"href":"https:\/\/diariodominicano.com\/index.php?rest_route=\/wp\/v2\/users\/3"}],"replies":[{"embeddable":true,"href":"https:\/\/diariodominicano.com\/index.php?rest_route=%2Fwp%2Fv2%2Fcomments&post=231311"}],"version-history":[{"count":0,"href":"https:\/\/diariodominicano.com\/index.php?rest_route=\/wp\/v2\/posts\/231311\/revisions"}],"wp:attachment":[{"href":"https:\/\/diariodominicano.com\/index.php?rest_route=%2Fwp%2Fv2%2Fmedia&parent=231311"}],"wp:term":[{"taxonomy":"category","embeddable":true,"href":"https:\/\/diariodominicano.com\/index.php?rest_route=%2Fwp%2Fv2%2Fcategories&post=231311"},{"taxonomy":"post_tag","embeddable":true,"href":"https:\/\/diariodominicano.com\/index.php?rest_route=%2Fwp%2Fv2%2Ftags&post=231311"}],"curies":[{"name":"wp","href":"https:\/\/api.w.org\/{rel}","templated":true}]}}