{"id":231310,"date":"2018-03-23T16:17:05","date_gmt":"2018-03-23T16:17:05","guid":{"rendered":"http:\/\/diariodominicano.ddns.net\/?p=231310"},"modified":"2018-03-23T16:17:05","modified_gmt":"2018-03-23T16:17:05","slug":"martin-vizcarra-asume-como-presidente-de-peru-y-llama-a-la-unidad","status":"publish","type":"post","link":"https:\/\/diariodominicano.com\/?p=231310","title":{"rendered":"Mart\u00edn Vizcarra asume como presidente de Per\u00fa y llama a la unidad"},"content":{"rendered":"<p><body><\/p>\n<p><img decoding=\"async\" src=\"img3\/nuevopresidente.jpg\" \/>  <\/p>\n<p><strong> <\/strong><\/p>\n<p><strong>   LIMA, 23 mar (Xinhua) &#8212; <\/strong>Tras asumir como presidente de Per\u00fa hoy viernes, Mart\u00edn Vizcarra propuso un pacto social para luchar contra la corrupci\u00f3n e impulsar el desarrollo econ\u00f3mico y equitativo en la naci\u00f3n.<\/p>\n<\/p>\n<p>   El nuevo mandatario destac\u00f3 que en su proyecto pol\u00edtico buscar\u00e1 una mayor expansi\u00f3n econ\u00f3mica del pa\u00eds, luego de crecer 2,5 por ciento en 2017.<\/p>\n<\/p>\n<p>   \u00abNuestro proyecto en lo econ\u00f3mico es conducir a Per\u00fa por la senda de la credibilidad y estabilidad, por eso vamos a mantener lo que se ha hecho bien, modificar aquello que pueda mejorarse y emprender aquello que no se ha realizado\u00bb, subray\u00f3.<\/p>\n<\/p>\n<p>   Vizcarra, quien es recordado en su tierra natal, la regi\u00f3n Moquegua, por su gesti\u00f3n exitosa como gobernador, prometi\u00f3 que apoyar\u00e1 a las medianas y peque\u00f1as empresas, como base para generar empleo y mejorar la calidad de vida de los peruanos.<\/p>\n<\/p>\n<p>   \u00abEl desarrollo de Per\u00fa no es otra cosa que la mejora de la calidad de vida de cada uno de los peruanos. La salud, la generaci\u00f3n de empleo y la seguridad ciudadana ser\u00e1n centrales en nuestro trabajo. La educaci\u00f3n ser\u00e1 pilar central de nuestra gesti\u00f3n\u00bb, precis\u00f3.<\/p>\n<\/p>\n<p>   Pidi\u00f3 a los j\u00f3venes no perder la esperanza en el futuro de este pa\u00eds y exhort\u00f3 a todos los sectores pol\u00edticos, sociales y productivos a dejar de lado sus diferencias ideol\u00f3gicas para luchar contra la corrupci\u00f3n e impulsar el desarrollo nacional.<\/p>\n<\/p>\n<p>   \u00abPrimero, pondremos nuestro mayor esfuerzo en la lucha contra la corrupci\u00f3n. Seremos muy firmes en el combate contra todas aquellas acciones que est\u00e9n re\u00f1idas con la ley, vengan de donde vengan, cueste lo que cueste\u00bb, expres\u00f3 durante su mensaje de investidura.<\/p>\n<\/p>\n<p>   Vizcarra, un ingeniero civil de 55 a\u00f1os de edad, sucedi\u00f3 en el cargo a Pedro Kuczynski, quien renunci\u00f3 como presidente en medio de graves acusaciones de corrupci\u00f3n por sus presuntos nexos con el consorcio brasile\u00f1o Odebrecht.<\/p>\n<\/p>\n<p>   \u00abNo va temblarnos la mano para llevar adelante las medidas necesarias para sacar a Per\u00fa de la situaci\u00f3n actual\u00bb, subray\u00f3 ante el Congreso, tras jurar como presidente.<\/p>\n<\/p>\n<p>   El mandatario asegur\u00f3 que la transparencia ser\u00e1 un pilar fundamental de su gesti\u00f3n (2018-2021) y se comprometi\u00f3 a desmontar y denunciar todo esquema corrupto que funcione en cualquier \u00e1rea del Estado.<\/p>\n<\/p>\n<p>   Vizcarra tambi\u00e9n adelant\u00f3 que renovar\u00e1 completamente el equipo ministerial heredado de Kuczynski, con la finalidad de presentar un rostro renovado ante sus conciudadanos.<\/p>\n<\/p>\n<p>   El presidente recibe un pa\u00eds debilitado por los casos de corrupci\u00f3n propiciados por Odebrecht que involucra a los ex presidentes Alejandro Toledo (2001-2006), Alan Garc\u00eda (2006-2011) y Ollanta Humala (2011-2006), en plena investigaci\u00f3n.<\/p>\n<\/p>\n<p>   Otro de los temas que enfatiz\u00f3 durante su discurso, fue la necesidad de trazar una l\u00ednea de respeto para delimitar la divisi\u00f3n de poderes, Ejecutivo, Judicial y Legislativo, como fundamental para evitar el abuso de poder y construir la institucionalidad del respeto y la tolerancia.<\/p>\n<\/p>\n<p>   \u00abRecuperar la gobernabilidad, recuperar la confianza de los peruanos en un marco de respeto a la Constituci\u00f3n nacional y de nuestras leyes es nuestro desaf\u00edo\u00bb, afirm\u00f3.<\/p>\n<\/p>\n<p>   Antes de asumir el cargo como presidente, Vizcarra se desempe\u00f1aba como embajador de Per\u00fa en Canad\u00e1. Fin<\/p>\n<\/p>\n<\/p>\n<\/p>\n<h6> 2018-03-23 16:17:05 <\/h6>\n<p><!--\n<link rel=\"stylesheet\" href=\"css\/bootstrap.min.css\">\n\n\n<ul class=\"pagination\">\n\t    \n\t\n\n<li >\n\t<a href='?page_no=10934'>Previous<\/a>\n\t<\/li>\n\n\n       \n    \n\n<li><a href='?page_no=1'>1<\/a><\/li>\n\n\n\n<li><a href='?page_no=2'>2<\/a><\/li>\n\n\n\n<li><a>...<\/a><\/li>\n\n\n\n<li><a href='?page_no=10933'>10933<\/a><\/li>\n\n\n\n<li><a href='?page_no=10934'>10934<\/a><\/li>\n\n\n\n<li class='active'><a>10935<\/a><\/li>\n\n\n\n<li><a href='?page_no=10936'>10936<\/a><\/li>\n\n\n\n<li><a href='?page_no=10937'>10937<\/a><\/li>\n\n\n\n<li><a>...<\/a><\/li>\n\n\n\n<li><a href='?page_no=51012'>51012<\/a><\/li>\n\n\n\n<li><a href='?page_no=51013'>51013<\/a><\/li>\n\n    \n\t\n\n<li >\n\t<a href='?page_no=10936'>Next<\/a>\n\t<\/li>\n\n\n    \n\n<li><a href='?page_no=51013'>Last &rsaquo;&rsaquo;<\/a><\/li>\n\n<\/ul>\n\n\n--><br \/>\n<\/body><\/p>\n","protected":false},"excerpt":{"rendered":"<p>LIMA, 23 mar (Xinhua) &#8212; Tras asumir como presidente de Per\u00fa hoy viernes, Mart\u00edn Vizcarra propuso un pacto social para luchar contra la corrupci\u00f3n e impulsar el desarrollo econ\u00f3mico y equitativo en la naci\u00f3n. El nuevo mandatario destac\u00f3 que en su proyecto pol\u00edtico buscar\u00e1 una mayor expansi\u00f3n econ\u00f3mica del pa\u00eds, luego de crecer 2,5 por [&hellip;]<\/p>\n","protected":false},"author":3,"featured_media":0,"comment_status":"open","ping_status":"open","sticky":false,"template":"","format":"standard","meta":{"footnotes":""},"categories":[23],"tags":[],"class_list":["post-231310","post","type-post","status-publish","format-standard","hentry","category-internacional"],"_links":{"self":[{"href":"https:\/\/diariodominicano.com\/index.php?rest_route=\/wp\/v2\/posts\/231310","targetHints":{"allow":["GET"]}}],"collection":[{"href":"https:\/\/diariodominicano.com\/index.php?rest_route=\/wp\/v2\/posts"}],"about":[{"href":"https:\/\/diariodominicano.com\/index.php?rest_route=\/wp\/v2\/types\/post"}],"author":[{"embeddable":true,"href":"https:\/\/diariodominicano.com\/index.php?rest_route=\/wp\/v2\/users\/3"}],"replies":[{"embeddable":true,"href":"https:\/\/diariodominicano.com\/index.php?rest_route=%2Fwp%2Fv2%2Fcomments&post=231310"}],"version-history":[{"count":0,"href":"https:\/\/diariodominicano.com\/index.php?rest_route=\/wp\/v2\/posts\/231310\/revisions"}],"wp:attachment":[{"href":"https:\/\/diariodominicano.com\/index.php?rest_route=%2Fwp%2Fv2%2Fmedia&parent=231310"}],"wp:term":[{"taxonomy":"category","embeddable":true,"href":"https:\/\/diariodominicano.com\/index.php?rest_route=%2Fwp%2Fv2%2Fcategories&post=231310"},{"taxonomy":"post_tag","embeddable":true,"href":"https:\/\/diariodominicano.com\/index.php?rest_route=%2Fwp%2Fv2%2Ftags&post=231310"}],"curies":[{"name":"wp","href":"https:\/\/api.w.org\/{rel}","templated":true}]}}