{"id":231309,"date":"2018-03-23T20:25:39","date_gmt":"2018-03-23T20:25:39","guid":{"rendered":"http:\/\/diariodominicano.ddns.net\/?p=231309"},"modified":"2018-03-23T20:25:39","modified_gmt":"2018-03-23T20:25:39","slug":"estados-unidos-espera-con-interes-trabajar-con-el-nuevo-presidente-de-peru","status":"publish","type":"post","link":"https:\/\/diariodominicano.com\/?p=231309","title":{"rendered":"Estados Unidos espera con inter\u00e9s trabajar con el nuevo presidente de Peru"},"content":{"rendered":"<p><body><\/p>\n<p><img decoding=\"async\" src=\"img3\/Heather-Nauert-X.jpg\" \/>  <\/p>\n<p><strong>WASHINGTON, DC, 23 de marzo de 2018.-<\/strong> Estados Unidos  expres\u00f3 la tarde del jueves que espera con inter\u00e9s trabajar con el presidente Mart\u00edn Vizcarra tras la transferencia constitucional del poder. <\/p>\n<\/p>\n<p>En un comunicado  de prensa la Portavoz  del Departamento de Estado, Heather Nauert  dijo \u00abVamos a seguir el avance de nuestra relaci\u00f3n bilateral basada en nuestros valores compartidos de democracia, la seguridad, el comercio de beneficio mutuo y el respeto de los derechos humanos\u00bb.<\/p>\n<\/p>\n<p>Los Estados Unidos se complace en trabajar con Per\u00fa en la cumbre de abril de las Am\u00e9ricas en Lima, donde vamos a reafirmar el compromiso colectivo de nuestro hemisferio con la democracia, agreg\u00f3.<\/p>\n<\/p>\n<p>\u00abComo un hemisferio, creemos en la democracia representativa, incluyendo la separaci\u00f3n de poderes, el ejercicio del poder de acuerdo con el estado de derecho y la rendici\u00f3n de cuentas en la gesti\u00f3n p\u00fablica. La adhesi\u00f3n del Per\u00fa a su constituci\u00f3n durante esta transici\u00f3n refleja su fuerza como una democracia resistente coherente con los principios enunciados en la Carta Democr\u00e1tica Interamericana.\u00bb<\/p>\n<\/p>\n<p><strong>La Oficina de Gesti\u00f3n de Sitio Web de la Oficina de Asuntos P\u00fablicos<\/strong><\/p>\n<h6> 2018-03-23 20:25:39 <\/h6>\n<p><!--\n<link rel=\"stylesheet\" href=\"css\/bootstrap.min.css\">\n\n\n<ul class=\"pagination\">\n\t    \n\t\n\n<li >\n\t<a href='?page_no=10933'>Previous<\/a>\n\t<\/li>\n\n\n       \n    \n\n<li><a href='?page_no=1'>1<\/a><\/li>\n\n\n\n<li><a href='?page_no=2'>2<\/a><\/li>\n\n\n\n<li><a>...<\/a><\/li>\n\n\n\n<li><a href='?page_no=10932'>10932<\/a><\/li>\n\n\n\n<li><a href='?page_no=10933'>10933<\/a><\/li>\n\n\n\n<li class='active'><a>10934<\/a><\/li>\n\n\n\n<li><a href='?page_no=10935'>10935<\/a><\/li>\n\n\n\n<li><a href='?page_no=10936'>10936<\/a><\/li>\n\n\n\n<li><a>...<\/a><\/li>\n\n\n\n<li><a href='?page_no=51012'>51012<\/a><\/li>\n\n\n\n<li><a href='?page_no=51013'>51013<\/a><\/li>\n\n    \n\t\n\n<li >\n\t<a href='?page_no=10935'>Next<\/a>\n\t<\/li>\n\n\n    \n\n<li><a href='?page_no=51013'>Last &rsaquo;&rsaquo;<\/a><\/li>\n\n<\/ul>\n\n\n--><br \/>\n<\/body><\/p>\n","protected":false},"excerpt":{"rendered":"<p>WASHINGTON, DC, 23 de marzo de 2018.- Estados Unidos expres\u00f3 la tarde del jueves que espera con inter\u00e9s trabajar con el presidente Mart\u00edn Vizcarra tras la transferencia constitucional del poder. En un comunicado de prensa la Portavoz del Departamento de Estado, Heather Nauert dijo \u00abVamos a seguir el avance de nuestra relaci\u00f3n bilateral basada en [&hellip;]<\/p>\n","protected":false},"author":3,"featured_media":0,"comment_status":"open","ping_status":"open","sticky":false,"template":"","format":"standard","meta":{"footnotes":""},"categories":[23],"tags":[],"class_list":["post-231309","post","type-post","status-publish","format-standard","hentry","category-internacional"],"_links":{"self":[{"href":"https:\/\/diariodominicano.com\/index.php?rest_route=\/wp\/v2\/posts\/231309","targetHints":{"allow":["GET"]}}],"collection":[{"href":"https:\/\/diariodominicano.com\/index.php?rest_route=\/wp\/v2\/posts"}],"about":[{"href":"https:\/\/diariodominicano.com\/index.php?rest_route=\/wp\/v2\/types\/post"}],"author":[{"embeddable":true,"href":"https:\/\/diariodominicano.com\/index.php?rest_route=\/wp\/v2\/users\/3"}],"replies":[{"embeddable":true,"href":"https:\/\/diariodominicano.com\/index.php?rest_route=%2Fwp%2Fv2%2Fcomments&post=231309"}],"version-history":[{"count":0,"href":"https:\/\/diariodominicano.com\/index.php?rest_route=\/wp\/v2\/posts\/231309\/revisions"}],"wp:attachment":[{"href":"https:\/\/diariodominicano.com\/index.php?rest_route=%2Fwp%2Fv2%2Fmedia&parent=231309"}],"wp:term":[{"taxonomy":"category","embeddable":true,"href":"https:\/\/diariodominicano.com\/index.php?rest_route=%2Fwp%2Fv2%2Fcategories&post=231309"},{"taxonomy":"post_tag","embeddable":true,"href":"https:\/\/diariodominicano.com\/index.php?rest_route=%2Fwp%2Fv2%2Ftags&post=231309"}],"curies":[{"name":"wp","href":"https:\/\/api.w.org\/{rel}","templated":true}]}}