{"id":231306,"date":"2018-03-23T21:16:04","date_gmt":"2018-03-23T21:16:04","guid":{"rendered":"http:\/\/diariodominicano.ddns.net\/?p=231306"},"modified":"2018-03-23T21:16:04","modified_gmt":"2018-03-23T21:16:04","slug":"peruanos-reciben-con-esperanza-gestion-de-nuevo-presidente","status":"publish","type":"post","link":"https:\/\/diariodominicano.com\/?p=231306","title":{"rendered":"Peruanos reciben con esperanza gesti\u00f3n de nuevo presidente"},"content":{"rendered":"<p><body><\/p>\n<p><img decoding=\"async\" src=\"img3\/nuevopresidente.jpg\" \/>  <\/p>\n<\/p>\n<p><strong> <\/strong><\/p>\n<p><strong>   Por Juan Limachi y Carlos Acat<\/strong><\/p>\n<p><strong>   LIMA, 23 mar (Xinhua) &#8212;<\/strong> Los peruanos reciben con gran esperanza la gesti\u00f3n del nuevo presidente Mart\u00edn Vizcarra, quien llega al cargo tras la renuncia de Pedro Pablo Kuczynski en medio de una crisis pol\u00edtica por las corruptelas de la constructora brasile\u00f1a Odebrecht.<\/p>\n<\/p>\n<p>   \u00abNosotros recibimos esta noticia con mucha tranquilidad y con mucha esperanza\u00bb, afirm\u00f3 en entrevista con Xinhua el presidente del Bur\u00f3 de Convenciones de Lima (BCL), Carlos Canales.<\/p>\n<\/p>\n<p>   Mart\u00edn Vizcarra, un ingeniero civil de larga trayectoria empresarial, es visto con simpat\u00eda por algunos sectores de la sociedad peruana, pero iniciar\u00e1 su gesti\u00f3n sin el respaldo de un Congreso dominado por el partido de oposici\u00f3n Fuerza Popular (FP), de Keiko Fujimori.<\/p>\n<\/p>\n<p>   Tras juramentar como presidente de Per\u00fa ante el Congreso Nacional hoy viernes, Vizcarra llam\u00f3 a la unidad, a dejar atr\u00e1s los pleitos pol\u00edticos y anteponer los intereses individuales o partidistas, a los de la mayor\u00eda de la poblaci\u00f3n.<\/p>\n<\/p>\n<p>   Afirm\u00f3 que \u00ablo que ha sucedido debe marcar el punto final de una pol\u00edtica de confrontaci\u00f3n\u00bb y debe ser \u00abel punto de partida de una nueva etapa\u00bb, adem\u00e1s de prometer \u00abun mayor esfuerzo en la lucha contra la corrupci\u00f3n\u00bb.<\/p>\n<\/p>\n<p>   Al respecto, el presidente del Bur\u00f3 de Convenciones de Lima sostuvo que una de las principales tareas del nuevo presidente ser\u00e1 recuperar la confianza de la sociedad.<\/p>\n<\/p>\n<p>   \u00abEs el inicio de una etapa en la que se debe buscar una composici\u00f3n del gabinete ministerial de ancha base, basado en el acuerdo nacional, en el cual no existan &#8216;repartijas&#8217; de los partidos pol\u00edticos\u00bb, dijo Canales.<\/p>\n<\/p>\n<p>   La situaci\u00f3n del gobierno de Kuczynski ocasion\u00f3 que los peruanos demandaran funcionarios p\u00fablicos alejados de esc\u00e1ndalos, lo cual obligar\u00eda a Vizcarra a convocar colaboradores capaces y con una solvencia moral, agreg\u00f3.<\/p>\n<\/p>\n<p>   \u00abQue se convoque a los mejores profesionales para acompa\u00f1ar lo que queda, tres a\u00f1os y medio del gobierno, para una transici\u00f3n democr\u00e1tica sin problemas\u00bb, se\u00f1al\u00f3 Canales, tambi\u00e9n miembro de la Federaci\u00f3n de Organizaciones de Congresos y Afines de Am\u00e9rica Latina.<\/p>\n<\/p>\n<p>   Por su parte, el profesor de la Pontificia Universidad Cat\u00f3lica de Per\u00fa (PUCP), Fernando Tuesta, consider\u00f3 que Vizcarra debe presentarse con una mayor resoluci\u00f3n y firmeza en el Congreso.<\/p>\n<\/p>\n<p>   \u00abDe hecho, no va ser un presidente de mucha fortaleza, por todo lo que ya se conoce, pero si \u00e9l saca su mayor destreza, su mayor experiencia y se ubica bien en el entorno, puede crear un escenario favorable\u00bb, subray\u00f3 en entrevista con Xinhua.<\/p>\n<\/p>\n<p>   Respecto a las expectativas de los peruanos, Tuesta consider\u00f3 que existen muchas perspectivas positivas de un cambio pol\u00edtico.<\/p>\n<\/p>\n<p>   \u00abCon un nuevo presidente siempre se abren esperanzas, la posibilidad de que algo bueno pueda suceder y solucione los problemas diarios\u00bb, precis\u00f3.<\/p>\n<\/p>\n<p>   Tuesta, tambi\u00e9n doctor en Ciencias Pol\u00edticas por la Universidad Nacional Mayor de San Marcos (UNMSM), puntualiz\u00f3 que Vizcarra tiene en sus manos formar un equipo de gobierno fuerte que se coloque por encima de la \u00abpol\u00edtica menuda\u00bb.<\/p>\n<\/p>\n<p>   Sin embargo, para el analista pol\u00edtico Arturo Maldonado, doctor en Ciencias Pol\u00edticas por la Universidad de Venderbilt en Estados Unidos, Vizcarra podr\u00eda ser una figura poco relevante en la pol\u00edtica peruana.<\/p>\n<\/p>\n<p>   \u00abCorre el riesgo de ser una figura decorativa, el que d\u00e9 la cara mientras los que realmente gobiernen son los de Fuerza Popular\u00bb, expres\u00f3 a Xinhua.<\/p>\n<\/p>\n<p>   Maldonado tambi\u00e9n consider\u00f3 que desde un principio el nuevo presidente deber\u00e1 mostrar dominio del escenario pol\u00edtico, acompa\u00f1ado de ministros fuertes y con determinaci\u00f3n, cualidades con las que, en su opini\u00f3n, no contaba Kuczynski.<\/p>\n<\/p>\n<p>   \u00abUno de sus retos es hacerse un espacio, marcar su cancha con ministros m\u00e1s pol\u00edticos y hasta antifujimoristas. Tienen que marcar una agenda legislativa, proponer una serie de leyes a impulsar\u00bb, anot\u00f3.<\/p>\n<\/p>\n<p>   El analista pol\u00edtico consider\u00f3 que es necesario establecer un di\u00e1logo con la l\u00edder opositora de FP, Keiko Fujimori, pero sin caer en la actitud conciliadora que adopt\u00f3 Kuczynski.<\/p>\n<\/p>\n<p>   Por su parte, el presidente de la C\u00e1mara de Turismo y Comercio Exterior de Paracas, Eduardo Jauregui, dijo que el cambio presidencial fue bien recibido por el sector servicios y no alterar\u00e1 la actividad tur\u00edstica del pa\u00eds, la cual representa el 4,0 por ciento del Producto Interno Bruto (PIB).<\/p>\n<\/p>\n<p>   \u00abLa actual crisis pol\u00edtica que embarga a nuestro pa\u00eds no har\u00e1 mella en el sector turismo\u00bb, dijo Juaregui a Xinhua.<\/p>\n<\/p>\n<p>   De acuerdo con varios sectores sociales, la gesti\u00f3n de Vizcarra deber\u00e1 concentrarse en asegurar el crecimiento econ\u00f3mico de Per\u00fa, sustentado en las inversiones p\u00fablicas y privadas. Fin<\/p>\n<\/p>\n<h6> 2018-03-23 21:16:04 <\/h6>\n<p><!--\n<link rel=\"stylesheet\" href=\"css\/bootstrap.min.css\">\n\n\n<ul class=\"pagination\">\n\t    \n\t\n\n<li >\n\t<a href='?page_no=10930'>Previous<\/a>\n\t<\/li>\n\n\n       \n    \n\n<li><a href='?page_no=1'>1<\/a><\/li>\n\n\n\n<li><a href='?page_no=2'>2<\/a><\/li>\n\n\n\n<li><a>...<\/a><\/li>\n\n\n\n<li><a href='?page_no=10929'>10929<\/a><\/li>\n\n\n\n<li><a href='?page_no=10930'>10930<\/a><\/li>\n\n\n\n<li class='active'><a>10931<\/a><\/li>\n\n\n\n<li><a href='?page_no=10932'>10932<\/a><\/li>\n\n\n\n<li><a href='?page_no=10933'>10933<\/a><\/li>\n\n\n\n<li><a>...<\/a><\/li>\n\n\n\n<li><a href='?page_no=51012'>51012<\/a><\/li>\n\n\n\n<li><a href='?page_no=51013'>51013<\/a><\/li>\n\n    \n\t\n\n<li >\n\t<a href='?page_no=10932'>Next<\/a>\n\t<\/li>\n\n\n    \n\n<li><a href='?page_no=51013'>Last &rsaquo;&rsaquo;<\/a><\/li>\n\n<\/ul>\n\n\n--><br \/>\n<\/body><\/p>\n","protected":false},"excerpt":{"rendered":"<p>Por Juan Limachi y Carlos Acat LIMA, 23 mar (Xinhua) &#8212; Los peruanos reciben con gran esperanza la gesti\u00f3n del nuevo presidente Mart\u00edn Vizcarra, quien llega al cargo tras la renuncia de Pedro Pablo Kuczynski en medio de una crisis pol\u00edtica por las corruptelas de la constructora brasile\u00f1a Odebrecht. \u00abNosotros recibimos esta noticia con mucha [&hellip;]<\/p>\n","protected":false},"author":3,"featured_media":0,"comment_status":"open","ping_status":"open","sticky":false,"template":"","format":"standard","meta":{"footnotes":""},"categories":[23],"tags":[],"class_list":["post-231306","post","type-post","status-publish","format-standard","hentry","category-internacional"],"_links":{"self":[{"href":"https:\/\/diariodominicano.com\/index.php?rest_route=\/wp\/v2\/posts\/231306","targetHints":{"allow":["GET"]}}],"collection":[{"href":"https:\/\/diariodominicano.com\/index.php?rest_route=\/wp\/v2\/posts"}],"about":[{"href":"https:\/\/diariodominicano.com\/index.php?rest_route=\/wp\/v2\/types\/post"}],"author":[{"embeddable":true,"href":"https:\/\/diariodominicano.com\/index.php?rest_route=\/wp\/v2\/users\/3"}],"replies":[{"embeddable":true,"href":"https:\/\/diariodominicano.com\/index.php?rest_route=%2Fwp%2Fv2%2Fcomments&post=231306"}],"version-history":[{"count":0,"href":"https:\/\/diariodominicano.com\/index.php?rest_route=\/wp\/v2\/posts\/231306\/revisions"}],"wp:attachment":[{"href":"https:\/\/diariodominicano.com\/index.php?rest_route=%2Fwp%2Fv2%2Fmedia&parent=231306"}],"wp:term":[{"taxonomy":"category","embeddable":true,"href":"https:\/\/diariodominicano.com\/index.php?rest_route=%2Fwp%2Fv2%2Fcategories&post=231306"},{"taxonomy":"post_tag","embeddable":true,"href":"https:\/\/diariodominicano.com\/index.php?rest_route=%2Fwp%2Fv2%2Ftags&post=231306"}],"curies":[{"name":"wp","href":"https:\/\/api.w.org\/{rel}","templated":true}]}}