{"id":231305,"date":"2018-03-23T21:19:37","date_gmt":"2018-03-23T21:19:37","guid":{"rendered":"http:\/\/diariodominicano.ddns.net\/?p=231305"},"modified":"2018-03-23T21:19:37","modified_gmt":"2018-03-23T21:19:37","slug":"martin-vizcarra-de-empresario-a-presidente-de-peru","status":"publish","type":"post","link":"https:\/\/diariodominicano.com\/?p=231305","title":{"rendered":"Mart\u00edn Vizcarra, de empresario a presidente de Per\u00fa"},"content":{"rendered":"<p><body><\/p>\n<p><strong> <\/strong><\/p>\n<p><strong>   Por Juan Limachi y Carlos Acat<\/strong><\/p>\n<p><strong>   LIMA, 23 mar (Xinhua) &#8212; <\/strong>Mart\u00edn Vizcarra asumi\u00f3 hoy viernes la presidencia de Per\u00fa, un d\u00eda despu\u00e9s de cumplir 55 a\u00f1os y tras la renuncia de Pedro Pablo Kuczynski como presidente el pasado mi\u00e9rcoles.<\/p>\n<\/p>\n<p>   El nuevo mandatario tendr\u00e1 que regir los destinos del pa\u00eds hasta el pr\u00f3ximo 28 de julio de 2021, tal como manda la Constituci\u00f3n Pol\u00edtica, en medio de una crisis pol\u00edtica provocada por las corruptelas de la constructora brasile\u00f1a Odebrecht.<\/p>\n<\/p>\n<p>   Con un llamado a la unidad para construir un futuro mejor, el nuevo mandatario dijo que \u00ablleg\u00f3 el momento de decir basta\u00bb a los agravios, a las \u00abpeleas encarnizadas\u00bb y poner por delante el inter\u00e9s de todos los peruanos.<\/p>\n<\/p>\n<p>   Tras juramentar en el Congreso Nacional como presidente, Vizcarra dijo que \u00ablo que ha sucedido debe marcar el punto final de una pol\u00edtica de confrontaci\u00f3n\u00bb y debe ser \u00abel punto de partida de una nueva etapa\u00bb, dejando de lado los intereses individuales, dejando \u00abde lado las diferencias pol\u00edticas\u00bb.<\/p>\n<\/p>\n<p>   Mart\u00edn Vizcarra naci\u00f3 en Lima el 22 de marzo de 1963. Es hijo de C\u00e9sar Vizcarra, ex alcalde de Moquegua y miembro de la Asamblea Constituyente (1978-1979), y de la educadora Doris Cornejo.<\/p>\n<\/p>\n<p>   El nuevo presidente se gradu\u00f3 como ingeniero civil en la Universidad Nacional de Ingenier\u00eda (UNI) en 1984 y luego curs\u00f3 el Diplomado en Administraci\u00f3n de Empresas en la Escuela Superior de Administraci\u00f3n de Negocios (ESAN).<\/p>\n<\/p>\n<p>   Vizcarra se dedic\u00f3 al negocio de la construcci\u00f3n, como gerente de operaciones de la empresa familiar C&amp;M Vizcarra (1992-2010), adem\u00e1s de ser decano del Colegio de Ingenieros de Moquegua (2008-2009) y director de la Empresa de Generaci\u00f3n El\u00e9ctrica del Sur (2007-2010).<\/p>\n<\/p>\n<p>   En 2010 estuvo al frente del Movimiento Integraci\u00f3n Regional por Ti, con el cual gan\u00f3 las elecciones para presidente del gobierno regional de Moquegua (sur) y cumplir el periodo correspondiente (2011-2014).<\/p>\n<\/p>\n<p>   Vizcarra se hizo merecedor de un reconocimiento nacional por ubicar a Moquegua en la primera posici\u00f3n en la Evaluaci\u00f3n Censal de Estudiantes realizada por el Ministerio de Educaci\u00f3n, y contribuy\u00f3 a resolver el conflicto del yacimiento minero Quellaveco, entre el Estado, la comunidad y la empresa Anglo Americana en 2012.<\/p>\n<\/p>\n<p>   Invitado por el l\u00edder del Partido Peruanos por el Kambio (PPK), Pedro Kuczynski, decidi\u00f3 participar en las elecciones generales de 2016, en calidad de primer vicepresidente de Per\u00fa.<\/p>\n<\/p>\n<p>   En segunda vuelta electoral y por estrecho margen, el PPK se hizo del primer lugar para gobernar de 2016-2021, frente al partido fujimorista Fuerza Popular.<\/p>\n<\/p>\n<p>   Vizcarra form\u00f3 parte del primer gabinete ministerial de Kuczynski, presidido por el economista Fernando Zavala, en la cartera del Ministerio de Transportes y Comunicaciones (MTC), hasta su renuncia a fines de mayo de 2017.<\/p>\n<\/p>\n<p>   La dimisi\u00f3n se produjo cuando el gobierno de Kuczynski buscaba dar una soluci\u00f3n financiera a trav\u00e9s del Estado, mediante la firma de una adenda al contrato de construcci\u00f3n de un nuevo aeropuerto internacional para la sur-andina regi\u00f3n del Cusco, Chinchero, cuya adjudicaci\u00f3n estaba en manos del consorcio Kuntur Wasi.<\/p>\n<\/p>\n<p>   El tema, por presuntas irregularidades detectadas por la Contralor\u00eda General de la Rep\u00fablica, gener\u00f3 gran pol\u00e9mica en el Congreso Nacional. Sin embargo, la adenda fue suscrita por la entonces viceministra del MTC, Fiorella Molinelli, y la denuncia fue finalmente archivada por el Ministerio P\u00fablico. <\/p>\n<\/p>\n<p>   En septiembre de 2017, Vizcarra fue nombrado embajador de Per\u00fa en Canad\u00e1.<\/p>\n<\/p>\n<p>   Uno de sus mayores logros en este cargo fue la apertura del pabell\u00f3n peruano en la Convenci\u00f3n de Exploraci\u00f3n Minera \u00abProspectors and Developers Association of Canada\u00bb, donde afirm\u00f3 que \u00abest\u00e1n dadas las condiciones en Per\u00fa para que el 2018 sea auspicioso para la inversi\u00f3n minera\u00bb.<\/p>\n<\/p>\n<p>   Vizcarra est\u00e1 casado con la docente Maribel D\u00edaz, tiene cuatro hijos y una nieta. Fin<\/p>\n<h6> 2018-03-23 21:19:37 <\/h6>\n<p><!--\n<link rel=\"stylesheet\" href=\"css\/bootstrap.min.css\">\n\n\n<ul class=\"pagination\">\n\t    \n\t\n\n<li >\n\t<a href='?page_no=10929'>Previous<\/a>\n\t<\/li>\n\n\n       \n    \n\n<li><a href='?page_no=1'>1<\/a><\/li>\n\n\n\n<li><a href='?page_no=2'>2<\/a><\/li>\n\n\n\n<li><a>...<\/a><\/li>\n\n\n\n<li><a href='?page_no=10928'>10928<\/a><\/li>\n\n\n\n<li><a href='?page_no=10929'>10929<\/a><\/li>\n\n\n\n<li class='active'><a>10930<\/a><\/li>\n\n\n\n<li><a href='?page_no=10931'>10931<\/a><\/li>\n\n\n\n<li><a href='?page_no=10932'>10932<\/a><\/li>\n\n\n\n<li><a>...<\/a><\/li>\n\n\n\n<li><a href='?page_no=51012'>51012<\/a><\/li>\n\n\n\n<li><a href='?page_no=51013'>51013<\/a><\/li>\n\n    \n\t\n\n<li >\n\t<a href='?page_no=10931'>Next<\/a>\n\t<\/li>\n\n\n    \n\n<li><a href='?page_no=51013'>Last &rsaquo;&rsaquo;<\/a><\/li>\n\n<\/ul>\n\n\n--><br \/>\n<\/body><\/p>\n","protected":false},"excerpt":{"rendered":"<p>Por Juan Limachi y Carlos Acat LIMA, 23 mar (Xinhua) &#8212; Mart\u00edn Vizcarra asumi\u00f3 hoy viernes la presidencia de Per\u00fa, un d\u00eda despu\u00e9s de cumplir 55 a\u00f1os y tras la renuncia de Pedro Pablo Kuczynski como presidente el pasado mi\u00e9rcoles. El nuevo mandatario tendr\u00e1 que regir los destinos del pa\u00eds hasta el pr\u00f3ximo 28 de [&hellip;]<\/p>\n","protected":false},"author":3,"featured_media":0,"comment_status":"open","ping_status":"open","sticky":false,"template":"","format":"standard","meta":{"footnotes":""},"categories":[23],"tags":[],"class_list":["post-231305","post","type-post","status-publish","format-standard","hentry","category-internacional"],"_links":{"self":[{"href":"https:\/\/diariodominicano.com\/index.php?rest_route=\/wp\/v2\/posts\/231305","targetHints":{"allow":["GET"]}}],"collection":[{"href":"https:\/\/diariodominicano.com\/index.php?rest_route=\/wp\/v2\/posts"}],"about":[{"href":"https:\/\/diariodominicano.com\/index.php?rest_route=\/wp\/v2\/types\/post"}],"author":[{"embeddable":true,"href":"https:\/\/diariodominicano.com\/index.php?rest_route=\/wp\/v2\/users\/3"}],"replies":[{"embeddable":true,"href":"https:\/\/diariodominicano.com\/index.php?rest_route=%2Fwp%2Fv2%2Fcomments&post=231305"}],"version-history":[{"count":0,"href":"https:\/\/diariodominicano.com\/index.php?rest_route=\/wp\/v2\/posts\/231305\/revisions"}],"wp:attachment":[{"href":"https:\/\/diariodominicano.com\/index.php?rest_route=%2Fwp%2Fv2%2Fmedia&parent=231305"}],"wp:term":[{"taxonomy":"category","embeddable":true,"href":"https:\/\/diariodominicano.com\/index.php?rest_route=%2Fwp%2Fv2%2Fcategories&post=231305"},{"taxonomy":"post_tag","embeddable":true,"href":"https:\/\/diariodominicano.com\/index.php?rest_route=%2Fwp%2Fv2%2Ftags&post=231305"}],"curies":[{"name":"wp","href":"https:\/\/api.w.org\/{rel}","templated":true}]}}