{"id":231302,"date":"2018-03-23T21:29:07","date_gmt":"2018-03-23T21:29:07","guid":{"rendered":"http:\/\/diariodominicano.ddns.net\/?p=231302"},"modified":"2018-03-23T21:29:07","modified_gmt":"2018-03-23T21:29:07","slug":"toma-de-rehenes-en-francia-termina-con-3-muertos-incluido-el-perpetrador","status":"publish","type":"post","link":"https:\/\/diariodominicano.com\/?p=231302","title":{"rendered":"&#13;Toma de rehenes en Francia termina con 3 muertos, incluido el perpetrador"},"content":{"rendered":"<p><body><\/p>\n<p><img decoding=\"async\" src=\"img3\/francia-rehenes1.jpg\" \/>  <\/p>\n<\/p>\n<p><strong>   PARIS, 23 mar (Xinhua) &#8212; <\/strong>El incidente de toma de rehenes en un supermercado en Trebes, sur de Francia, termin\u00f3 con un saldo de tres muertos, incluido el perpetrador.<\/p>\n<\/p>\n<p>   El hombre que tom\u00f3 rehenes fue abatido a tiros por la polic\u00eda, confirm\u00f3 el ministro franc\u00e9s del Interior, Gerard Collomb.<\/p>\n<\/p>\n<p>   \u00abQuien retuvo a los rehenes ha muerto\u00bb, inform\u00f3 el ministro.<\/p>\n<\/p>\n<p>   Unidades antiterroristas llegaron al supermercado donde el hombre de 26 a\u00f1os de edad, identificado como Redouane Lakdim y quien afirm\u00f3 ser integrante del Estado Isl\u00e1mico (EI), retuvo a varios rehenes esta ma\u00f1ana. <\/p>\n<\/p>\n<p>   Lakdim grit\u00f3 \u00abAllahu Akbar\u00bb (Dios es grande) al irrumpir en el lugar. El atacante mat\u00f3 a dos personas e hiri\u00f3 a un oficial en el incidente de toma de rehenes que comenz\u00f3 alrededor de las 11:00 hora local (10:00 GMT).<\/p>\n<\/p>\n<p>   El ministro se\u00f1al\u00f3 que el hombre armado mat\u00f3 a una persona e hiri\u00f3 a otra cuando rob\u00f3 un veh\u00edculo  <\/p>\n<\/p>\n<p>   Tambi\u00e9n abri\u00f3 fuego contra un oficial de la polic\u00eda en Carcasson, a unos 20 minutos de la ciudad de Trebes.<\/p>\n<\/p>\n<p>   Lakdim, de origen marroqu\u00ed, actu\u00f3 solo, aclar\u00f3 el ministro.<\/p>\n<\/p>\n<p>   \u00c9l era conocido por la polic\u00eda por robo y tr\u00e1fico de drogas, pero no hab\u00eda mostrado se\u00f1ales de radicalizaci\u00f3n, a\u00f1adi\u00f3 Collomb.<\/p>\n<\/p>\n<p>   Aparentemente Lakdim demandaba la liberaci\u00f3n de Salah Abdeslam, el \u00fanico sospechoso sobreviviente de los ataques en Par\u00eds de noviembre de 2015, que causaron la muerte a 130 personas.<\/p>\n<\/p>\n<p>   Esta ma\u00f1ana, el primer ministro franc\u00e9s Edouard Philippe describi\u00f3 el incidente de toma de rehenes como un \u00abacto terrorista\u00bb.<\/p>\n<\/p>\n<p>   La divisi\u00f3n antiterrorismo francesa de los fiscales de Par\u00eds abri\u00f3 una investigaci\u00f3n sobre el ataque. Fin<\/p>\n<h6> 2018-03-23 21:29:07 <\/h6>\n<p><!--\n<link rel=\"stylesheet\" href=\"css\/bootstrap.min.css\">\n\n\n<ul class=\"pagination\">\n\t    \n\t\n\n<li >\n\t<a href='?page_no=10927'>Previous<\/a>\n\t<\/li>\n\n\n       \n    \n\n<li><a href='?page_no=1'>1<\/a><\/li>\n\n\n\n<li><a href='?page_no=2'>2<\/a><\/li>\n\n\n\n<li><a>...<\/a><\/li>\n\n\n\n<li><a href='?page_no=10926'>10926<\/a><\/li>\n\n\n\n<li><a href='?page_no=10927'>10927<\/a><\/li>\n\n\n\n<li class='active'><a>10928<\/a><\/li>\n\n\n\n<li><a href='?page_no=10929'>10929<\/a><\/li>\n\n\n\n<li><a href='?page_no=10930'>10930<\/a><\/li>\n\n\n\n<li><a>...<\/a><\/li>\n\n\n\n<li><a href='?page_no=51012'>51012<\/a><\/li>\n\n\n\n<li><a href='?page_no=51013'>51013<\/a><\/li>\n\n    \n\t\n\n<li >\n\t<a href='?page_no=10929'>Next<\/a>\n\t<\/li>\n\n\n    \n\n<li><a href='?page_no=51013'>Last &rsaquo;&rsaquo;<\/a><\/li>\n\n<\/ul>\n\n\n--><br \/>\n<\/body><\/p>\n","protected":false},"excerpt":{"rendered":"<p>PARIS, 23 mar (Xinhua) &#8212; El incidente de toma de rehenes en un supermercado en Trebes, sur de Francia, termin\u00f3 con un saldo de tres muertos, incluido el perpetrador. El hombre que tom\u00f3 rehenes fue abatido a tiros por la polic\u00eda, confirm\u00f3 el ministro franc\u00e9s del Interior, Gerard Collomb. \u00abQuien retuvo a los rehenes ha [&hellip;]<\/p>\n","protected":false},"author":3,"featured_media":0,"comment_status":"open","ping_status":"open","sticky":false,"template":"","format":"standard","meta":{"footnotes":""},"categories":[23],"tags":[],"class_list":["post-231302","post","type-post","status-publish","format-standard","hentry","category-internacional"],"_links":{"self":[{"href":"https:\/\/diariodominicano.com\/index.php?rest_route=\/wp\/v2\/posts\/231302","targetHints":{"allow":["GET"]}}],"collection":[{"href":"https:\/\/diariodominicano.com\/index.php?rest_route=\/wp\/v2\/posts"}],"about":[{"href":"https:\/\/diariodominicano.com\/index.php?rest_route=\/wp\/v2\/types\/post"}],"author":[{"embeddable":true,"href":"https:\/\/diariodominicano.com\/index.php?rest_route=\/wp\/v2\/users\/3"}],"replies":[{"embeddable":true,"href":"https:\/\/diariodominicano.com\/index.php?rest_route=%2Fwp%2Fv2%2Fcomments&post=231302"}],"version-history":[{"count":0,"href":"https:\/\/diariodominicano.com\/index.php?rest_route=\/wp\/v2\/posts\/231302\/revisions"}],"wp:attachment":[{"href":"https:\/\/diariodominicano.com\/index.php?rest_route=%2Fwp%2Fv2%2Fmedia&parent=231302"}],"wp:term":[{"taxonomy":"category","embeddable":true,"href":"https:\/\/diariodominicano.com\/index.php?rest_route=%2Fwp%2Fv2%2Fcategories&post=231302"},{"taxonomy":"post_tag","embeddable":true,"href":"https:\/\/diariodominicano.com\/index.php?rest_route=%2Fwp%2Fv2%2Ftags&post=231302"}],"curies":[{"name":"wp","href":"https:\/\/api.w.org\/{rel}","templated":true}]}}