{"id":231298,"date":"2018-03-24T14:28:25","date_gmt":"2018-03-24T14:28:25","guid":{"rendered":"http:\/\/diariodominicano.ddns.net\/?p=231298"},"modified":"2018-03-24T14:28:25","modified_gmt":"2018-03-24T14:28:25","slug":"dialogo-previo-a-cumbre-intercoreana-se-realizara-la-proxima-semana","status":"publish","type":"post","link":"https:\/\/diariodominicano.com\/?p=231298","title":{"rendered":"Di\u00e1logo previo a cumbre intercoreana se realizar\u00e1 la pr\u00f3xima semana"},"content":{"rendered":"<p><body><\/p>\n<p><img decoding=\"async\" src=\"img3\/1Corea-Norte-Sur.jpg\" \/>  <\/p>\n<p><span class=\"text1noticias\">Se\u00fal, 24 mar (PL) Corea del Sur y la Rep\u00fablica Popular Democr\u00e1tica de Corea (RPDC) pactaron hoy realizar el 29 de marzo un di\u00e1logo de alto nivel para discutir los pormenores de una cumbre entre los presidentes de ambos pa\u00edses.<\/span><\/p>\n<\/p>\n<p><span class=\"text1noticias\">El Ministerio de Unificaci\u00f3n confirm\u00f3 este s\u00e1bado que el encuentro preparatorio tendr\u00e1 lugar en el \u00e1rea septentrional de la Zona Desmilitarizada que divide a las dos coreas.<\/span><\/p>\n<\/p>\n<p><span class=\"text1noticias\">De acuerdo con esa cartera, las partes estar\u00e1n representadas por una delegaci\u00f3n de tres miembros, lideradas por el presidente del Comit\u00e9 para la Reunificaci\u00f3n Pac\u00edfica de la Patria de Corea del Norte, Ri Son-gwon; y el ministro surcoreano de Unificaci\u00f3n, Cho Myoung-gyon.<\/span><\/p>\n<\/p>\n<p><span class=\"text1noticias\">La cita entre los mandatarios Mon Jae-in y Kim Jong-un, de la Rep\u00fablica de Corea y la RPDC, respectivamente, est\u00e1 prevista para finales de abril pr\u00f3ximo, y en ella conversar\u00e1n sobre la seguridad de la pen\u00ednsula coreana.<\/span><\/p>\n<\/p>\n<p><span class=\"text1noticias\">De concretarse, ser\u00eda la tercera cumbre que sostienen presidentes de las dos coreas, despu\u00e9s de las celebradas en 2000 y 2007.<\/span><\/p>\n<\/p>\n<p><span class=\"text1noticias\">El actual escenario de di\u00e1logos en busca del entendimiento y la paz tiene como punto inicial el anuncio del l\u00edder norcoreano a principios de este a\u00f1o sobre su disposici\u00f3n a enviar una delegaci\u00f3n a los Juegos Ol\u00edmpicos de Invierno.<\/span><\/p>\n<\/p>\n<p><span class=\"text1noticias\">Desde entonces, altos funcionarios de los dos pa\u00edses sostuvieron tres encuentros en enero en Panmunjom, la zona fronteriza entre ambos Estados, y llegaron a varios acuerdos avalados por el Comit\u00e9 Ol\u00edmpico Internacional y concretados en la cita multideportiva.<\/span><\/p>\n<\/p>\n<p><span class=\"text1noticias\">El acercamiento conllev\u00f3 a la reactivaci\u00f3n del canal de comunicaci\u00f3n, interrumpido en 2016, y a abordar temas relacionados con la reunificaci\u00f3n de las familias separadas por la guerra en la d\u00e9cada de 1950.<\/span><\/p>\n<\/p>\n<p><span class=\"text1noticias\">Recientemente, Kim invit\u00f3 a trav\u00e9s de una carta a Moon a visitar su pa\u00eds lo antes posible, en la cual ratific\u00f3 la voluntad de mejorar las relaciones Sur-Norte.<\/span><\/p>\n<\/p>\n<p><span class=\"text1noticias\">Se espera que el presidente norcoreano y su hom\u00f3logo de Estados Unidos, Donald Trump, realicen una cumbre en mayo, a la que tambi\u00e9n podr\u00eda asistir Moon.<\/span><\/p>\n<\/p>\n<h6> 2018-03-24 14:28:25 <\/h6>\n<p><!--\n<link rel=\"stylesheet\" href=\"css\/bootstrap.min.css\">\n\n\n<ul class=\"pagination\">\n\t    \n\t\n\n<li >\n\t<a href='?page_no=10923'>Previous<\/a>\n\t<\/li>\n\n\n       \n    \n\n<li><a href='?page_no=1'>1<\/a><\/li>\n\n\n\n<li><a href='?page_no=2'>2<\/a><\/li>\n\n\n\n<li><a>...<\/a><\/li>\n\n\n\n<li><a href='?page_no=10922'>10922<\/a><\/li>\n\n\n\n<li><a href='?page_no=10923'>10923<\/a><\/li>\n\n\n\n<li class='active'><a>10924<\/a><\/li>\n\n\n\n<li><a href='?page_no=10925'>10925<\/a><\/li>\n\n\n\n<li><a href='?page_no=10926'>10926<\/a><\/li>\n\n\n\n<li><a>...<\/a><\/li>\n\n\n\n<li><a href='?page_no=51012'>51012<\/a><\/li>\n\n\n\n<li><a href='?page_no=51013'>51013<\/a><\/li>\n\n    \n\t\n\n<li >\n\t<a href='?page_no=10925'>Next<\/a>\n\t<\/li>\n\n\n    \n\n<li><a href='?page_no=51013'>Last &rsaquo;&rsaquo;<\/a><\/li>\n\n<\/ul>\n\n\n--><br \/>\n<\/body><\/p>\n","protected":false},"excerpt":{"rendered":"<p>Se\u00fal, 24 mar (PL) Corea del Sur y la Rep\u00fablica Popular Democr\u00e1tica de Corea (RPDC) pactaron hoy realizar el 29 de marzo un di\u00e1logo de alto nivel para discutir los pormenores de una cumbre entre los presidentes de ambos pa\u00edses. El Ministerio de Unificaci\u00f3n confirm\u00f3 este s\u00e1bado que el encuentro preparatorio tendr\u00e1 lugar en el [&hellip;]<\/p>\n","protected":false},"author":3,"featured_media":0,"comment_status":"open","ping_status":"open","sticky":false,"template":"","format":"standard","meta":{"footnotes":""},"categories":[23],"tags":[],"class_list":["post-231298","post","type-post","status-publish","format-standard","hentry","category-internacional"],"_links":{"self":[{"href":"https:\/\/diariodominicano.com\/index.php?rest_route=\/wp\/v2\/posts\/231298","targetHints":{"allow":["GET"]}}],"collection":[{"href":"https:\/\/diariodominicano.com\/index.php?rest_route=\/wp\/v2\/posts"}],"about":[{"href":"https:\/\/diariodominicano.com\/index.php?rest_route=\/wp\/v2\/types\/post"}],"author":[{"embeddable":true,"href":"https:\/\/diariodominicano.com\/index.php?rest_route=\/wp\/v2\/users\/3"}],"replies":[{"embeddable":true,"href":"https:\/\/diariodominicano.com\/index.php?rest_route=%2Fwp%2Fv2%2Fcomments&post=231298"}],"version-history":[{"count":0,"href":"https:\/\/diariodominicano.com\/index.php?rest_route=\/wp\/v2\/posts\/231298\/revisions"}],"wp:attachment":[{"href":"https:\/\/diariodominicano.com\/index.php?rest_route=%2Fwp%2Fv2%2Fmedia&parent=231298"}],"wp:term":[{"taxonomy":"category","embeddable":true,"href":"https:\/\/diariodominicano.com\/index.php?rest_route=%2Fwp%2Fv2%2Fcategories&post=231298"},{"taxonomy":"post_tag","embeddable":true,"href":"https:\/\/diariodominicano.com\/index.php?rest_route=%2Fwp%2Fv2%2Ftags&post=231298"}],"curies":[{"name":"wp","href":"https:\/\/api.w.org\/{rel}","templated":true}]}}