{"id":231297,"date":"2018-03-24T14:30:39","date_gmt":"2018-03-24T14:30:39","guid":{"rendered":"http:\/\/diariodominicano.ddns.net\/?p=231297"},"modified":"2018-03-24T14:30:39","modified_gmt":"2018-03-24T14:30:39","slug":"una-bomba-mata-a-un-policia-egipcio-a-dos-dias-de-las-elecciones-con-sisi-como-claro-favorito","status":"publish","type":"post","link":"https:\/\/diariodominicano.com\/?p=231297","title":{"rendered":"Una bomba mata a un polic\u00eda egipcio a dos d\u00edas de las elecciones con Sisi como claro favorito"},"content":{"rendered":"<p><body><\/p>\n<p><img decoding=\"async\" src=\"img3\/a191f5d1936c14bbe21f1cdc4176627448d50c57.jpg\" \/><br \/><img decoding=\"async\" src=\"img3\/29d6bfac02010a243b43509fdf2d89e4cea08327.jpg\" \/><br \/><img decoding=\"async\" src=\"img3\/f682fb85508743d7cc9a8b011e69426d3e865b9b.jpg\" \/>  <\/p>\n<p>AFP \/ FETHI BELAID<\/p>\n<p>Egipcios rezan frente a afiches de la campa\u00f1a presidencial en la mezquita Al Hussein en el centro de El Cairo, el 23 de marzo de 2018<\/p>\n<p>Un atentado con coche bomba mat\u00f3 a un polic\u00eda egipcio este s\u00e1bado en Alejandr\u00eda, a dos d\u00edas de las elecciones presidenciales en las que parte como claro favorito el actual l\u00edder del pa\u00eds, Abdel Fatah Al Sisi, que se presenta para un segundo mandato de cuatro a\u00f1os.<\/p>\n<\/p>\n<p>La explosi\u00f3n se produjo al paso de un convoy en el que viajaba el director de seguridad de la ciudad, el general Mostafa el Nemr, que sali\u00f3 indemne del ataque.<\/p>\n<\/p>\n<p>La bomba dej\u00f3 un polic\u00eda muerto y cuatro heridos, que fueron traslados a un hospital militar de la ciudad, dijo en un comunicado el portavoz del ministerio de Salud, Jaled Megahed.<\/p>\n<\/p>\n<p>El atentado a\u00fan no ha sido reivindicado, y el fiscal general Nabil Sadek orden\u00f3 la apertura de una \u00abinvestigaci\u00f3n urgente\u00bb, seg\u00fan la prensa estatal.<\/p>\n<\/p>\n<p>&#8211; Antes de las elecciones &#8211;<\/p>\n<\/p>\n<p>Estos hechos ocurrieron a apenas dos d\u00edas del comienzo de las elecciones presidenciales, en las que se espera que Al Sisi sea reelegido c\u00f3modamente para un segundo mandato.<\/p>\n<\/p>\n<p>El mandatario tom\u00f3 las riendas del pa\u00eds tras destituir en 2013 al primer presidente civil elegido democr\u00e1ticamente en Egipto, el islamista Mohamed Mursi. Al Sisi fue elegido oficialmente presidente en 2014, y desde entonces ha llevado a cabo una dura represi\u00f3n contra la oposici\u00f3n islamista y tambi\u00e9n contra los liberales.<\/p>\n<\/p>\n<p>El \u00fanico adversario de Al Sisi, 63 a\u00f1os, es un gran desconocido del ciudadano de a pie, Musa Mostafa Musa, de 65 a\u00f1os. Este \u00faltimo, uno de los m\u00e1s fervientes apoyos del mandatario, decidi\u00f3 presentarse para evitar que Al Sisi se presentara solo.<\/p>\n<\/p>\n<p>En ese contexto, el dato al que habr\u00e1 que prestar atenci\u00f3n en las elecciones de este a\u00f1o ser\u00e1 la tasa de participaci\u00f3n.<\/p>\n<\/p>\n<p>En las \u00faltimas presidenciales, esta alcanz\u00f3 el 37% tras dos d\u00edas de elecciones. Las autoridades decidieron prolongarlas un d\u00eda m\u00e1s, y la participaci\u00f3n fue del 47,5%.<\/p>\n<\/p>\n<p>AFP \/<\/p>\n<p>Egipto<\/p>\n<p>Egipto ha sido escenario de varios atentados en los \u00faltimos a\u00f1os, reivindicados en su mayor\u00eda por el grupo yihadista Estado Isl\u00e1mico (EI), que apunta sobre todo a los miembros de las fuerzas de seguridad, aunque tambi\u00e9n ha matado a civiles.<\/p>\n<\/p>\n<p>El grupo asegur\u00f3, por ejemplo, haber causado la explosi\u00f3n que mat\u00f3 a las 224 personas que viajaban a bordo de un avi\u00f3n ruso el 31 de octubre de 2015, en la pen\u00ednsula del Sina\u00ed.<\/p>\n<\/p>\n<p>El a\u00f1o pasado los coptos, una minor\u00eda que representa al 10% de los 96 millones de habitantes del pa\u00eds, fueron v\u00edctimas de numerosos atentados. El 9 de abril, en plena celebraci\u00f3n del domingo de Ramos, kamikazes del EI atacaron dos iglesias del norte de Egipto, en Tanta y Alejandr\u00eda, causando 45 muertos.<\/p>\n<\/p>\n<p>Las autoridades decretaron entonces el estado de emergencia, que sigue vigente en el pa\u00eds.<\/p>\n<\/p>\n<p>&#8211; Culto a la personalidad &#8211;<\/p>\n<\/p>\n<p>AFP\/Archivos \/ Khaled DESOUKI<\/p>\n<p>En esta foto del 11 de octubre de 2015 el presidente egipcio Abdel Fatah Al Sisi participa en una ceremonia en el palacio presidencial en El Cairo<\/p>\n<p>A modo de campa\u00f1a, Al Sisi increment\u00f3 sus apariciones en varios eventos cubiertos por la televisi\u00f3n. Los diarios, por su parte, dedican mucho espacio a sus hechos y gestos.<\/p>\n<\/p>\n<p>Las ciudades, especialmente El Cairo, est\u00e1n inundadas de retratos del dirigente, al que se prodiga un verdadero culto a la personalidad. En pocos carteles aparece Mostafa Musa.<\/p>\n<\/p>\n<p>Muchos egipcios, principalmente comerciantes, compraron por iniciativa propia los retratos de Al Sisi al que consideran el art\u00edfice de la vuelta a la calma en el pa\u00eds, cuya revoluci\u00f3n de 2011 expuls\u00f3 del poder al presidente Hosni Mubarak.<\/p>\n<\/p>\n<p>Pero, con la crisis econ\u00f3mica y la vuelta a un r\u00e9gimen a menudo considerado como m\u00e1s autoritario a\u00fan que el de Mubarak, la simpat\u00eda por el presidente empieza a desvanecerse.<\/p>\n<\/p>\n<p>El mandatario prometi\u00f3, al inicio de su primer mandato, que devolver\u00eda la estabilidad al pa\u00eds, incluso en el apartado econ\u00f3mico. En 2016 emprendi\u00f3 un ambicioso programa de reformas, con el objetivo de obtener un pr\u00e9stamo del Fondo Monetario Internacional de 12.000 millones de d\u00f3lares.<\/p>\n<\/p>\n<p>Una de sus reformas consisti\u00f3 en dejar flotar la moneda nacional a partir de noviembre de 2016, lo que provoc\u00f3 que un fuerte aumento de los precios desde entonces, impactando duramente en los hogares.<\/p>\n<\/p>\n<p>AFP \/ FETHI BELAID<\/p>\n<p>La gente camina bajo pancartas de la campa\u00f1a presidencial cerca del viejo mercado de Jan el Jalili en el centro de El Cairo el 23 de marzo de 2018<\/p>\n<p>Pero, pese a las fuertes dificultades econ\u00f3micas, el pa\u00eds no se ha visto sacudido por ninguna protesta pues Al Sisi, quinto presidente egipcio salido del ej\u00e9rcito desde 1952, gobierna con mano dura desde la destituci\u00f3n de Mursi.<\/p>\n<\/p>\n<p>Miles de simpatizantes del expresidente islamista fueron ejecutados o encarcelados y cientos, incluyendo al propio Mursi, fueron condenados en procesos expeditos muy criticados por la ONU.<\/p>\n<\/p>\n<p>Seg\u00fan Reporteros Sin Fronteras, 30 periodistas est\u00e1n encarcelados en Egipto en la actualidad, y cerca de 500 portales de internet, bloqueados.<\/p>\n<h6> 2018-03-24 14:30:39 <\/h6>\n<p><!--\n<link rel=\"stylesheet\" href=\"css\/bootstrap.min.css\">\n\n\n<ul class=\"pagination\">\n\t    \n\t\n\n<li >\n\t<a href='?page_no=10922'>Previous<\/a>\n\t<\/li>\n\n\n       \n    \n\n<li><a href='?page_no=1'>1<\/a><\/li>\n\n\n\n<li><a href='?page_no=2'>2<\/a><\/li>\n\n\n\n<li><a>...<\/a><\/li>\n\n\n\n<li><a href='?page_no=10921'>10921<\/a><\/li>\n\n\n\n<li><a href='?page_no=10922'>10922<\/a><\/li>\n\n\n\n<li class='active'><a>10923<\/a><\/li>\n\n\n\n<li><a href='?page_no=10924'>10924<\/a><\/li>\n\n\n\n<li><a href='?page_no=10925'>10925<\/a><\/li>\n\n\n\n<li><a>...<\/a><\/li>\n\n\n\n<li><a href='?page_no=51012'>51012<\/a><\/li>\n\n\n\n<li><a href='?page_no=51013'>51013<\/a><\/li>\n\n    \n\t\n\n<li >\n\t<a href='?page_no=10924'>Next<\/a>\n\t<\/li>\n\n\n    \n\n<li><a href='?page_no=51013'>Last &rsaquo;&rsaquo;<\/a><\/li>\n\n<\/ul>\n\n\n--><br \/>\n<\/body><\/p>\n","protected":false},"excerpt":{"rendered":"<p>AFP \/ FETHI BELAID Egipcios rezan frente a afiches de la campa\u00f1a presidencial en la mezquita Al Hussein en el centro de El Cairo, el 23 de marzo de 2018 Un atentado con coche bomba mat\u00f3 a un polic\u00eda egipcio este s\u00e1bado en Alejandr\u00eda, a dos d\u00edas de las elecciones presidenciales en las que parte [&hellip;]<\/p>\n","protected":false},"author":3,"featured_media":0,"comment_status":"open","ping_status":"open","sticky":false,"template":"","format":"standard","meta":{"footnotes":""},"categories":[23],"tags":[],"class_list":["post-231297","post","type-post","status-publish","format-standard","hentry","category-internacional"],"_links":{"self":[{"href":"https:\/\/diariodominicano.com\/index.php?rest_route=\/wp\/v2\/posts\/231297","targetHints":{"allow":["GET"]}}],"collection":[{"href":"https:\/\/diariodominicano.com\/index.php?rest_route=\/wp\/v2\/posts"}],"about":[{"href":"https:\/\/diariodominicano.com\/index.php?rest_route=\/wp\/v2\/types\/post"}],"author":[{"embeddable":true,"href":"https:\/\/diariodominicano.com\/index.php?rest_route=\/wp\/v2\/users\/3"}],"replies":[{"embeddable":true,"href":"https:\/\/diariodominicano.com\/index.php?rest_route=%2Fwp%2Fv2%2Fcomments&post=231297"}],"version-history":[{"count":0,"href":"https:\/\/diariodominicano.com\/index.php?rest_route=\/wp\/v2\/posts\/231297\/revisions"}],"wp:attachment":[{"href":"https:\/\/diariodominicano.com\/index.php?rest_route=%2Fwp%2Fv2%2Fmedia&parent=231297"}],"wp:term":[{"taxonomy":"category","embeddable":true,"href":"https:\/\/diariodominicano.com\/index.php?rest_route=%2Fwp%2Fv2%2Fcategories&post=231297"},{"taxonomy":"post_tag","embeddable":true,"href":"https:\/\/diariodominicano.com\/index.php?rest_route=%2Fwp%2Fv2%2Ftags&post=231297"}],"curies":[{"name":"wp","href":"https:\/\/api.w.org\/{rel}","templated":true}]}}