{"id":231295,"date":"2018-03-24T14:39:02","date_gmt":"2018-03-24T14:39:02","guid":{"rendered":"http:\/\/diariodominicano.ddns.net\/?p=231295"},"modified":"2018-03-24T14:39:02","modified_gmt":"2018-03-24T14:39:02","slug":"empresariado-chino-rechaza-medidas-proteccionistas-de-ee-uu","status":"publish","type":"post","link":"https:\/\/diariodominicano.com\/?p=231295","title":{"rendered":"&#13;Empresariado chino rechaza medidas proteccionistas de EE.UU."},"content":{"rendered":"<p><body><\/p>\n<p><img decoding=\"async\" src=\"img3\/china-comercio-chen-zhou.jpg\" \/>  <\/p>\n<p><span class=\"text1noticias\">Beijing, 24 mar (PL) El empresariado chino expres\u00f3 hoy su rechazo a la saga de medidas proteccionistas de Estados Unidos, en especial el alza arancelaria por 60 mil millones de d\u00f3lares aplicado contra m\u00faltiples productos de este pa\u00eds.<\/span><\/p>\n<p><span class=\"text1noticias\"> <\/span><\/p>\n<p><span class=\"text1noticias\">Chen Zhou, vicepresidente de la C\u00e1mara de Comercio Internacional, dijo a periodistas que las investigaciones usadas como justificaci\u00f3n de tales acciones carecen de evidencias concretas.<\/span><\/p>\n<p><span class=\"text1noticias\"> <\/span><\/p>\n<p><span class=\"text1noticias\">El gobierno norteamericano -indic\u00f3- no suministr\u00f3 pruebas sustanciales que apoyen acusaciones como el supuesto robo de transferencia tecnol\u00f3gica, al contrario, todo apunta a que la protecci\u00f3n de los derechos de propiedad intelectual aqu\u00ed han mejorado significativamente.<\/span><\/p>\n<p><span class=\"text1noticias\"> <\/span><\/p>\n<p><span class=\"text1noticias\">&#8216;Las medidas proteccionistas impuestas por Estados Unidos pueden desencadenar una guerra comercial con p\u00e9rdidas incalculables para el sector empresarial, consumidores y trabajadores en su territorio, en China y otros pa\u00edses&#8217;, afirm\u00f3 Chen.<\/span><\/p>\n<p><span class=\"text1noticias\"> <\/span><\/p>\n<p><span class=\"text1noticias\">Por tanto llam\u00f3 a Washington a resolver las diferencias por la v\u00eda del di\u00e1logo y las consultas bilaterales.<\/span><\/p>\n<p><span class=\"text1noticias\"> <\/span><\/p>\n<p><span class=\"text1noticias\">China inform\u00f3 ayer sobre la inclusi\u00f3n de 128 productos de Estados Unidos en los grav\u00e1menes por tres mil millones de d\u00f3lares que aplicar\u00e1 a las importaciones norteamericanas para balancear las p\u00e9rdidas por el alza tarifaria a sus mercanc\u00edas que aprob\u00f3 el jueves el presidente Donald Trump.<\/span><\/p>\n<p><span class=\"text1noticias\"> <\/span><\/p>\n<p><span class=\"text1noticias\">Seg\u00fan un comunicado del Ministerio de Comercio, la medida se implementar\u00e1 en dos fases. Primero habr\u00e1 un incremento de 15 por ciento en los aranceles de art\u00edculos como el vino, frutas y nueces si las dos naciones no llegan a un acuerdo pronto sobre sus diferencias. La segunda etapa prev\u00e9 un alza de 25 por ciento en las tarifas a la importaci\u00f3n de la carne de cerdo y el aluminio reciclado, entre otros productos, tras evaluar el impacto de las nuevas pol\u00edticas estadounidenses bajo el argumento de contrarrestar presuntas pr\u00e1cticas negativas para su desarrollo.<\/span><\/p>\n<p><span class=\"text1noticias\"> <\/span><\/p>\n<p><span class=\"text1noticias\">El Ministerio consider\u00f3 ese acto una seria violaci\u00f3n de las reglas de la Organizaci\u00f3n Mundial del Comercio y los intereses nacionales, por lo que anunci\u00f3 los planes de Beijing de proceder con un recurso legal contra Washington ante la entidad global.<\/span><\/p>\n<h6> 2018-03-24 14:39:02 <\/h6>\n<p><!--\n<link rel=\"stylesheet\" href=\"css\/bootstrap.min.css\">\n\n\n<ul class=\"pagination\">\n\t    \n\t\n\n<li >\n\t<a href='?page_no=10920'>Previous<\/a>\n\t<\/li>\n\n\n       \n    \n\n<li><a href='?page_no=1'>1<\/a><\/li>\n\n\n\n<li><a href='?page_no=2'>2<\/a><\/li>\n\n\n\n<li><a>...<\/a><\/li>\n\n\n\n<li><a href='?page_no=10919'>10919<\/a><\/li>\n\n\n\n<li><a href='?page_no=10920'>10920<\/a><\/li>\n\n\n\n<li class='active'><a>10921<\/a><\/li>\n\n\n\n<li><a href='?page_no=10922'>10922<\/a><\/li>\n\n\n\n<li><a href='?page_no=10923'>10923<\/a><\/li>\n\n\n\n<li><a>...<\/a><\/li>\n\n\n\n<li><a href='?page_no=51012'>51012<\/a><\/li>\n\n\n\n<li><a href='?page_no=51013'>51013<\/a><\/li>\n\n    \n\t\n\n<li >\n\t<a href='?page_no=10922'>Next<\/a>\n\t<\/li>\n\n\n    \n\n<li><a href='?page_no=51013'>Last &rsaquo;&rsaquo;<\/a><\/li>\n\n<\/ul>\n\n\n--><br \/>\n<\/body><\/p>\n","protected":false},"excerpt":{"rendered":"<p>Beijing, 24 mar (PL) El empresariado chino expres\u00f3 hoy su rechazo a la saga de medidas proteccionistas de Estados Unidos, en especial el alza arancelaria por 60 mil millones de d\u00f3lares aplicado contra m\u00faltiples productos de este pa\u00eds. Chen Zhou, vicepresidente de la C\u00e1mara de Comercio Internacional, dijo a periodistas que las investigaciones usadas como [&hellip;]<\/p>\n","protected":false},"author":3,"featured_media":0,"comment_status":"open","ping_status":"open","sticky":false,"template":"","format":"standard","meta":{"footnotes":""},"categories":[23],"tags":[],"class_list":["post-231295","post","type-post","status-publish","format-standard","hentry","category-internacional"],"_links":{"self":[{"href":"https:\/\/diariodominicano.com\/index.php?rest_route=\/wp\/v2\/posts\/231295","targetHints":{"allow":["GET"]}}],"collection":[{"href":"https:\/\/diariodominicano.com\/index.php?rest_route=\/wp\/v2\/posts"}],"about":[{"href":"https:\/\/diariodominicano.com\/index.php?rest_route=\/wp\/v2\/types\/post"}],"author":[{"embeddable":true,"href":"https:\/\/diariodominicano.com\/index.php?rest_route=\/wp\/v2\/users\/3"}],"replies":[{"embeddable":true,"href":"https:\/\/diariodominicano.com\/index.php?rest_route=%2Fwp%2Fv2%2Fcomments&post=231295"}],"version-history":[{"count":0,"href":"https:\/\/diariodominicano.com\/index.php?rest_route=\/wp\/v2\/posts\/231295\/revisions"}],"wp:attachment":[{"href":"https:\/\/diariodominicano.com\/index.php?rest_route=%2Fwp%2Fv2%2Fmedia&parent=231295"}],"wp:term":[{"taxonomy":"category","embeddable":true,"href":"https:\/\/diariodominicano.com\/index.php?rest_route=%2Fwp%2Fv2%2Fcategories&post=231295"},{"taxonomy":"post_tag","embeddable":true,"href":"https:\/\/diariodominicano.com\/index.php?rest_route=%2Fwp%2Fv2%2Ftags&post=231295"}],"curies":[{"name":"wp","href":"https:\/\/api.w.org\/{rel}","templated":true}]}}