{"id":231294,"date":"2018-03-24T14:39:16","date_gmt":"2018-03-24T14:39:16","guid":{"rendered":"http:\/\/diariodominicano.ddns.net\/?p=231294"},"modified":"2018-03-24T14:39:16","modified_gmt":"2018-03-24T14:39:16","slug":"francia-saluda-al-policia-heroe-que-fallecio-tras-atentado-islamista","status":"publish","type":"post","link":"https:\/\/diariodominicano.com\/?p=231294","title":{"rendered":"&#13;Francia saluda al polic\u00eda h\u00e9roe que falleci\u00f3 tras atentado islamista"},"content":{"rendered":"<p><body><\/p>\n<p><img decoding=\"async\" src=\"img3\/59d9d6a5c65bc8ea3e82c4e7c27c5222c8e52d90.jpg\" \/><br \/><img decoding=\"async\" src=\"img3\/9a23cc8be062557214cfd96b7864c3cf03c39d47.jpg\" \/><br \/><img decoding=\"async\" src=\"img3\/08dc21526e36b2e6a59a6019593e98a15e5e70d1.jpg\" \/>  <\/p>\n<\/p>\n<p>AFP \/ ERIC CABANIS<\/p>\n<p>La polic\u00eda de \u00e9lite francesa fuera del supermercado en Trebes (sur) donde el asaltante tom\u00f3 rehenes, el 23 de marzo de 2018<\/p>\n<p>El presidente franc\u00e9s Emmanuel Macron rindi\u00f3 homenaje al polic\u00eda que se ofreci\u00f3 voluntariamente como reh\u00e9n durante el ataque islamista en el sur de Francia, y que falleci\u00f3 este s\u00e1bado, con lo que el saldo final aument\u00f3 a cuatro muertos.<\/p>\n<\/p>\n<p>Los investigadores hallaron en el domicilio del atacante, que muri\u00f3 durante el asalto policial, notas que hac\u00edan \u00abalusi\u00f3n al Estado Isl\u00e1mico\u00bb, el grupo yihadista que reivindic\u00f3 el ataque, inform\u00f3 una fuente judicial.<\/p>\n<\/p>\n<p>El balance se agrav\u00f3 el s\u00e1bado por la ma\u00f1ana con el fallecimiento del teniente coronel Arnaud Beltrame, de 45 a\u00f1os, casado, sin hijos.<\/p>\n<\/p>\n<p>\u00abCay\u00f3 como un h\u00e9roe\u00bb salud\u00f3 el presidente franc\u00e9s Emmanuel Macron. Demostr\u00f3 \u00abuna valent\u00eda y una abnegaci\u00f3n excepcionales\u00bb, agreg\u00f3 Macron en un comunicado.<\/p>\n<\/p>\n<p>\u00abMuerto por la patria. Jam\u00e1s Francia olvidar\u00e1 su hero\u00edsmo, su valent\u00eda, su sacrificio\u00bb tuite\u00f3 poco antes el ministro del Interior, G\u00e9rard Collomb.<\/p>\n<\/p>\n<p>Para su familia, el acto de sacrificio del gendarme fue algo evidente, a la luz de su comportamiento. \u00abMe hubiera dicho, &#8216;hago mi trabajo, mam\u00e1, eso es todo&#8217; explic\u00f3 su madre a la radio RTL.<\/p>\n<\/p>\n<p>&#8211; &#8216;Soldado del EI&#8217; &#8211;<\/p>\n<\/p>\n<p>Los investigadores intentan ahora comprender las razones que tuvo el asaltante, Radouane Lakdim, de 25 a\u00f1os, pese a que no parec\u00eda representar una amenaza a ojos de las autoridades.<\/p>\n<\/p>\n<p>Antes de ser abatido por las fuerzas de seguridad, se present\u00f3 como \u00abun soldado\u00bb del EI.<\/p>\n<\/p>\n<p>El registro policial, apenas horas despu\u00e9s del ataque, permiti\u00f3 hallar \u00abnotas que aluden al Estado Isl\u00e1mico y que parecen ser un testamento, as\u00ed como material digital\u00bb, indic\u00f3 la fuente judicial.<\/p>\n<\/p>\n<p>El \u00faltimo ataque en Francia se produjo hace cinco meses y dej\u00f3 dos muertos, el 1 de octubre de 2016, en una estaci\u00f3n de tren de Marsella (sudeste). Este pa\u00eds ha sufrido numerosos atentados desde 2015, que causaron en total 241 muertos y centenares de heridos.<\/p>\n<\/p>\n<p>-\/AFP \/ Handout<\/p>\n<p>El presunto asaltante Radouane Lakdim, de 25 a\u00f1os, hab\u00eda sido condenado por delitos de derecho com\u00fan<\/p>\n<p>\u00abHab\u00edamos seguido\u00bb a Radouane Lakdim \u00aby pens\u00e1bamos que no hab\u00eda radicalizaci\u00f3n\u00bb, pero \u00abpas\u00f3 al acto de forma brusca\u00bb, admiti\u00f3 Collomb.<\/p>\n<\/p>\n<p>El autor de este ataque, cometido en varias etapas entre las ciudades de Carcasona y Trebes, es un franc\u00e9s nacido en Marruecos (en Taza, norte) el 11 de abril de 1992. Resid\u00eda en Carcasona y desde 2014 era seguido por los servicios de inteligencia y estaba fichado \u00abS\u00bb (por Seguridad del Estado) \u00abdebido a sus v\u00ednculos con los medios salafistas\u00bb, seg\u00fan el fiscal de Paris, Fran\u00e7ois Molins.<\/p>\n<\/p>\n<p>Radouane Lakdim estuvo en la c\u00e1rcel en 2016 por delitos de derecho com\u00fan. A su salida, volvi\u00f3 a ser vigilado pero no mostr\u00f3 signos \u00abque pudieran presagiar un paso al acto terrorista\u00bb, se\u00f1al\u00f3 Molins en rueda prensa.<\/p>\n<\/p>\n<p>El fiscal tambi\u00e9n anunci\u00f3 que una mujer cercana al atacante, \u00abcon quien comparte su vida\u00bb fue detenida el viernes.<\/p>\n<\/p>\n<p>El atacante dijo estar \u00abdispuesto a morir por Siria\u00bb y reclam\u00f3 durante los ataques \u00abla liberaci\u00f3n de sus hermanos\u00bb. Una fuente cercana a la investigaci\u00f3n indic\u00f3 que el atacante cit\u00f3 el nombre de Salah Abdeslam, \u00fanico miembro a\u00fan con vida de los comandos que cometieron los ataques del 13 de noviembre de 2015 en Par\u00eds (130 muertos). Abdeslam est\u00e1 encarcelado en la capital francesa.<\/p>\n<\/p>\n<p>&#8211; Ataque en tres etapas &#8211;<\/p>\n<\/p>\n<p>AFP \/ Valentina BRESCHI<\/p>\n<p>Desarrollo de los ataques en Carcasona y Trebes<\/p>\n<p>Radouane Lakdim inici\u00f3 su ataque el viernes a las 10h00 (09h00 GMT) con el robo de un autom\u00f3vil en Carcasona, matando a un pasajero e hiriendo al conductor.<\/p>\n<\/p>\n<p>Un poco m\u00e1s lejos, dispar\u00f3 e hiri\u00f3 levemente a un polic\u00eda que volv\u00eda de correr con otros agentes cerca de un cuartel.<\/p>\n<\/p>\n<p>Unos minutos m\u00e1s tarde, hacia las 11H15, ingres\u00f3 en el supermercado de Trebes &#8211;localidad cercana a Carcasona&#8211;, \u00abgritando Al\u00e1 Akbar\u00bb, seg\u00fan el fiscal Molins, y mat\u00f3 a un empleado y un cliente. En la tienda hab\u00eda unas 50 personas.<\/p>\n<\/p>\n<p>\u00abV\u00ed a un tipo muy excitado que ten\u00eda una pistola, un cuchillo y gritaba Al\u00e1 Akbar\u00bb cuenta a la AFP Christian Guibbert, un expolic\u00eda que hac\u00eda sus compras y que logr\u00f3 poner a salvo a varios clientes \u00aben una c\u00e1mara frigor\u00edfica de carnicero\u00bb.<\/p>\n<\/p>\n<p>Cuando llegaron los gendarmes, el teniente coronel Arnaud Beltrame se propuso como reh\u00e9n para lograr liberar a civiles.<\/p>\n<\/p>\n<p>El gendarme dej\u00f3 \u00absu tel\u00e9fono abierto\u00bb sobre una mesa, lo que permiti\u00f3 a sus colegas escuchar lo que suced\u00eda dentro del negocio.<\/p>\n<\/p>\n<p>Hacia las 14H20, Lakdim dispar\u00f3 contra el gendarme, hiri\u00e9ndolo en dos ocasiones. Fue entonces que intervinieron las fuerzas especiales. Durante la operaci\u00f3n dos gendarmes m\u00e1s resultaron heridos.<\/p>\n<\/p>\n<p>&#8211; En alerta &#8211;<\/p>\n<\/p>\n<p>AFP \/ Zakaria ABDELKAFI<\/p>\n<p>La Torre Eiffel ensombrecida en homenaje a las v\u00edctimas del atentado en el sur de Francia, el 23 de marzo de 2018<\/p>\n<h6> 2018-03-24 14:39:16 <\/h6>\n<p><!--\n<link rel=\"stylesheet\" href=\"css\/bootstrap.min.css\">\n\n\n<ul class=\"pagination\">\n\t    \n\t\n\n<li >\n\t<a href='?page_no=10919'>Previous<\/a>\n\t<\/li>\n\n\n       \n    \n\n<li><a href='?page_no=1'>1<\/a><\/li>\n\n\n\n<li><a href='?page_no=2'>2<\/a><\/li>\n\n\n\n<li><a>...<\/a><\/li>\n\n\n\n<li><a href='?page_no=10918'>10918<\/a><\/li>\n\n\n\n<li><a href='?page_no=10919'>10919<\/a><\/li>\n\n\n\n<li class='active'><a>10920<\/a><\/li>\n\n\n\n<li><a href='?page_no=10921'>10921<\/a><\/li>\n\n\n\n<li><a href='?page_no=10922'>10922<\/a><\/li>\n\n\n\n<li><a>...<\/a><\/li>\n\n\n\n<li><a href='?page_no=51012'>51012<\/a><\/li>\n\n\n\n<li><a href='?page_no=51013'>51013<\/a><\/li>\n\n    \n\t\n\n<li >\n\t<a href='?page_no=10921'>Next<\/a>\n\t<\/li>\n\n\n    \n\n<li><a href='?page_no=51013'>Last &rsaquo;&rsaquo;<\/a><\/li>\n\n<\/ul>\n\n\n--><br \/>\n<\/body><\/p>\n","protected":false},"excerpt":{"rendered":"<p>AFP \/ ERIC CABANIS La polic\u00eda de \u00e9lite francesa fuera del supermercado en Trebes (sur) donde el asaltante tom\u00f3 rehenes, el 23 de marzo de 2018 El presidente franc\u00e9s Emmanuel Macron rindi\u00f3 homenaje al polic\u00eda que se ofreci\u00f3 voluntariamente como reh\u00e9n durante el ataque islamista en el sur de Francia, y que falleci\u00f3 este s\u00e1bado, [&hellip;]<\/p>\n","protected":false},"author":3,"featured_media":0,"comment_status":"open","ping_status":"open","sticky":false,"template":"","format":"standard","meta":{"footnotes":""},"categories":[23],"tags":[],"class_list":["post-231294","post","type-post","status-publish","format-standard","hentry","category-internacional"],"_links":{"self":[{"href":"https:\/\/diariodominicano.com\/index.php?rest_route=\/wp\/v2\/posts\/231294","targetHints":{"allow":["GET"]}}],"collection":[{"href":"https:\/\/diariodominicano.com\/index.php?rest_route=\/wp\/v2\/posts"}],"about":[{"href":"https:\/\/diariodominicano.com\/index.php?rest_route=\/wp\/v2\/types\/post"}],"author":[{"embeddable":true,"href":"https:\/\/diariodominicano.com\/index.php?rest_route=\/wp\/v2\/users\/3"}],"replies":[{"embeddable":true,"href":"https:\/\/diariodominicano.com\/index.php?rest_route=%2Fwp%2Fv2%2Fcomments&post=231294"}],"version-history":[{"count":0,"href":"https:\/\/diariodominicano.com\/index.php?rest_route=\/wp\/v2\/posts\/231294\/revisions"}],"wp:attachment":[{"href":"https:\/\/diariodominicano.com\/index.php?rest_route=%2Fwp%2Fv2%2Fmedia&parent=231294"}],"wp:term":[{"taxonomy":"category","embeddable":true,"href":"https:\/\/diariodominicano.com\/index.php?rest_route=%2Fwp%2Fv2%2Fcategories&post=231294"},{"taxonomy":"post_tag","embeddable":true,"href":"https:\/\/diariodominicano.com\/index.php?rest_route=%2Fwp%2Fv2%2Ftags&post=231294"}],"curies":[{"name":"wp","href":"https:\/\/api.w.org\/{rel}","templated":true}]}}