{"id":231291,"date":"2018-03-24T14:50:42","date_gmt":"2018-03-24T14:50:42","guid":{"rendered":"http:\/\/diariodominicano.ddns.net\/?p=231291"},"modified":"2018-03-24T14:50:42","modified_gmt":"2018-03-24T14:50:42","slug":"salvadorenos-recuerdan-el-asesinato-aun-impune-de-monsenor-romero","status":"publish","type":"post","link":"https:\/\/diariodominicano.com\/?p=231291","title":{"rendered":"Salvadore\u00f1os recuerdan el asesinato a\u00fan impune de Monse\u00f1or Romero"},"content":{"rendered":"<p><body><\/p>\n<p><img decoding=\"async\" src=\"img3\/salv-monsenor-somero.jpg\" \/>  <\/p>\n<p><span class=\"text1noticias\">San Salvador, 24 mar (PL) Los salvadore\u00f1os recuerdan hoy el asesinato hace 38 a\u00f1os de monse\u00f1or Oscar Arnulfo Romero, crimen que precipit\u00f3 una guerra civil y marc\u00f3 el nacimiento de un s\u00edmbolo nacional.<\/span><\/p>\n<\/p>\n<p><span class=\"text1noticias\">De hecho, la canonizaci\u00f3n de quien muchos veneran ya como San Romero de Am\u00e9rica parece inminente, tras el reciente aval del Papa Francisco a un milagro por intercesi\u00f3n atribu\u00eddo al beato salvadore\u00f1o.<\/span><\/p>\n<\/p>\n<p><span class=\"text1noticias\">Por lo pronto, los admiradores de Romero lo recuerdan en el aniversario de su martirio, perpetrado por un sicario de la oligarqu\u00eda que mat\u00f3 al hombre, pero propici\u00f3 el nacimiento de una leyenda.<\/span><\/p>\n<\/p>\n<p><span class=\"text1noticias\">El pasado a\u00f1o fue solicitada la reapertura del proceso penal contra los responsables intelectuales, materiales y c\u00f3mplices del magnicidio, en busca de verdad y arrepentimiento.<\/span><\/p>\n<\/p>\n<p><span class=\"text1noticias\">La anulaci\u00f3n de la Ley de Amnist\u00eda esfuma todas las excusas para negarse a hurgar en el crimen, en el cual estuvo presuntamente vinculado Roberto d&#8217;Aubuisson, fundador del derechista partido Arena.<\/span><\/p>\n<\/p>\n<p><span class=\"text1noticias\">La mejor pr\u00e9dica de Monse\u00f1or Romero fue su ejemplo, pero igual leg\u00f3 frases lapidarias que acabaron cost\u00e1ndole la vida, pero gan\u00e1ndole la inmortalidad en el coraz\u00f3n de los salvadore\u00f1os.<\/span><\/p>\n<\/p>\n<p><span class=\"text1noticias\">Al cumplirse 38 a\u00f1os del asesinato del Arzobispo de San Salvador, v\u00edctima de una conspiraci\u00f3n fraguada por la oligarqu\u00eda y ejecutada por escuadrones de la muerte, perduran algunas frases legadas por la Voz de los Sin Voz.<\/span><\/p>\n<\/p>\n<p><span class=\"text1noticias\">Entre ellas destacan &#8216;la verdad siempre es perseguida&#8217;, &#8216;el hombre no vale por lo que tiene, sino por lo que es&#8217; o &#8216;mi voz desaparecer\u00e1, pero mi palabra que es Cristo quedar\u00e1 en los corazones que lo hayan querido acoger&#8217;.<\/span><\/p>\n<\/p>\n<p><span class=\"text1noticias\">Romero consideraba inconcebible que alguien se dijera &#8216;cristiano&#8217; y no tome como Cristo una opci\u00f3n preferencial por los pobres, y propon\u00eda una educaci\u00f3n que hiciera a los hombres sujetos de su propio desarrollo.<\/span><\/p>\n<\/p>\n<p><span class=\"text1noticias\">&#8216;Ning\u00fan soldado est\u00e1 obligado a obedecer una orden contra la ley de Dios. Una ley inmoral nadie tiene que cumplirla&#8217;, asegur\u00f3 el d\u00eda en que suplic\u00f3, rog\u00f3 y orden\u00f3 a los militares, en nombre de Dios, cesar la represi\u00f3n.<\/span><\/p>\n<\/p>\n<p><span class=\"text1noticias\">&#8216;Debo decirle que, como cristiano, no creo en la muerte sin resurrecci\u00f3n: si me matan, resucitar\u00e9 con el pueblo salvadore\u00f1o&#8217;, asegur\u00f3 poco antes de morir. Y de nuevo, Monse\u00f1or Romero tuvo raz\u00f3n.<\/span><\/p>\n<h6> 2018-03-24 14:50:42 <\/h6>\n<p><!--\n<link rel=\"stylesheet\" href=\"css\/bootstrap.min.css\">\n\n\n<ul class=\"pagination\">\n\t    \n\t\n\n<li >\n\t<a href='?page_no=10917'>Previous<\/a>\n\t<\/li>\n\n\n       \n    \n\n<li><a href='?page_no=1'>1<\/a><\/li>\n\n\n\n<li><a href='?page_no=2'>2<\/a><\/li>\n\n\n\n<li><a>...<\/a><\/li>\n\n\n\n<li><a href='?page_no=10916'>10916<\/a><\/li>\n\n\n\n<li><a href='?page_no=10917'>10917<\/a><\/li>\n\n\n\n<li class='active'><a>10918<\/a><\/li>\n\n\n\n<li><a href='?page_no=10919'>10919<\/a><\/li>\n\n\n\n<li><a href='?page_no=10920'>10920<\/a><\/li>\n\n\n\n<li><a>...<\/a><\/li>\n\n\n\n<li><a href='?page_no=51012'>51012<\/a><\/li>\n\n\n\n<li><a href='?page_no=51013'>51013<\/a><\/li>\n\n    \n\t\n\n<li >\n\t<a href='?page_no=10919'>Next<\/a>\n\t<\/li>\n\n\n    \n\n<li><a href='?page_no=51013'>Last &rsaquo;&rsaquo;<\/a><\/li>\n\n<\/ul>\n\n\n--><br \/>\n<\/body><\/p>\n","protected":false},"excerpt":{"rendered":"<p>San Salvador, 24 mar (PL) Los salvadore\u00f1os recuerdan hoy el asesinato hace 38 a\u00f1os de monse\u00f1or Oscar Arnulfo Romero, crimen que precipit\u00f3 una guerra civil y marc\u00f3 el nacimiento de un s\u00edmbolo nacional. De hecho, la canonizaci\u00f3n de quien muchos veneran ya como San Romero de Am\u00e9rica parece inminente, tras el reciente aval del Papa [&hellip;]<\/p>\n","protected":false},"author":3,"featured_media":0,"comment_status":"open","ping_status":"open","sticky":false,"template":"","format":"standard","meta":{"footnotes":""},"categories":[23],"tags":[],"class_list":["post-231291","post","type-post","status-publish","format-standard","hentry","category-internacional"],"_links":{"self":[{"href":"https:\/\/diariodominicano.com\/index.php?rest_route=\/wp\/v2\/posts\/231291","targetHints":{"allow":["GET"]}}],"collection":[{"href":"https:\/\/diariodominicano.com\/index.php?rest_route=\/wp\/v2\/posts"}],"about":[{"href":"https:\/\/diariodominicano.com\/index.php?rest_route=\/wp\/v2\/types\/post"}],"author":[{"embeddable":true,"href":"https:\/\/diariodominicano.com\/index.php?rest_route=\/wp\/v2\/users\/3"}],"replies":[{"embeddable":true,"href":"https:\/\/diariodominicano.com\/index.php?rest_route=%2Fwp%2Fv2%2Fcomments&post=231291"}],"version-history":[{"count":0,"href":"https:\/\/diariodominicano.com\/index.php?rest_route=\/wp\/v2\/posts\/231291\/revisions"}],"wp:attachment":[{"href":"https:\/\/diariodominicano.com\/index.php?rest_route=%2Fwp%2Fv2%2Fmedia&parent=231291"}],"wp:term":[{"taxonomy":"category","embeddable":true,"href":"https:\/\/diariodominicano.com\/index.php?rest_route=%2Fwp%2Fv2%2Fcategories&post=231291"},{"taxonomy":"post_tag","embeddable":true,"href":"https:\/\/diariodominicano.com\/index.php?rest_route=%2Fwp%2Fv2%2Ftags&post=231291"}],"curies":[{"name":"wp","href":"https:\/\/api.w.org\/{rel}","templated":true}]}}