{"id":231289,"date":"2018-03-24T19:34:43","date_gmt":"2018-03-24T19:34:43","guid":{"rendered":"http:\/\/diariodominicano.ddns.net\/?p=231289"},"modified":"2018-03-24T19:34:43","modified_gmt":"2018-03-24T19:34:43","slug":"juez-prohibe-salir-del-pais-a-expresidente-peruano-y-allanan-su-casa","status":"publish","type":"post","link":"https:\/\/diariodominicano.com\/?p=231289","title":{"rendered":"Juez proh\u00edbe salir del pa\u00eds a expresidente peruano y allanan su casa"},"content":{"rendered":"<p><body><\/p>\n<p><img decoding=\"async\" src=\"img3\/Kuczynski.jpg\" \/>  <\/p>\n<p><strong> Lima, 24 mar (PL) <\/strong>Un juez prohibi\u00f3 hoy que el expresidente peruano Pedro Pablo Kuczynski salga del pa\u00eds en los pr\u00f3ximos 18 meses, por sospechas de lavado de activos que, entre otros factores, determinaron su cese en el cargo.<\/p>\n<\/p>\n<p>Mientras se desarrollaba la audiencia, equipos de fiscales y polic\u00edas allanaban la casa de Kuczynski, en el exclusivo barrio de San Isidro, y su casa de campo en la Cieneguilla, en las afueras de Lima.<\/p>\n<\/p>\n<p>La medida fue pedida ayer mismo, casi al mismo tiempo que el parlamento cesaba a Kuczysnki tras su renuncia y asumi\u00f3 su reemplazante, el hasta entonces primer vicepresidente, Martin Vizcarra.<\/p>\n<\/p>\n<p>El arraigo forzoso del exgobernante de 79 a\u00f1os fue dictado por el juez Juan Carlos S\u00e1nchez, tras la fundamentaci\u00f3n del pedido, a cargo del fiscal Anticorrupci\u00f3n, Hamilton Castro, contra el que se abstuvo de poner reparos el abogado de Kuczynski, C\u00e9sar Nakazaki.<\/p>\n<\/p>\n<p>Sin embargo, tras la audiencia Nakazaki remarc\u00f3 el hecho que el arraigo fue dictado en el marco de una investigaci\u00f3n preliminar, sin que haya a\u00fan cargos concretos y sosuvo que su cliente no favoreci\u00f3 a ninguna empresa mientras ejerci\u00f3 cargos p\u00fablicos.<\/p>\n<\/p>\n<p>El fiscal Castro hizo un resumen del caso, se\u00f1alando una empresa de propiedad de Kuczynski, Westfield, y otras ligadas a \u00e9l y registradas con el mismo domicilio de la primera en Miami, Estados Unidos, recibieron fondos de la empresa brasile\u00f1a Odebrecht y los trasladaron a cuentas de Kuczynski.<\/p>\n<\/p>\n<p>Ese dinero se originaba en servicios de consultor\u00eda que Kuczynski, al ser requerido por una comisi\u00f3n parlamentaria sobre el documento de uno de esos servicios y el correspondiente contrato, respondi\u00f3 que todos se hac\u00eda de palabra y, ante otras preguntas, se\u00f1al\u00f3 vaguedades como que lo hab\u00eda olvidado.<\/p>\n<\/p>\n<p>Castro se\u00f1al\u00f3 que Odebrecht fue contratada por el Estado peruano mediante procesos en los que tuvo que ver Kuczynski como ministro de Econom\u00eda del gobierno neoliberal de Alejandro Toledo (2001-06), lo que permite presumir que favoreci\u00f3 a la compa\u00f1\u00eda con actos presuntamente criminales.<\/p>\n<\/p>\n<p>El investigado alega constantemente que manten\u00eda sus empresas y sus labores gubernamentales divididas por una &#8216;muralla china&#8217; y que Westfield qued\u00f3 a cargo del chileno Gerardo Sep\u00falveda, lo que este ha negado.<\/p>\n<\/p>\n<p>El exgobernante tiene pendiente otra investigaci\u00f3n que incluye a Toledo, pr\u00f3fugo y extraditable por recibir de Odebrecht un soborno de 20 millones de d\u00f3lares.<\/p>\n<\/p>\n<p>Esa pesquisa parte de la presunci\u00f3n de que ambos favorecieron a un consorcio extranjero para la explotaci\u00f3n y exportaci\u00f3n de gas, en t\u00e9rminos desfavorables para Per\u00fa y se\u00f1ala que previamente Kuczynski fue consultor financiero de la norteamericana Hunt, empresa integrante del consorcio.<\/p>\n<\/p>\n<p>Otro caso pendiente es el del aporte de 300 mil d\u00f3lares a la campa\u00f1a electoral de Kuczynski de 2016 que el exrepresentante de Odebrecht reconoci\u00f3 ante fiscales peruanos, al afirmar que tambi\u00e9n recibieron fondos otros candidatos.<\/p>\n<\/p>\n<p>wmr\/mrs<\/p>\n<h6> 2018-03-24 19:34:43 <\/h6>\n<p><!--\n<link rel=\"stylesheet\" href=\"css\/bootstrap.min.css\">\n\n\n<ul class=\"pagination\">\n\t    \n\t\n\n<li >\n\t<a href='?page_no=10915'>Previous<\/a>\n\t<\/li>\n\n\n       \n    \n\n<li><a href='?page_no=1'>1<\/a><\/li>\n\n\n\n<li><a href='?page_no=2'>2<\/a><\/li>\n\n\n\n<li><a>...<\/a><\/li>\n\n\n\n<li><a href='?page_no=10914'>10914<\/a><\/li>\n\n\n\n<li><a href='?page_no=10915'>10915<\/a><\/li>\n\n\n\n<li class='active'><a>10916<\/a><\/li>\n\n\n\n<li><a href='?page_no=10917'>10917<\/a><\/li>\n\n\n\n<li><a href='?page_no=10918'>10918<\/a><\/li>\n\n\n\n<li><a>...<\/a><\/li>\n\n\n\n<li><a href='?page_no=51012'>51012<\/a><\/li>\n\n\n\n<li><a href='?page_no=51013'>51013<\/a><\/li>\n\n    \n\t\n\n<li >\n\t<a href='?page_no=10917'>Next<\/a>\n\t<\/li>\n\n\n    \n\n<li><a href='?page_no=51013'>Last &rsaquo;&rsaquo;<\/a><\/li>\n\n<\/ul>\n\n\n--><br \/>\n<\/body><\/p>\n","protected":false},"excerpt":{"rendered":"<p>Lima, 24 mar (PL) Un juez prohibi\u00f3 hoy que el expresidente peruano Pedro Pablo Kuczynski salga del pa\u00eds en los pr\u00f3ximos 18 meses, por sospechas de lavado de activos que, entre otros factores, determinaron su cese en el cargo. Mientras se desarrollaba la audiencia, equipos de fiscales y polic\u00edas allanaban la casa de Kuczynski, en [&hellip;]<\/p>\n","protected":false},"author":3,"featured_media":0,"comment_status":"open","ping_status":"open","sticky":false,"template":"","format":"standard","meta":{"footnotes":""},"categories":[23],"tags":[],"class_list":["post-231289","post","type-post","status-publish","format-standard","hentry","category-internacional"],"_links":{"self":[{"href":"https:\/\/diariodominicano.com\/index.php?rest_route=\/wp\/v2\/posts\/231289","targetHints":{"allow":["GET"]}}],"collection":[{"href":"https:\/\/diariodominicano.com\/index.php?rest_route=\/wp\/v2\/posts"}],"about":[{"href":"https:\/\/diariodominicano.com\/index.php?rest_route=\/wp\/v2\/types\/post"}],"author":[{"embeddable":true,"href":"https:\/\/diariodominicano.com\/index.php?rest_route=\/wp\/v2\/users\/3"}],"replies":[{"embeddable":true,"href":"https:\/\/diariodominicano.com\/index.php?rest_route=%2Fwp%2Fv2%2Fcomments&post=231289"}],"version-history":[{"count":0,"href":"https:\/\/diariodominicano.com\/index.php?rest_route=\/wp\/v2\/posts\/231289\/revisions"}],"wp:attachment":[{"href":"https:\/\/diariodominicano.com\/index.php?rest_route=%2Fwp%2Fv2%2Fmedia&parent=231289"}],"wp:term":[{"taxonomy":"category","embeddable":true,"href":"https:\/\/diariodominicano.com\/index.php?rest_route=%2Fwp%2Fv2%2Fcategories&post=231289"},{"taxonomy":"post_tag","embeddable":true,"href":"https:\/\/diariodominicano.com\/index.php?rest_route=%2Fwp%2Fv2%2Ftags&post=231289"}],"curies":[{"name":"wp","href":"https:\/\/api.w.org\/{rel}","templated":true}]}}