{"id":231288,"date":"2018-03-24T21:42:59","date_gmt":"2018-03-24T21:42:59","guid":{"rendered":"http:\/\/diariodominicano.ddns.net\/?p=231288"},"modified":"2018-03-24T21:42:59","modified_gmt":"2018-03-24T21:42:59","slug":"allanan-dos-viviendas-de-ex-presidente-peruano-kuczynski","status":"publish","type":"post","link":"https:\/\/diariodominicano.com\/?p=231288","title":{"rendered":"Allanan dos viviendas de ex presidente peruano Kuczynski"},"content":{"rendered":"<p><body><\/p>\n<p><img decoding=\"async\" src=\"img3\/PeruKusiski24.jpg\" \/>  <\/p>\n<p><span class=\"text1noticias\">     LIMA, 24 may (Xinhua) &#8212; Dos de las viviendas del ex presidente peruano, Pedro Pablo Kuczynski (2016-2018), fueron allanadas hoy, luego de que un juez dict\u00f3 una orden de impedimento de salida del territorio nacional contra el ex mandatario por 18 meses.<\/span><\/p>\n<p><span class=\"text1noticias\"> <\/span><\/p>\n<p><span class=\"text1noticias\">     Los allanamientos estuvieron a cargo del Ministerio P\u00fablico y los predios se ubican en el residencial distrito lime\u00f1o de San Isidro y en el distrito campestre de Cieneguilla, unos 25 kil\u00f3metros al sureste de la capital peruana.<\/span><\/p>\n<p><span class=\"text1noticias\"> <\/span><\/p>\n<p><span class=\"text1noticias\">     En una reacci\u00f3n ante estos hechos, Kuczynski escribi\u00f3 a trav\u00e9s de Twitter \u00abQue la persecuci\u00f3n y la venganza pol\u00edtica no se instalen en nuestro pa\u00eds (&#8230;) Dejemos atr\u00e1s el show medi\u00e1tico y no sigamos da\u00f1ando la imagen del pa\u00eds\u00bb.<\/span><\/p>\n<p><span class=\"text1noticias\"> <\/span><\/p>\n<p><span class=\"text1noticias\">     El ex jefe de Estado reafirm\u00f3 adem\u00e1s su disposici\u00f3n de colaborar con la fiscal\u00eda, al se\u00f1alar que incluso autoriz\u00f3 su levantamiento del secreto bancario.<\/span><\/p>\n<p><span class=\"text1noticias\"> <\/span><\/p>\n<p><span class=\"text1noticias\">     El Congreso Nacional aprob\u00f3 el viernes por amplia mayor\u00eda de votos (115 de 130) la renuncia de Kuczynski, tras lo cual jurament\u00f3 a Mart\u00edn Vizcarra como nuevo presidente de Per\u00fa en Sesi\u00f3n Solemne.<\/span><\/p>\n<p><span class=\"text1noticias\"> <\/span><\/p>\n<p><span class=\"text1noticias\">     Vizcarra, quien se desempe\u00f1aba como primer vicepresidente de Per\u00fa, recibi\u00f3 la banda presidencial para complementar el periodo gubernamental hasta el 28 de julio de 2021.<\/span><\/p>\n<p><span class=\"text1noticias\"> <\/span><\/p>\n<p><span class=\"text1noticias\">     Kuczynski es investigado por la comisi\u00f3n legislativa que atiende el caso de \u00abLava Jato\u00bb (Autolavado, en referencia a las investigaciones de corrupci\u00f3n en Brasil) por presuntamente favorecer con tr\u00e1fico de influencias y consultor\u00edas a la constructora brasile\u00f1a Odebrecht, cuando se desempe\u00f1aba como presidente del Consejo de Ministros.<\/span><\/p>\n<p><span class=\"text1noticias\"> <\/span><\/p>\n<p><span class=\"text1noticias\">     Pedro Pablo Kuczynski fue presidente del Conejo de Ministros y ministro de Econom\u00eda y Finanzas durante el r\u00e9gimen del ex presidente peruano, Alejando Toledo (2001<\/span>-2006).<\/p>\n<h6> 2018-03-24 21:42:59 <\/h6>\n<p><!--\n<link rel=\"stylesheet\" href=\"css\/bootstrap.min.css\">\n\n\n<ul class=\"pagination\">\n\t    \n\t\n\n<li >\n\t<a href='?page_no=10914'>Previous<\/a>\n\t<\/li>\n\n\n       \n    \n\n<li><a href='?page_no=1'>1<\/a><\/li>\n\n\n\n<li><a href='?page_no=2'>2<\/a><\/li>\n\n\n\n<li><a>...<\/a><\/li>\n\n\n\n<li><a href='?page_no=10913'>10913<\/a><\/li>\n\n\n\n<li><a href='?page_no=10914'>10914<\/a><\/li>\n\n\n\n<li class='active'><a>10915<\/a><\/li>\n\n\n\n<li><a href='?page_no=10916'>10916<\/a><\/li>\n\n\n\n<li><a href='?page_no=10917'>10917<\/a><\/li>\n\n\n\n<li><a>...<\/a><\/li>\n\n\n\n<li><a href='?page_no=51012'>51012<\/a><\/li>\n\n\n\n<li><a href='?page_no=51013'>51013<\/a><\/li>\n\n    \n\t\n\n<li >\n\t<a href='?page_no=10916'>Next<\/a>\n\t<\/li>\n\n\n    \n\n<li><a href='?page_no=51013'>Last &rsaquo;&rsaquo;<\/a><\/li>\n\n<\/ul>\n\n\n--><br \/>\n<\/body><\/p>\n","protected":false},"excerpt":{"rendered":"<p>LIMA, 24 may (Xinhua) &#8212; Dos de las viviendas del ex presidente peruano, Pedro Pablo Kuczynski (2016-2018), fueron allanadas hoy, luego de que un juez dict\u00f3 una orden de impedimento de salida del territorio nacional contra el ex mandatario por 18 meses. Los allanamientos estuvieron a cargo del Ministerio P\u00fablico y los predios se ubican [&hellip;]<\/p>\n","protected":false},"author":3,"featured_media":0,"comment_status":"open","ping_status":"open","sticky":false,"template":"","format":"standard","meta":{"footnotes":""},"categories":[23],"tags":[],"class_list":["post-231288","post","type-post","status-publish","format-standard","hentry","category-internacional"],"_links":{"self":[{"href":"https:\/\/diariodominicano.com\/index.php?rest_route=\/wp\/v2\/posts\/231288","targetHints":{"allow":["GET"]}}],"collection":[{"href":"https:\/\/diariodominicano.com\/index.php?rest_route=\/wp\/v2\/posts"}],"about":[{"href":"https:\/\/diariodominicano.com\/index.php?rest_route=\/wp\/v2\/types\/post"}],"author":[{"embeddable":true,"href":"https:\/\/diariodominicano.com\/index.php?rest_route=\/wp\/v2\/users\/3"}],"replies":[{"embeddable":true,"href":"https:\/\/diariodominicano.com\/index.php?rest_route=%2Fwp%2Fv2%2Fcomments&post=231288"}],"version-history":[{"count":0,"href":"https:\/\/diariodominicano.com\/index.php?rest_route=\/wp\/v2\/posts\/231288\/revisions"}],"wp:attachment":[{"href":"https:\/\/diariodominicano.com\/index.php?rest_route=%2Fwp%2Fv2%2Fmedia&parent=231288"}],"wp:term":[{"taxonomy":"category","embeddable":true,"href":"https:\/\/diariodominicano.com\/index.php?rest_route=%2Fwp%2Fv2%2Fcategories&post=231288"},{"taxonomy":"post_tag","embeddable":true,"href":"https:\/\/diariodominicano.com\/index.php?rest_route=%2Fwp%2Fv2%2Ftags&post=231288"}],"curies":[{"name":"wp","href":"https:\/\/api.w.org\/{rel}","templated":true}]}}