{"id":231287,"date":"2018-03-24T21:54:11","date_gmt":"2018-03-24T21:54:11","guid":{"rendered":"http:\/\/diariodominicano.ddns.net\/?p=231287"},"modified":"2018-03-24T21:54:11","modified_gmt":"2018-03-24T21:54:11","slug":"accidente-de-transito-deja-12-muertos-y-18-heridos-en-ecuador","status":"publish","type":"post","link":"https:\/\/diariodominicano.com\/?p=231287","title":{"rendered":"Accidente de tr\u00e1nsito deja 12 muertos y 18 heridos en Ecuador"},"content":{"rendered":"<p><body><\/p>\n<p><img decoding=\"async\" src=\"img3\/Ecuador24.jpg\" \/>  <\/p>\n<p><span class=\"text1noticias\">     QUITO, 24 mar (Xinhua)&#8211;Al menos 12 muertos y 18 heridos dej\u00f3 hoy s\u00e1bado un accidente de tr\u00e1nsito ocurrido en una carretera de la provincia ecuatoriana de Manab\u00ed (occidente), inform\u00f3 la Comisi\u00f3n de Tr\u00e1nsito de Ecuador (CTE).<\/span><\/p>\n<p><span class=\"text1noticias\"> <\/span><\/p>\n<p><span class=\"text1noticias\">     El suceso ocurri\u00f3 a las 13:51 hora local (18:51 GMT) en la v\u00eda a Jipijapa, sector Cascol, de Manab\u00ed, donde un bus interprovincial que cubr\u00eda la ruta Guayaquil (suroeste)-Portoviejo, capital provincial de Manab\u00ed, se accident\u00f3.<\/span><\/p>\n<p><span class=\"text1noticias\"> <\/span><\/p>\n<p><span class=\"text1noticias\">     La CTE investiga el siniestro, que se presume fue causado debido a una p\u00e9rdida de pista por exceso de velocidad.<\/span><\/p>\n<p><span class=\"text1noticias\"> <\/span><\/p>\n<p><span class=\"text1noticias\">     El organismo envi\u00f3 al lugar del accidente a un contingente de 12 efectivos y el apoyo log\u00edstico de dos ambulancias, cinco patrulleros y tres motos.<\/span><\/p>\n<p><span class=\"text1noticias\"> <\/span><\/p>\n<p><span class=\"text1noticias\">     Los heridos fueron trasladados a hospitales de las localidades de Jipijapa y Paj\u00e1n, indic\u00f3 la CTE en un comunicado.<\/span><\/p>\n<p><span class=\"text1noticias\"> <\/span><\/p>\n<p><span class=\"text1noticias\">     Tambi\u00e9n personal del Servicio Integrado de Seguridad ECU 911 colabor\u00f3 en la emergencia con unidades de rescate y ambulancias de los Cuerpos de Bomberos de Paj\u00e1n, Jipijapa, Portoviejo; as\u00ed como, del ministerio de Salud P\u00fablica y del Instituto Ecuatoriano de Seguridad Social (IESS).<\/span><\/p>\n<p><span class=\"text1noticias\"> <\/span><\/p>\n<p><span class=\"text1noticias\">     Los accidentes de tr\u00e1nsito son una de las principales causas de muerte en Ecuador, debido principalmente, al exceso de velocidad y a la impericia de los conductores, seg\u00fan las autoridades de tr\u00e1n<\/span>sito. <\/p>\n<h6> 2018-03-24 21:54:11 <\/h6>\n<p><!--\n<link rel=\"stylesheet\" href=\"css\/bootstrap.min.css\">\n\n\n<ul class=\"pagination\">\n\t    \n\t\n\n<li >\n\t<a href='?page_no=10913'>Previous<\/a>\n\t<\/li>\n\n\n       \n    \n\n<li><a href='?page_no=1'>1<\/a><\/li>\n\n\n\n<li><a href='?page_no=2'>2<\/a><\/li>\n\n\n\n<li><a>...<\/a><\/li>\n\n\n\n<li><a href='?page_no=10912'>10912<\/a><\/li>\n\n\n\n<li><a href='?page_no=10913'>10913<\/a><\/li>\n\n\n\n<li class='active'><a>10914<\/a><\/li>\n\n\n\n<li><a href='?page_no=10915'>10915<\/a><\/li>\n\n\n\n<li><a href='?page_no=10916'>10916<\/a><\/li>\n\n\n\n<li><a>...<\/a><\/li>\n\n\n\n<li><a href='?page_no=51012'>51012<\/a><\/li>\n\n\n\n<li><a href='?page_no=51013'>51013<\/a><\/li>\n\n    \n\t\n\n<li >\n\t<a href='?page_no=10915'>Next<\/a>\n\t<\/li>\n\n\n    \n\n<li><a href='?page_no=51013'>Last &rsaquo;&rsaquo;<\/a><\/li>\n\n<\/ul>\n\n\n--><br \/>\n<\/body><\/p>\n","protected":false},"excerpt":{"rendered":"<p>QUITO, 24 mar (Xinhua)&#8211;Al menos 12 muertos y 18 heridos dej\u00f3 hoy s\u00e1bado un accidente de tr\u00e1nsito ocurrido en una carretera de la provincia ecuatoriana de Manab\u00ed (occidente), inform\u00f3 la Comisi\u00f3n de Tr\u00e1nsito de Ecuador (CTE). El suceso ocurri\u00f3 a las 13:51 hora local (18:51 GMT) en la v\u00eda a Jipijapa, sector Cascol, de Manab\u00ed, [&hellip;]<\/p>\n","protected":false},"author":3,"featured_media":0,"comment_status":"open","ping_status":"open","sticky":false,"template":"","format":"standard","meta":{"footnotes":""},"categories":[23],"tags":[],"class_list":["post-231287","post","type-post","status-publish","format-standard","hentry","category-internacional"],"_links":{"self":[{"href":"https:\/\/diariodominicano.com\/index.php?rest_route=\/wp\/v2\/posts\/231287","targetHints":{"allow":["GET"]}}],"collection":[{"href":"https:\/\/diariodominicano.com\/index.php?rest_route=\/wp\/v2\/posts"}],"about":[{"href":"https:\/\/diariodominicano.com\/index.php?rest_route=\/wp\/v2\/types\/post"}],"author":[{"embeddable":true,"href":"https:\/\/diariodominicano.com\/index.php?rest_route=\/wp\/v2\/users\/3"}],"replies":[{"embeddable":true,"href":"https:\/\/diariodominicano.com\/index.php?rest_route=%2Fwp%2Fv2%2Fcomments&post=231287"}],"version-history":[{"count":0,"href":"https:\/\/diariodominicano.com\/index.php?rest_route=\/wp\/v2\/posts\/231287\/revisions"}],"wp:attachment":[{"href":"https:\/\/diariodominicano.com\/index.php?rest_route=%2Fwp%2Fv2%2Fmedia&parent=231287"}],"wp:term":[{"taxonomy":"category","embeddable":true,"href":"https:\/\/diariodominicano.com\/index.php?rest_route=%2Fwp%2Fv2%2Fcategories&post=231287"},{"taxonomy":"post_tag","embeddable":true,"href":"https:\/\/diariodominicano.com\/index.php?rest_route=%2Fwp%2Fv2%2Ftags&post=231287"}],"curies":[{"name":"wp","href":"https:\/\/api.w.org\/{rel}","templated":true}]}}