{"id":231285,"date":"2018-03-25T00:16:13","date_gmt":"2018-03-25T00:16:13","guid":{"rendered":"http:\/\/diariodominicano.ddns.net\/?p=231285"},"modified":"2018-03-25T00:16:13","modified_gmt":"2018-03-25T00:16:13","slug":"miles-de-voces-se-levantaron-en-argentina-por-los-desaparecidos","status":"publish","type":"post","link":"https:\/\/diariodominicano.com\/?p=231285","title":{"rendered":"&#13;Miles de voces se levantaron en Argentina por los desaparecidos"},"content":{"rendered":"<p><body><\/p>\n<p><img decoding=\"async\" src=\"img3\/arg-voces.jpg\" \/><br \/><img decoding=\"async\" src=\"img3\/argentina10.jpg\" \/><br \/><img decoding=\"async\" src=\"img3\/argentina9.jpg\" \/>  <\/p>\n<p><strong> Por Mayl\u00edn Vidal<\/strong><\/p>\n<p><strong>Buenos Aires, 24 mar (PL)<\/strong> El dolor de los familiares y la esperanza reflejada en los rostros de los j\u00f3venes que luchan hoy por un mejor pa\u00eds: la marcha por la memoria de los desaparecidos de la \u00faltima dictadura militar argentina fue impresionante.<\/p>\n<\/p>\n<p>Desde horas tempranas Buenos Aires se ti\u00f1\u00f3 de banderas, de c\u00e1nticos y consignas para recordar el aniversario 42 del golpe de Estado de 1976, un grito extendido desde el coraz\u00f3n de la capital hasta otras provincias, que recuerda una \u00e9poca triste, dolorosa, dura, imborrable para la historia de este pa\u00eds y de Am\u00e9rica Latina.<\/p>\n<\/p>\n<p>Los vagones de la l\u00ednea A del popular metro porte\u00f1o estaban atestados de ni\u00f1os, j\u00f3venes, familias enteras que iban rumbo a la emblem\u00e1tica Plaza de Mayo a acompa\u00f1ar en esta jornada a las madres y abuelas que hoy siguen luchando por verdad, memoria y justicia para sus hijos y nietos.<\/p>\n<\/p>\n<p>Las frases contra el Gobierno actual no faltaron. Muchos gritaban arengas contra el Ejecutivo con mucha bronca.<\/p>\n<\/p>\n<p>No hay quien pueda vivir ya en este pa\u00eds, no se ni como llegar a fin de mes y adem\u00e1s el gobierno desconoce las pol\u00edticas de derechos humanos, se lamentaba una anciana con bast\u00f3n que iba rumbo a la Plaza en el metro y se sum\u00f3 a varios de los c\u00e1nticos que se escuchaban dentro del vag\u00f3n: &#8216;ole ole, ole ola, como a los nazis les va a pasar, a donde vayan los iremos a buscar&#8217;.<\/p>\n<\/p>\n<p>Al filo de la tarde caminar por la c\u00e9ntrica avenida de Mayo hasta la Plaza ya era imposible y desde la estaci\u00f3n Lima en direcci\u00f3n a la tribuna apenas se pod\u00eda avanzar ante la multitud que se abrazaba, cantaba, lloraba y miraban al cielo en honor a los desaparecidos.<\/p>\n<\/p>\n<p>All\u00ed, entre la multitud, estaba Natalia, una joven que vino desde la ciudad bonaerense de Chivilcoy, representando al movimiento nacional de murgas y sosteniendo al frente una bandera.<\/p>\n<\/p>\n<p>Esperamos que no quede ning\u00fan genocida suelto, los queremos a todos en las c\u00e1rceles y pedimos un pa\u00eds justo, equitativo, donde las mujeres tengan los mismos derechos que los hombres, donde la cultura popular no se reprima como se hace, dijo a Prensa Latina.<\/p>\n<\/p>\n<p>Muy cerca, junto a su esposo, quien cargaba un bebe de apenas un a\u00f1o, estaba Jessica, quien sent\u00eda que ten\u00eda que estar presente en un d\u00eda como hoy.<\/p>\n<\/p>\n<p>En declaraciones a Prensa Latina, la joven, de unos 28 a\u00f1os, critic\u00f3 al Gobierno por no realizar ning\u00fan acto oficial en este D\u00eda Nacional de la Memoria, que recuerda el inicio del Golpe Militar de 1976, que dej\u00f3 30 mil desaparecidos.<\/p>\n<\/p>\n<p>El hecho de que no haya un acto oficial est\u00e1 indicando por qu\u00e9 lado van y necesitamos recordar la historia porque si no se recuerda se repite, para que no haya m\u00e1s asesinatos, robos de ni\u00f1os, dec\u00eda.<\/p>\n<\/p>\n<p>Yo soy madre y por m\u00e1s que uno no est\u00e9 con una ideolog\u00eda no me pueden desaparecer, matar, hay cosas que no est\u00e1n bien, expresaba al tiempo que se\u00f1alaba que con la juventud tan activa que hay hoy en Argentina conf\u00eda y lucha para que la historia no se repita.<\/p>\n<\/p>\n<p>Sue\u00f1o hoy con un pa\u00eds m\u00e1s homog\u00e9neo en cuanto a derechos y distribuci\u00f3n de riquezas, si seguimos unidos creo puede suceder, acot\u00f3.<\/p>\n<\/p>\n<p>En la larga calle donde se puede ver de un lado el Congreso y del otro la imponente Casa Rosada, sede del Ejecutivo, el repicar de los tambores, el colorido de las murgas, organizaciones de todo tipo, sin distinci\u00f3n de razas ni credos, llenaron las aceras con las im\u00e1genes de los desaparecidos y el s\u00edmbolo de los pa\u00f1uelos blancos que identifica la lucha de las Madres y las Abuelas.<\/p>\n<\/p>\n<p>En la Plaza estaban los rostros infaltables de los derechos humanos, las Abuelas, las Madres, los hijos, los nietos recuperados.<\/p>\n<\/p>\n<p>Junto a ellos tambi\u00e9n en el escenario central estaba Sergio, el hermano mayor del joven Santiago Maldonado, encontrado muerto el pasado a\u00f1o tras una represi\u00f3n de las fuerzas de seguridad contra la comunidad mapuche de Cushamen.<\/p>\n<\/p>\n<p>&#8216;Hoy es un d\u00eda de lucha y unidad para los organismos de derechos humanos y para la memoria&#8217;, dijo al llegar a la Plaza la l\u00edder de Abuelas, Estela de Carlotto, quien celebr\u00f3 &#8216;la batalla que nos permiti\u00f3 recuperar 127 nietos&#8217;, hijos de desaparecidos.<\/p>\n<\/p>\n<p>Por la l\u00edder social Milagro Sala, en prisi\u00f3n domiciliaria en la provincia de Jujuy hace dos a\u00f1os, por los desaparecidos, por Santiago Maldonado y Rafael Nahuel, v\u00edctimas de las represiones contra las comunidades ind\u00edgenas, por una Argentina que no olvida ni olvidar\u00e1 a sus muertos, este 24 de marzo fue otro d\u00eda hist\u00f3rico para esta naci\u00f3n austral.<\/p>\n<\/p>\n<p>acl\/may          <\/p>\n<h6> 2018-03-25 00:16:13 <\/h6>\n<p><!--\n<link rel=\"stylesheet\" href=\"css\/bootstrap.min.css\">\n\n\n<ul class=\"pagination\">\n\t    \n\t\n\n<li >\n\t<a href='?page_no=10911'>Previous<\/a>\n\t<\/li>\n\n\n       \n    \n\n<li><a href='?page_no=1'>1<\/a><\/li>\n\n\n\n<li><a href='?page_no=2'>2<\/a><\/li>\n\n\n\n<li><a>...<\/a><\/li>\n\n\n\n<li><a href='?page_no=10910'>10910<\/a><\/li>\n\n\n\n<li><a href='?page_no=10911'>10911<\/a><\/li>\n\n\n\n<li class='active'><a>10912<\/a><\/li>\n\n\n\n<li><a href='?page_no=10913'>10913<\/a><\/li>\n\n\n\n<li><a href='?page_no=10914'>10914<\/a><\/li>\n\n\n\n<li><a>...<\/a><\/li>\n\n\n\n<li><a href='?page_no=51012'>51012<\/a><\/li>\n\n\n\n<li><a href='?page_no=51013'>51013<\/a><\/li>\n\n    \n\t\n\n<li >\n\t<a href='?page_no=10913'>Next<\/a>\n\t<\/li>\n\n\n    \n\n<li><a href='?page_no=51013'>Last &rsaquo;&rsaquo;<\/a><\/li>\n\n<\/ul>\n\n\n--><br \/>\n<\/body><\/p>\n","protected":false},"excerpt":{"rendered":"<p>Por Mayl\u00edn Vidal Buenos Aires, 24 mar (PL) El dolor de los familiares y la esperanza reflejada en los rostros de los j\u00f3venes que luchan hoy por un mejor pa\u00eds: la marcha por la memoria de los desaparecidos de la \u00faltima dictadura militar argentina fue impresionante. Desde horas tempranas Buenos Aires se ti\u00f1\u00f3 de banderas, [&hellip;]<\/p>\n","protected":false},"author":3,"featured_media":0,"comment_status":"open","ping_status":"open","sticky":false,"template":"","format":"standard","meta":{"footnotes":""},"categories":[23],"tags":[],"class_list":["post-231285","post","type-post","status-publish","format-standard","hentry","category-internacional"],"_links":{"self":[{"href":"https:\/\/diariodominicano.com\/index.php?rest_route=\/wp\/v2\/posts\/231285","targetHints":{"allow":["GET"]}}],"collection":[{"href":"https:\/\/diariodominicano.com\/index.php?rest_route=\/wp\/v2\/posts"}],"about":[{"href":"https:\/\/diariodominicano.com\/index.php?rest_route=\/wp\/v2\/types\/post"}],"author":[{"embeddable":true,"href":"https:\/\/diariodominicano.com\/index.php?rest_route=\/wp\/v2\/users\/3"}],"replies":[{"embeddable":true,"href":"https:\/\/diariodominicano.com\/index.php?rest_route=%2Fwp%2Fv2%2Fcomments&post=231285"}],"version-history":[{"count":0,"href":"https:\/\/diariodominicano.com\/index.php?rest_route=\/wp\/v2\/posts\/231285\/revisions"}],"wp:attachment":[{"href":"https:\/\/diariodominicano.com\/index.php?rest_route=%2Fwp%2Fv2%2Fmedia&parent=231285"}],"wp:term":[{"taxonomy":"category","embeddable":true,"href":"https:\/\/diariodominicano.com\/index.php?rest_route=%2Fwp%2Fv2%2Fcategories&post=231285"},{"taxonomy":"post_tag","embeddable":true,"href":"https:\/\/diariodominicano.com\/index.php?rest_route=%2Fwp%2Fv2%2Ftags&post=231285"}],"curies":[{"name":"wp","href":"https:\/\/api.w.org\/{rel}","templated":true}]}}