{"id":231283,"date":"2018-03-25T01:10:34","date_gmt":"2018-03-25T01:10:34","guid":{"rendered":"http:\/\/diariodominicano.ddns.net\/?p=231283"},"modified":"2018-03-25T01:10:34","modified_gmt":"2018-03-25T01:10:34","slug":"acuerdan-ecuador-y-colombia-reforzar-acciones-en-frontera-comun","status":"publish","type":"post","link":"https:\/\/diariodominicano.com\/?p=231283","title":{"rendered":"Acuerdan Ecuador y Colombia reforzar acciones en frontera com\u00fan"},"content":{"rendered":"<p><body><\/p>\n<p><strong>Quito, 24 mar <\/strong>(PL) Altos funcionarios de Ecuador y Colombia ratificaron hoy el compromiso de ampliar acciones conjuntas de cara a enfrentar las situaciones violentas registras en meses recientes en la frontera compartida.<\/p>\n<\/p>\n<p>El acuerdo se adopt\u00f3 como parte de una cita de la Comisi\u00f3n Nacional de Frontera (Combifron), realizada en Tulc\u00e1n, territorio ecuatoriano lim\u00edtrofe con el pa\u00eds vecino, tras una convocatoria urgente de los presidentes Len\u00edn Moreno y Juan Manuel Santos, tras la explosi\u00f3n de un artefacto de origen casero que provoc\u00f3 tres muertos y 11 heridos en este territorio sudamericano.<\/p>\n<\/p>\n<p>Seg\u00fan convinieron las partes, permanecer\u00e1 la presencia policial y militar en sitios priorizados de la demarcaci\u00f3n compartida.<\/p>\n<\/p>\n<p>La jornada comenz\u00f3 con un minuto de silencio para honrar la memoria de los soldados ecuatorianos, fallecidos mientras realizaban labores de vigilancia y control en la localidad de Mataje.<\/p>\n<\/p>\n<p>En las conversaciones participaron los viceministros de Defensa de Ecuador, Felipe Vega de la Cuadra, y Colombia, An\u00edbal Fern\u00e1ndez, as\u00ed como representantes de ambas canciller\u00edas y unidades de inteligencia.<\/p>\n<\/p>\n<p>Vega agradeci\u00f3 la respuesta inmediata de Bogot\u00e1 y se\u00f1al\u00f3 que el trabajo de la Combifron ha sido fraterno, claro y positivo, y se traducir\u00e1 en el fortalecimiento de acciones operativas, t\u00e1cticas y reforzar el intercambio de informaci\u00f3n entre ambas naciones.<\/p>\n<\/p>\n<p>Las principales acciones se llevar\u00e1n a cabo especialmente en Nari\u00f1o, Esmeraldas y Carchi, y los principales acuerdos traer\u00e1n consigo un mayor esfuerzo por parte de la Polic\u00eda Nacional y las Fuerzas Armadas.<\/p>\n<\/p>\n<p>Seis agresiones armadas contra fuerzas de este territorio andino se registraron desde el 27 de enero en varios puntos fronterizos, que ocasionaron inseguridad en el \u00e1rea.<\/p>\n<\/p>\n<p>ocs\/scm<\/p>\n<h6> 2018-03-25 01:10:34 <\/h6>\n<p><!--\n<link rel=\"stylesheet\" href=\"css\/bootstrap.min.css\">\n\n\n<ul class=\"pagination\">\n\t    \n\t\n\n<li >\n\t<a href='?page_no=10909'>Previous<\/a>\n\t<\/li>\n\n\n       \n    \n\n<li><a href='?page_no=1'>1<\/a><\/li>\n\n\n\n<li><a href='?page_no=2'>2<\/a><\/li>\n\n\n\n<li><a>...<\/a><\/li>\n\n\n\n<li><a href='?page_no=10908'>10908<\/a><\/li>\n\n\n\n<li><a href='?page_no=10909'>10909<\/a><\/li>\n\n\n\n<li class='active'><a>10910<\/a><\/li>\n\n\n\n<li><a href='?page_no=10911'>10911<\/a><\/li>\n\n\n\n<li><a href='?page_no=10912'>10912<\/a><\/li>\n\n\n\n<li><a>...<\/a><\/li>\n\n\n\n<li><a href='?page_no=51012'>51012<\/a><\/li>\n\n\n\n<li><a href='?page_no=51013'>51013<\/a><\/li>\n\n    \n\t\n\n<li >\n\t<a href='?page_no=10911'>Next<\/a>\n\t<\/li>\n\n\n    \n\n<li><a href='?page_no=51013'>Last &rsaquo;&rsaquo;<\/a><\/li>\n\n<\/ul>\n\n\n--><br \/>\n<\/body><\/p>\n","protected":false},"excerpt":{"rendered":"<p>Quito, 24 mar (PL) Altos funcionarios de Ecuador y Colombia ratificaron hoy el compromiso de ampliar acciones conjuntas de cara a enfrentar las situaciones violentas registras en meses recientes en la frontera compartida. El acuerdo se adopt\u00f3 como parte de una cita de la Comisi\u00f3n Nacional de Frontera (Combifron), realizada en Tulc\u00e1n, territorio ecuatoriano lim\u00edtrofe [&hellip;]<\/p>\n","protected":false},"author":3,"featured_media":0,"comment_status":"open","ping_status":"open","sticky":false,"template":"","format":"standard","meta":{"footnotes":""},"categories":[23],"tags":[],"class_list":["post-231283","post","type-post","status-publish","format-standard","hentry","category-internacional"],"_links":{"self":[{"href":"https:\/\/diariodominicano.com\/index.php?rest_route=\/wp\/v2\/posts\/231283","targetHints":{"allow":["GET"]}}],"collection":[{"href":"https:\/\/diariodominicano.com\/index.php?rest_route=\/wp\/v2\/posts"}],"about":[{"href":"https:\/\/diariodominicano.com\/index.php?rest_route=\/wp\/v2\/types\/post"}],"author":[{"embeddable":true,"href":"https:\/\/diariodominicano.com\/index.php?rest_route=\/wp\/v2\/users\/3"}],"replies":[{"embeddable":true,"href":"https:\/\/diariodominicano.com\/index.php?rest_route=%2Fwp%2Fv2%2Fcomments&post=231283"}],"version-history":[{"count":0,"href":"https:\/\/diariodominicano.com\/index.php?rest_route=\/wp\/v2\/posts\/231283\/revisions"}],"wp:attachment":[{"href":"https:\/\/diariodominicano.com\/index.php?rest_route=%2Fwp%2Fv2%2Fmedia&parent=231283"}],"wp:term":[{"taxonomy":"category","embeddable":true,"href":"https:\/\/diariodominicano.com\/index.php?rest_route=%2Fwp%2Fv2%2Fcategories&post=231283"},{"taxonomy":"post_tag","embeddable":true,"href":"https:\/\/diariodominicano.com\/index.php?rest_route=%2Fwp%2Fv2%2Ftags&post=231283"}],"curies":[{"name":"wp","href":"https:\/\/api.w.org\/{rel}","templated":true}]}}