{"id":231281,"date":"2018-03-25T01:14:56","date_gmt":"2018-03-25T01:14:56","guid":{"rendered":"http:\/\/diariodominicano.ddns.net\/?p=231281"},"modified":"2018-03-25T01:14:56","modified_gmt":"2018-03-25T01:14:56","slug":"recuerdan-hoy-en-serbia-bombardeos-de-otan-en-1999","status":"publish","type":"post","link":"https:\/\/diariodominicano.com\/?p=231281","title":{"rendered":"Recuerdan hoy en Serbia bombardeos de OTAN en 1999"},"content":{"rendered":"<p><body><\/p>\n<p><img decoding=\"async\" src=\"img3\/nato1.jpg\" \/><br \/><img decoding=\"async\" src=\"img3\/nato2.jpg\" \/><br \/><img decoding=\"async\" src=\"img3\/nato3.jpg\" \/>  <\/p>\n<p><strong> Por Roberto Molina Hern\u00e1ndez<\/strong><\/p>\n<\/p>\n<p>Belgrado, 24 mar (PL) Un d\u00eda como hoy, en 1999, cuando la tarde mor\u00eda y se proyectaban las primeras sombras de la noche, los p\u00e1jaros de la muerte de la OTAN iniciaron los bombardeos a territorios de la entonces Rep\u00fablica Federal de Yugoslavia.<\/p>\n<\/p>\n<p>No medi\u00f3 declaraci\u00f3n de guerra alguna, ni hab\u00eda una autorizaci\u00f3n del uso de la fuerza en una resoluci\u00f3n del Consejo de Seguridad de la ONU, pero nada de eso se tuvo en cuenta, ni siquiera la tan civilizada Acta Final de Helsinki y el hecho de que este pa\u00eds hubiera iniciado las negociaciones para el proceso de preingreso a la Uni\u00f3n Europea.<\/p>\n<\/p>\n<p>Falsos argumentos de protecci\u00f3n de los derechos humanos y miles de medias verdades y flagrantes mentiras diseminadas a raudales por el mundo a trav\u00e9s de la &#8216;prensa libre&#8217; de occidente bastaron para perpetrar el crimen que se extendi\u00f3 por 78 d\u00edas.<\/p>\n<\/p>\n<p>Las primeras bombas y misiles cayeron en Kosovo y Metohija, una manera singular de &#8216;proteger a la poblaci\u00f3n civil de origen alban\u00e9s masacrada por las fuerzas yugoslavas&#8217;, como se informaba al mundo.<\/p>\n<\/p>\n<p>Y los primeros blancos fueron instalaciones militares y policiales en aquella regi\u00f3n y la base a\u00e9rea de Batajnica, en la lejana Belgrado, que adem\u00e1s de destrucci\u00f3n causaron la muerte a poco m\u00e1s de una docena de soldados y reservistas.<\/p>\n<\/p>\n<p>Tambi\u00e9n, por supuesto, se sucedieron los primeros &#8216;da\u00f1os colaterales&#8217;, un eufemismo para justificar el destrozo de instalaciones civiles considerados &#8216;peligrosos&#8217;: los trasmisores de varios canales de la radio y televisi\u00f3n de Serbia, antenas de la radio de Belgrado y de la firma de celulares Mobtel y un centro telef\u00f3nico.<\/p>\n<\/p>\n<p>En los d\u00edas subsiguientes, hasta completar &#8216;la tarea&#8217;, los halcones de la Organizaci\u00f3n del Tratado del Atl\u00e1ntico Norte, bajo el mando de Estados Unidos- que realiz\u00f3 la mayor\u00eda de las incursiones- vomitaron su mortal carga sobre puentes, refiner\u00edas, f\u00e1bricas de medicamentos, hoteles, edificios p\u00fablicos, hospitales, trenes de pasajeros y otros muchos objetivos, entre ellos la embajada de China.<\/p>\n<\/p>\n<p>Paralelamente, se despleg\u00f3 la guerra sicol\u00f3gica, con el lanzamiento de 35 millones de octavillas, en idioma serbio, para intentar soliviantar y desmoralizar a las tropas y a la poblaci\u00f3n civil.<\/p>\n<\/p>\n<p>En tanto, las fuerzas militares yugoslavas permanec\u00edan casi intactas y resistieron la agresi\u00f3n a pesar de esa superioridad a\u00e9rea y la obsolescencia de su equipamiento.<\/p>\n<\/p>\n<p>De acuerdo con datos a\u00fan sin precisar, murieron de mil 200 a dos mil 500 personas, de ellos mil 31 efectivos del ej\u00e9rcito y la polic\u00eda. Tambi\u00e9n 87 ni\u00f1os.<\/p>\n<\/p>\n<p>Los heridos, entre graves y leves, fueron cinco mil 173 soldados y pol\u00edcias, seis mil civiles- de ellos dos mil 700 ni\u00f1os- y varias decenas de personas a\u00fan permanecen en el limbo de desaparecidos.<\/p>\n<\/p>\n<p>Los da\u00f1os materiales ocasionados se calculan en varios miles de millones de d\u00f3lares.<\/p>\n<\/p>\n<p>Las bajas y p\u00e9rdidas de los atacantes nunca se han revelado.<\/p>\n<\/p>\n<p>Cuando el 10 de junio comenz\u00f3 el repliegue de las fuerzas gubernamentales de territorio kosovar, pararon los vuelos de la muerte. Dos d\u00edas despu\u00e9s, el presidente de la entonces Yugoslavia, Slobodan Milosevic, firm\u00f3 el acuerdo que permit\u00eda el ingreso all\u00ed de tropas de EE.UU. y la OTAN, al mando de la ONU.<\/p>\n<\/p>\n<p>Entre las primeras falacias que rodaron por tierra, se encuentra la del estadio de Pristina, presentado al mundo como un campo de concentraci\u00f3n de las fuerzas yugoslavas para 100 mil albanokosovares cautivos. La instalaci\u00f3n estaba intacta y el c\u00e9sped del terreno completamente verde y sin se\u00f1ales de pisadas masivas.<\/p>\n<\/p>\n<p>El resto de la historia es m\u00e1s o menos conocido: logrado el objetivo de separar a Kosovo de Serbia, el Pent\u00e1gono construy\u00f3 la mayor base militar fuera de Estados Unidos, los albanokosovares siguen sin los r\u00edos de leche y miel prometidos y perdura el conflicto Belgrado- Pristina, a pesar de a\u00f1os de negociaciones y de acuerdos incumplidos.<\/p>\n<h6> 2018-03-25 01:14:56 <\/h6>\n<p><!--\n<link rel=\"stylesheet\" href=\"css\/bootstrap.min.css\">\n\n\n<ul class=\"pagination\">\n\t    \n\t\n\n<li >\n\t<a href='?page_no=10908'>Previous<\/a>\n\t<\/li>\n\n\n       \n    \n\n<li><a href='?page_no=1'>1<\/a><\/li>\n\n\n\n<li><a href='?page_no=2'>2<\/a><\/li>\n\n\n\n<li><a>...<\/a><\/li>\n\n\n\n<li><a href='?page_no=10907'>10907<\/a><\/li>\n\n\n\n<li><a href='?page_no=10908'>10908<\/a><\/li>\n\n\n\n<li class='active'><a>10909<\/a><\/li>\n\n\n\n<li><a href='?page_no=10910'>10910<\/a><\/li>\n\n\n\n<li><a href='?page_no=10911'>10911<\/a><\/li>\n\n\n\n<li><a>...<\/a><\/li>\n\n\n\n<li><a href='?page_no=51012'>51012<\/a><\/li>\n\n\n\n<li><a href='?page_no=51013'>51013<\/a><\/li>\n\n    \n\t\n\n<li >\n\t<a href='?page_no=10910'>Next<\/a>\n\t<\/li>\n\n\n    \n\n<li><a href='?page_no=51013'>Last &rsaquo;&rsaquo;<\/a><\/li>\n\n<\/ul>\n\n\n--><br \/>\n<\/body><\/p>\n","protected":false},"excerpt":{"rendered":"<p>Por Roberto Molina Hern\u00e1ndez Belgrado, 24 mar (PL) Un d\u00eda como hoy, en 1999, cuando la tarde mor\u00eda y se proyectaban las primeras sombras de la noche, los p\u00e1jaros de la muerte de la OTAN iniciaron los bombardeos a territorios de la entonces Rep\u00fablica Federal de Yugoslavia. No medi\u00f3 declaraci\u00f3n de guerra alguna, ni hab\u00eda [&hellip;]<\/p>\n","protected":false},"author":3,"featured_media":0,"comment_status":"open","ping_status":"open","sticky":false,"template":"","format":"standard","meta":{"footnotes":""},"categories":[23],"tags":[],"class_list":["post-231281","post","type-post","status-publish","format-standard","hentry","category-internacional"],"_links":{"self":[{"href":"https:\/\/diariodominicano.com\/index.php?rest_route=\/wp\/v2\/posts\/231281","targetHints":{"allow":["GET"]}}],"collection":[{"href":"https:\/\/diariodominicano.com\/index.php?rest_route=\/wp\/v2\/posts"}],"about":[{"href":"https:\/\/diariodominicano.com\/index.php?rest_route=\/wp\/v2\/types\/post"}],"author":[{"embeddable":true,"href":"https:\/\/diariodominicano.com\/index.php?rest_route=\/wp\/v2\/users\/3"}],"replies":[{"embeddable":true,"href":"https:\/\/diariodominicano.com\/index.php?rest_route=%2Fwp%2Fv2%2Fcomments&post=231281"}],"version-history":[{"count":0,"href":"https:\/\/diariodominicano.com\/index.php?rest_route=\/wp\/v2\/posts\/231281\/revisions"}],"wp:attachment":[{"href":"https:\/\/diariodominicano.com\/index.php?rest_route=%2Fwp%2Fv2%2Fmedia&parent=231281"}],"wp:term":[{"taxonomy":"category","embeddable":true,"href":"https:\/\/diariodominicano.com\/index.php?rest_route=%2Fwp%2Fv2%2Fcategories&post=231281"},{"taxonomy":"post_tag","embeddable":true,"href":"https:\/\/diariodominicano.com\/index.php?rest_route=%2Fwp%2Fv2%2Ftags&post=231281"}],"curies":[{"name":"wp","href":"https:\/\/api.w.org\/{rel}","templated":true}]}}