{"id":231280,"date":"2018-03-25T10:06:09","date_gmt":"2018-03-25T10:06:09","guid":{"rendered":"http:\/\/diariodominicano.ddns.net\/?p=231280"},"modified":"2018-03-25T10:06:09","modified_gmt":"2018-03-25T10:06:09","slug":"argentinos-marchan-por-memoria-y-justicia-al-cumplir-42-anos-de-ultimo-golpe-de-estado","status":"publish","type":"post","link":"https:\/\/diariodominicano.com\/?p=231280","title":{"rendered":"Argentinos marchan por memoria y justicia al cumplir 42 a\u00f1os de \u00faltimo golpe de Estado"},"content":{"rendered":"<p><body><\/p>\n<p><img decoding=\"async\" src=\"img3\/137063603_15219523598491n.jpg\" \/><br \/><img decoding=\"async\" src=\"img3\/137063603_15219523598911n.jpg\" \/><br \/><img decoding=\"async\" src=\"img3\/137063603_15219523599331n.jpg\" \/>  <\/p>\n<p>Miles de personas, junto con representantes de organismos de derechos humanos, sociales y agrupaciones pol\u00edticas de izquierda, se movilizaron hoy a la Plaza de Mayo, en el centro de Buenos Aires, para conmemorar el D\u00eda de la Memoria por la Verdad y la Justicia, al cumplirse 42 a\u00f1os del golpe de Estado del 24 de marzo de 1976, por el cual se instal\u00f3 en el pa\u00eds una junta militar que gobern\u00f3 hasta el 10 de diciembre de 1983.<\/p>\n<\/p>\n<p> (1)ARGENTINA-BUENOS AIRES-ANIVERSARIO DE GOLPE DE ESTADO-MARCHA<\/p>\n<p><strong>Personas participan en la marcha a 42 a\u00f1os del golpe de Estado de 1976 llevada a cabo en el marco de la conmemoraci\u00f3n del D\u00eda Nacional de la Memoria por la Verdad y la Justicia, en la ciudad de Buenos Aires, capital de Argentina, el 24 de marzo de 2018. Miles de integrantes de distintas organizaciones sociales, pol\u00edticas y estudiantiles realizaron el s\u00e1bado una marcha para conmemorar el 42 aniversario del golpe de Estado del 24 de marzo 1976, que marc\u00f3 el inicio de la dictadura c\u00edvico-militar argentina, de acuerdo con informaci\u00f3n de la prensa local. (Xinhua\/Mart\u00edn Zabala)<\/strong><\/p>\n<p><strong>BUENOS AIRES, 24 mar (Xinhua) &#8212;<\/strong> Miles de personas, junto con representantes de organismos de derechos humanos, sociales y agrupaciones pol\u00edticas de izquierda, se movilizaron hoy a la Plaza de Mayo, en el centro de Buenos Aires, para conmemorar el D\u00eda de la Memoria por la Verdad y la Justicia, al cumplirse 42 a\u00f1os del golpe de Estado del 24 de marzo de 1976, por el cual se instal\u00f3 en el pa\u00eds una junta militar que gobern\u00f3 hasta el 10 de diciembre de 1983.<\/p>\n<\/p>\n<p><strong>Integrantes de la asociaci\u00f3n Madres de Plaza de Mayo participan junto a manifestantes en la marcha a 42 a\u00f1os del golpe de Estado de 1976 llevada a cabo en el marco de la conmemoraci\u00f3n del D\u00eda Nacional de la Memoria por la Verdad y la Justicia, en la ciudad de Buenos Aires, capital de Argentina, el 24 de marzo de 2018. Miles de integrantes de distintas organizaciones sociales, pol\u00edticas y estudiantiles realizaron el s\u00e1bado una marcha para conmemorar el 42 aniversario del golpe de Estado del 24 de marzo 1976, que marc\u00f3 el inicio de la dictadura c\u00edvico-militar argentina, de acuerdo con informaci\u00f3n de la prensa local. (Xinhua\/Mart\u00edn Zabala)<\/strong><\/p>\n<\/p>\n<p>El presidente argentino, Mauricio Macri, no particip\u00f3 en actividades oficiales pero, al participar esta ma\u00f1ana, en la ciudad de Mendoza la sesi\u00f3n inaugural de la asamblea anual del Banco Interamericano de Desarrollo (BID), dijo que \u00abQuiero que nos tomemos un momento para recordar, un momento para recordar que un d\u00eda como hoy hace 42 a\u00f1os vivimos el comienzo de la \u00faltima dictadura militar\u00bb.<\/p>\n<\/p>\n<p>\u00abEs un d\u00eda para unirnos y volver a decirnos todos juntos &#8216;Nunca m\u00e1s&#8217; a la violaci\u00f3n de los derechos humanos, a la violencia y el terrorismo de Estado\u00bb, enfatiz\u00f3 Macri.<\/p>\n<\/p>\n<p>En Buenos Aires, la Plaza de Mayo recibi\u00f3 a miles de personas, a las que se sumaron entidades como \u00abAbuelas de Plaza de Mayo\u00bb, que buscan a sus nietos nacidos en cautiverio durante el gobierno militar, y \u00abMadres de Plaza de Mayo\u00bb, cuyos hijos fueron desaparecidos durante el gobierno de facto.<\/p>\n<\/p>\n<p>Durante el acto, la presidenta de \u00abAbuelas de Plaza de Mayo\u00bb, Estela de Carlotto, dijo que los organismos de derechos humanos no permitir\u00e1n \u00abni un retroceso en las pol\u00edticas de memoria, verdad y justicia\u00bb, al leer un documento consensuado entre los distintos organismos.<\/p>\n<\/p>\n<p>El documento, adem\u00e1s, repudi\u00f3 el beneficio de prisi\u00f3n domiciliaria que favoreci\u00f3 a condenados por delitos de lesa humanidad cometidos durante el \u00faltimo gobierno militar.<\/p>\n<\/p>\n<p>\u00abNo nos han vencido. Estamos ac\u00e1, en unidad con el pueblo, con las banderas de los 30 mil (desaparecidos durante el gobierno militar) en alto\u00bb, dijeron los organizadores del acto.<\/p>\n<\/p>\n<h6> 2018-03-25 10:06:09 <\/h6>\n<p><!--\n<link rel=\"stylesheet\" href=\"css\/bootstrap.min.css\">\n\n\n<ul class=\"pagination\">\n\t    \n\t\n\n<li >\n\t<a href='?page_no=10907'>Previous<\/a>\n\t<\/li>\n\n\n       \n    \n\n<li><a href='?page_no=1'>1<\/a><\/li>\n\n\n\n<li><a href='?page_no=2'>2<\/a><\/li>\n\n\n\n<li><a>...<\/a><\/li>\n\n\n\n<li><a href='?page_no=10906'>10906<\/a><\/li>\n\n\n\n<li><a href='?page_no=10907'>10907<\/a><\/li>\n\n\n\n<li class='active'><a>10908<\/a><\/li>\n\n\n\n<li><a href='?page_no=10909'>10909<\/a><\/li>\n\n\n\n<li><a href='?page_no=10910'>10910<\/a><\/li>\n\n\n\n<li><a>...<\/a><\/li>\n\n\n\n<li><a href='?page_no=51012'>51012<\/a><\/li>\n\n\n\n<li><a href='?page_no=51013'>51013<\/a><\/li>\n\n    \n\t\n\n<li >\n\t<a href='?page_no=10909'>Next<\/a>\n\t<\/li>\n\n\n    \n\n<li><a href='?page_no=51013'>Last &rsaquo;&rsaquo;<\/a><\/li>\n\n<\/ul>\n\n\n--><br \/>\n<\/body><\/p>\n","protected":false},"excerpt":{"rendered":"<p>Miles de personas, junto con representantes de organismos de derechos humanos, sociales y agrupaciones pol\u00edticas de izquierda, se movilizaron hoy a la Plaza de Mayo, en el centro de Buenos Aires, para conmemorar el D\u00eda de la Memoria por la Verdad y la Justicia, al cumplirse 42 a\u00f1os del golpe de Estado del 24 de [&hellip;]<\/p>\n","protected":false},"author":3,"featured_media":0,"comment_status":"open","ping_status":"open","sticky":false,"template":"","format":"standard","meta":{"footnotes":""},"categories":[23],"tags":[],"class_list":["post-231280","post","type-post","status-publish","format-standard","hentry","category-internacional"],"_links":{"self":[{"href":"https:\/\/diariodominicano.com\/index.php?rest_route=\/wp\/v2\/posts\/231280","targetHints":{"allow":["GET"]}}],"collection":[{"href":"https:\/\/diariodominicano.com\/index.php?rest_route=\/wp\/v2\/posts"}],"about":[{"href":"https:\/\/diariodominicano.com\/index.php?rest_route=\/wp\/v2\/types\/post"}],"author":[{"embeddable":true,"href":"https:\/\/diariodominicano.com\/index.php?rest_route=\/wp\/v2\/users\/3"}],"replies":[{"embeddable":true,"href":"https:\/\/diariodominicano.com\/index.php?rest_route=%2Fwp%2Fv2%2Fcomments&post=231280"}],"version-history":[{"count":0,"href":"https:\/\/diariodominicano.com\/index.php?rest_route=\/wp\/v2\/posts\/231280\/revisions"}],"wp:attachment":[{"href":"https:\/\/diariodominicano.com\/index.php?rest_route=%2Fwp%2Fv2%2Fmedia&parent=231280"}],"wp:term":[{"taxonomy":"category","embeddable":true,"href":"https:\/\/diariodominicano.com\/index.php?rest_route=%2Fwp%2Fv2%2Fcategories&post=231280"},{"taxonomy":"post_tag","embeddable":true,"href":"https:\/\/diariodominicano.com\/index.php?rest_route=%2Fwp%2Fv2%2Ftags&post=231280"}],"curies":[{"name":"wp","href":"https:\/\/api.w.org\/{rel}","templated":true}]}}