{"id":231268,"date":"2018-03-25T15:06:15","date_gmt":"2018-03-25T15:06:15","guid":{"rendered":"http:\/\/diariodominicano.ddns.net\/?p=231268"},"modified":"2018-03-25T15:06:15","modified_gmt":"2018-03-25T15:06:15","slug":"trump-anuncia-comienzo-inmediato-de-construccion-de-muro-fronterizo","status":"publish","type":"post","link":"https:\/\/diariodominicano.com\/?p=231268","title":{"rendered":"Trump anuncia comienzo inmediato de construcci\u00f3n de muro fronterizo"},"content":{"rendered":"<p><body><\/p>\n<p><img decoding=\"async\" src=\"img3\/1trump-muro-fronterizo.jpg\" \/>  <\/p>\n<p><strong> Washington, 25 mar (PL)<\/strong> El presidente de Estados Unidos, Donald Trump, puntualiz\u00f3 hoy que la construcci\u00f3n de un muro en la frontera de su pa\u00eds con M\u00e9xico comenzar\u00e1 inmediatamente tras la aprobaci\u00f3n de recursos para esa pol\u00e9mica obra.<\/p>\n<\/p>\n<p>Desde su campa\u00f1a por llegar a la Casa Blanca, Trump insiste en la necesidad de edificar esa barrera f\u00edsica, lo cual acapara rechazo dentro y fuera de suelo norteamericano.<\/p>\n<\/p>\n<p>Mucho se puede hacer con mil 600 millones de d\u00f3lares otorgados para construir y reparar el muro fronterizo, afirm\u00f3 el mandatario en su cuenta personal de la red social Twitter.<\/p>\n<\/p>\n<p>As\u00ed, se refiri\u00f3 de manera directa a la cantidad prevista en el presupuesto bipartidista de gastos del Gobierno hasta finales de septiembre pr\u00f3ximo cuando concluye el a\u00f1o fiscal 2018.<\/p>\n<\/p>\n<p>Trump convirti\u00f3 en ley ese plan hace dos d\u00edas despu\u00e9s de que fuera aprobado por la C\u00e1mara de Representantes y el Senado, que tuvieron varias jornadas de discusiones y acuerdos al respecto.<\/p>\n<\/p>\n<p>&#8216;Es s\u00f3lo un anticipo. El trabajo comenzar\u00e1 inmediatamente. El resto del dinero vendr\u00e1&#8217;, agreg\u00f3 Trump, quien se refiri\u00f3 tambi\u00e9n al programa Acci\u00f3n Diferida para los Llegados en la Infancia (DACA) y critic\u00f3 la postura de los dem\u00f3cratas acerca de esa iniciativa, que \u00e9l mand\u00f3 a eliminar.<\/p>\n<\/p>\n<p>Dentro del plan de gastos, dicha cantidad est\u00e1 destinada a la seguridad fronteriza, espec\u00edficamente a m\u00e1s de 140 kil\u00f3metros de muro en los l\u00edmites con M\u00e9xico, y a nuevas tecnolog\u00edas.<\/p>\n<\/p>\n<p>Tal nivel de financiamiento se encuentra muy por debajo del total que Trump necesitar\u00eda para cumplir completamente su objetivo, por lo cual en un inicio, seg\u00fan la iniciativa, se reemplazar\u00e1n parte de las barreras existentes en la zona lim\u00edtrofe.<\/p>\n<\/p>\n<p>El jefe de la Casa Blanca asegur\u00f3 el pasado viernes antes de firmar el presupuesto que estaba considerando su veto, y tambi\u00e9n critic\u00f3 a los legisladores.<\/p>\n<\/p>\n<p>Como justificaciones, mencion\u00f3 la carencia de una soluci\u00f3n al DACA y al incompleto financiamiento para construir el muro.<\/p>\n<\/p>\n<p>Estoy considerando un veto del proyecto de ley presupuestaria basado en el hecho de que los m\u00e1s de 800 mil beneficiarios de DACA han sido totalmente abandonados por los dem\u00f3cratas (ni siquiera se les menciona), tuite\u00f3.<\/p>\n<\/p>\n<p>Asimismo a\u00f1adi\u00f3 que &#8216;el muro fronterizo, que se necesita de forma desesperada para la seguridad nacional, no est\u00e1 totalmente financiado&#8217;.<\/p>\n<\/p>\n<p>lma\/dsa<\/p>\n<h6> 2018-03-25 15:06:15 <\/h6>\n<p><!--\n<link rel=\"stylesheet\" href=\"css\/bootstrap.min.css\">\n\n\n<ul class=\"pagination\">\n\t    \n\t\n\n<li >\n\t<a href='?page_no=10897'>Previous<\/a>\n\t<\/li>\n\n\n       \n    \n\n<li><a href='?page_no=1'>1<\/a><\/li>\n\n\n\n<li><a href='?page_no=2'>2<\/a><\/li>\n\n\n\n<li><a>...<\/a><\/li>\n\n\n\n<li><a href='?page_no=10896'>10896<\/a><\/li>\n\n\n\n<li><a href='?page_no=10897'>10897<\/a><\/li>\n\n\n\n<li class='active'><a>10898<\/a><\/li>\n\n\n\n<li><a href='?page_no=10899'>10899<\/a><\/li>\n\n\n\n<li><a href='?page_no=10900'>10900<\/a><\/li>\n\n\n\n<li><a>...<\/a><\/li>\n\n\n\n<li><a href='?page_no=51012'>51012<\/a><\/li>\n\n\n\n<li><a href='?page_no=51013'>51013<\/a><\/li>\n\n    \n\t\n\n<li >\n\t<a href='?page_no=10899'>Next<\/a>\n\t<\/li>\n\n\n    \n\n<li><a href='?page_no=51013'>Last &rsaquo;&rsaquo;<\/a><\/li>\n\n<\/ul>\n\n\n--><br \/>\n<\/body><\/p>\n","protected":false},"excerpt":{"rendered":"<p>Washington, 25 mar (PL) El presidente de Estados Unidos, Donald Trump, puntualiz\u00f3 hoy que la construcci\u00f3n de un muro en la frontera de su pa\u00eds con M\u00e9xico comenzar\u00e1 inmediatamente tras la aprobaci\u00f3n de recursos para esa pol\u00e9mica obra. Desde su campa\u00f1a por llegar a la Casa Blanca, Trump insiste en la necesidad de edificar esa [&hellip;]<\/p>\n","protected":false},"author":3,"featured_media":0,"comment_status":"open","ping_status":"open","sticky":false,"template":"","format":"standard","meta":{"footnotes":""},"categories":[23],"tags":[],"class_list":["post-231268","post","type-post","status-publish","format-standard","hentry","category-internacional"],"_links":{"self":[{"href":"https:\/\/diariodominicano.com\/index.php?rest_route=\/wp\/v2\/posts\/231268","targetHints":{"allow":["GET"]}}],"collection":[{"href":"https:\/\/diariodominicano.com\/index.php?rest_route=\/wp\/v2\/posts"}],"about":[{"href":"https:\/\/diariodominicano.com\/index.php?rest_route=\/wp\/v2\/types\/post"}],"author":[{"embeddable":true,"href":"https:\/\/diariodominicano.com\/index.php?rest_route=\/wp\/v2\/users\/3"}],"replies":[{"embeddable":true,"href":"https:\/\/diariodominicano.com\/index.php?rest_route=%2Fwp%2Fv2%2Fcomments&post=231268"}],"version-history":[{"count":0,"href":"https:\/\/diariodominicano.com\/index.php?rest_route=\/wp\/v2\/posts\/231268\/revisions"}],"wp:attachment":[{"href":"https:\/\/diariodominicano.com\/index.php?rest_route=%2Fwp%2Fv2%2Fmedia&parent=231268"}],"wp:term":[{"taxonomy":"category","embeddable":true,"href":"https:\/\/diariodominicano.com\/index.php?rest_route=%2Fwp%2Fv2%2Fcategories&post=231268"},{"taxonomy":"post_tag","embeddable":true,"href":"https:\/\/diariodominicano.com\/index.php?rest_route=%2Fwp%2Fv2%2Ftags&post=231268"}],"curies":[{"name":"wp","href":"https:\/\/api.w.org\/{rel}","templated":true}]}}