{"id":231265,"date":"2018-03-26T01:09:53","date_gmt":"2018-03-26T01:09:53","guid":{"rendered":"http:\/\/diariodominicano.ddns.net\/?p=231265"},"modified":"2018-03-26T01:09:53","modified_gmt":"2018-03-26T01:09:53","slug":"cuba-se-acerca-a-la-formacion-de-un-nuevo-gobierno","status":"publish","type":"post","link":"https:\/\/diariodominicano.com\/?p=231265","title":{"rendered":"Cuba se acerca a la formaci\u00f3n de un nuevo gobierno"},"content":{"rendered":"<p><body><\/p>\n<p><img decoding=\"async\" src=\"img3\/137064689_1522021259608_title0h.jpg\" \/><br \/><img decoding=\"async\" src=\"img3\/137064689_15220211185221n.jpg\" \/><br \/><img decoding=\"async\" src=\"img3\/137064689_15220211189061n.jpg\" \/>  <\/p>\n<p> (1)CUBA-HABANA-NUEVO GOBIERNO-SERIE<\/p>\n<\/p>\n<p><strong> LA HABANA, marzo 25, 2018 (Xinhua) &#8212; Imagen del 8 de julio de 2016 del presidente de Cuba, Ra\u00fal Castro (i-frente), y el vicepresidente de Cuba, Miguel D\u00edaz Canel Berm\u00fadez (d-frente), asistiendo a una sesi\u00f3n plenaria de la Asamblea Nacional del Poder Popular de Cuba, en La Habana, capital de Cuba. Cuba, con la formaci\u00f3n el domingo de los poderes provinciales, contin\u00faa el proceso que deber\u00e1 concluir el pr\u00f3ximo 19 de abril en la constituci\u00f3n de un nuevo gobierno y el retiro del actual presidente Ra\u00fal Castro. La constituci\u00f3n de las 15 asambleas provinciales del Poder Popular es el pen\u00faltimo paso de ese proceso que ahora involucra a los 1.265 delegados elegidos en los comicios del pasado 11 de marzo. Despu\u00e9s de jurar y tomar posesi\u00f3n de sus cargos, esos delegados eligen mediante voto secreto a los presidentes y vicepresidentes de esos \u00f3rganos de gobierno territorial. (Xinhua\/Joaqu\u00edn Hern\u00e1ndez)<\/strong><\/p>\n<p>Por Ra\u00fal Menchaca<\/p>\n<p><strong>LA HABANA, 25 mar (Xinhua) &#8211;<\/strong>&#8211; Cuba, con la formaci\u00f3n este domingo de los poderes provinciales, contin\u00faa el proceso que deber\u00e1 concluir el pr\u00f3ximo 19 de abril en la constituci\u00f3n de un nuevo gobierno y el retiro del actual presidente Ra\u00fal Castro.<\/p>\n<\/p>\n<p><strong>LA HABANA, marzo 25, 2018 (Xinhua) &#8212; Imagen del 14 de julio de 2017 del presidente de Cuba, Ra\u00fal Castro (i-frente), conversando con el vicepresidente de Cuba, Miguel D\u00edaz Canel Berm\u00fadez (d-frente), durante una sesi\u00f3n plenaria de la Asamblea Nacional del Poder Popular de Cuba, en La Habana, capital de Cuba. Cuba, con la formaci\u00f3n el domingo de los poderes provinciales, contin\u00faa el proceso que deber\u00e1 concluir el pr\u00f3ximo 19 de abril en la constituci\u00f3n de un nuevo gobierno y el retiro del actual presidente Ra\u00fal Castro. La constituci\u00f3n de las 15 asambleas provinciales del Poder Popular es el pen\u00faltimo paso de ese proceso que ahora involucra a los 1.265 delegados elegidos en los comicios del pasado 11 de marzo. Despu\u00e9s de jurar y tomar posesi\u00f3n de sus cargos, esos delegados eligen mediante voto secreto a los presidentes y vicepresidentes de esos \u00f3rganos de gobierno territorial. (Xinhua\/Joaqu\u00edn Hern\u00e1ndez)<\/strong><\/p>\n<\/p>\n<p>La constituci\u00f3n de las 15 asambleas provinciales del Poder Popular es el pen\u00faltimo paso de ese proceso que ahora involucra a los 1.265 delegados elegidos en los comicios del pasado 11 de marzo.<\/p>\n<\/p>\n<p>Despu\u00e9s de jurar y tomar posesi\u00f3n de sus cargos, esos delegados eligen mediante voto secreto a los presidentes y vicepresidentes de esos \u00f3rganos de gobierno territorial.<\/p>\n<\/p>\n<p><strong>LA HABANA, marzo 25, 2018 (Xinhua) &#8212; Imagen del 26 de noviembre de 2017 de una mujer registr\u00e1ndose para emitir su voto en un colegio electoral en el municipio de Playa, en La Habana, capital de Cuba. Cuba, con la formaci\u00f3n el domingo de los poderes provinciales, contin\u00faa el proceso que deber\u00e1 concluir el pr\u00f3ximo 19 de abril en la constituci\u00f3n de un nuevo gobierno y el retiro del actual presidente Ra\u00fal Castro. La constituci\u00f3n de las 15 asambleas provinciales del Poder Popular es el pen\u00faltimo paso de ese proceso que ahora involucra a los 1.265 delegados elegidos en los comicios del pasado 11 de marzo. Despu\u00e9s de jurar y tomar posesi\u00f3n de sus cargos, esos delegados eligen mediante voto secreto a los presidentes y vicepresidentes de esos \u00f3rganos de gobierno territorial. (Xinhua\/Joaqu\u00edn Hern\u00e1ndez)<\/strong><\/p>\n<\/p>\n<p>\u00abEsas votaciones han sido antecedidas de consultas realizadas a m\u00e1s del 99 por ciento de los delegados provinciales, pues por razones de trabajo algunos estaban fuera del pa\u00eds, para que opinaran sobre las propuestas de quienes asumir\u00e1n la direcci\u00f3n de las Asambleas\u00bb, dijo la presidenta de la Comisi\u00f3n de Candidaturas Nacional, Gisela Duarte.<\/p>\n<\/p>\n<p><strong>LA HABANA, marzo 25, 2018 (Xinhua) &#8212; Imagen del 26 de noviembre de 2017 de un hombre depositando su voto en una urna en un colegio electoral en el municipio de Playa, en La Habana, capital de Cuba. Cuba, con la formaci\u00f3n el domingo de los poderes provinciales, contin\u00faa el proceso que deber\u00e1 concluir el pr\u00f3ximo 19 de abril en la constituci\u00f3n de un nuevo gobierno y el retiro del actual presidente Ra\u00fal Castro. La constituci\u00f3n de las 15 asambleas provinciales del Poder Popular es el pen\u00faltimo paso de ese proceso que ahora involucra a los 1.265 delegados elegidos en los comicios del pasado 11 de marzo. Despu\u00e9s de jurar y tomar posesi\u00f3n de sus cargos, esos delegados eligen mediante voto secreto a los presidentes y vicepresidentes de esos \u00f3rganos de gobierno territorial. (Xinhua\/Joaqu\u00edn Hern\u00e1ndez<\/strong>)<\/p>\n<\/p>\n<p>Las asambleas provinciales se encargan de controlar y fiscalizar al consejo de la administraci\u00f3n del territorio, y determinar la organizaci\u00f3n, funcionamiento y tareas de las entidades locales que asumen las actividades econ\u00f3micas, de producci\u00f3n y servicios, educacionales, de salud, culturales, deportivas, de protecci\u00f3n del medio ambiente y recreativas.<\/p>\n<\/p>\n<p>M\u00e1s de siete millones de cubanos, alrededor del 86 por ciento del padr\u00f3n electoral, eligieron el 11 de marzo a los delegados a las asambleas provinciales, as\u00ed como a los 605 diputados a la Asamblea Nacional (parlamento unicameral).<\/p>\n<\/p>\n<\/p>\n<p><strong>LA HABANA, marzo 25, 2018 (Xinhua) &#8212; Imagen del 26 de noviembre de 2017 del vicepresidente de Cuba, Miguel D\u00edaz Canel Berm\u00fadez (d), registr\u00e1ndose para emitir su voto en un colegio electoral en el municipio de Playa, en La Habana, capital de Cuba. Cuba, con la formaci\u00f3n el domingo de los poderes provinciales, contin\u00faa el proceso que deber\u00e1 concluir el pr\u00f3ximo 19 de abril en la constituci\u00f3n de un nuevo gobierno y el retiro del actual presidente Ra\u00fal Castro. La constituci\u00f3n de las 15 asambleas provinciales del Poder Popular es el pen\u00faltimo paso de ese proceso que ahora involucra a los 1.265 delegados elegidos en los comicios del pasado 11 de marzo. Despu\u00e9s de jurar y tomar posesi\u00f3n de sus cargos, esos delegados eligen mediante voto secreto a los presidentes y vicepresidentes de esos \u00f3rganos de gobierno territorial. (Xinhua\/Joaqu\u00edn Hern\u00e1ndez)<\/strong><\/p>\n<p><strong>De los candidatos a miembros del nuevo parlamento nacional, 338 son caras nuevas, y del resto, 148 tiene un solo mandato anterior, dijo Duarte a fines de enero, citada por el diario \u00abGranma\u00bb.<\/strong><\/p>\n<\/p>\n<p>Las mujeres representan 53,22 por ciento, lo que ubicar\u00e1 al cubano como \u00abel segundo Parlamento del mundo con mayor participaci\u00f3n femenina\u00bb, superado s\u00f3lo por Ruanda, que tiene el 61,3 por ciento.<\/p>\n<\/p>\n<p>De acuerdo con la Ley electoral vigente, para garantizar un contacto directo con la base, por lo menos la mitad de los candidatos a las asambleas provinciales y nacional son delegados de barrio, y los restantes son funcionarios y personalidades de la cultura, el deporte y otros sectores.<\/p>\n<\/p>\n<p><strong> <\/strong><\/p>\n<p><strong>LA HABANA, marzo 25, 2018 (Xinhua) &#8212; Imagen del 26 de noviembre de 2017 de un hombre registr\u00e1ndose para emitir su voto en un colegio electoral en el municipio de Playa, en La Habana, capital de Cuba. Cuba, con la formaci\u00f3n el domingo de los poderes provinciales, contin\u00faa el proceso que deber\u00e1 concluir el pr\u00f3ximo 19 de abril en la constituci\u00f3n de un nuevo gobierno y el retiro del actual presidente Ra\u00fal Castro. La constituci\u00f3n de las 15 asambleas provinciales del Poder Popular es el pen\u00faltimo paso de ese proceso que ahora involucra a los 1.265 delegados elegidos en los comicios del pasado 11 de marzo. Despu\u00e9s de jurar y tomar posesi\u00f3n de sus cargos, esos delegados eligen mediante voto secreto a los presidentes y vicepresidentes de esos \u00f3rganos de gobierno territorial. (Xinhua\/Joaqu\u00edn Hern\u00e1nd<\/strong>ez)<\/p>\n<\/p>\n<p>Como muestra del relevo generacional, el nuevo Parlamento de la isla tambi\u00e9n tendr\u00e1 m\u00e1s integrantes entre los 18 y los 35 a\u00f1os, que suman el 13,2 por ciento, aunque el promedio de edad de los aspirantes es de 49 a\u00f1os, seg\u00fan dijo Duarte.<\/p>\n<\/p>\n<p>Ese cuerpo legislativo, que se constituir\u00e1 oficialmente el pr\u00f3ximo 19 de abril, ser\u00e1 el encargado de proponer y votar a los principales cargos del gobierno.<\/p>\n<\/p>\n<p>De entre los legisladores, ser\u00e1n electos ese mismo d\u00eda una treintena de miembros del Consejo de Estado, que se reunir\u00e1 de inmediato para elegir al presidente, un vicepresidente primero, cinco vicepresidentes y un secretario.<\/p>\n<\/p>\n<p>\u00abCuando la Asamblea Nacional se constituya habr\u00e9 concluido mi segundo y \u00faltimo mandato al frente del Estado y del gobierno, y Cuba tendr\u00e1 un nuevo presidente\u00bb, anunci\u00f3 el presidente Ra\u00fal Castro ante el parlamento el 21 de diciembre, en el \u00faltimo pleno del a\u00f1o.<\/p>\n<\/p>\n<p>La sucesi\u00f3n de los l\u00edderes hist\u00f3ricos marca el relevo generacional en Cuba, aunque no se avizoran muchos cambios pol\u00edticos, pues la Constituci\u00f3n cubana coloca al Partido Comunista de Cuba (PCC) como \u00abfuerza dirigente superior de la sociedad\u00bb.<\/p>\n<\/p>\n<p>Se espera que el sucesor de Castro sea Miguel D\u00edaz-Canel, quien es el actual primer vicepresidente y adem\u00e1s miembro del Bur\u00f3 Pol\u00edtico del PCC.<\/p>\n<\/p>\n<p>La elecci\u00f3n de D\u00edaz-Canel, un ingeniero de 57 a\u00f1os, no debe provocar grandes cambios, pues ha defendido la continuidad pol\u00edtica en la isla.<\/p>\n<\/p>\n<p>\u00abYo no concibo las rupturas en nuestro pa\u00eds. Creo que ante todo tiene que haber continuidad\u00bb, dijo a la prensa al votar en noviembre \u00faltimo.<\/p>\n<\/p>\n<p>Esa ser\u00eda la primera vez, desde 1976, que ocupe la presidencia de Cuba una persona que no lleva el apellido Castro, ni forma parte de la generaci\u00f3n que hizo la Revoluci\u00f3n triunfante en 1959.<\/p>\n<\/p>\n<p>En 1976, Cuba aprob\u00f3 en un concurrido referendo p\u00fablico una nueva Constituci\u00f3n, en un proceso de institucionalizaci\u00f3n del pa\u00eds basado en los ejes socio-pol\u00edticos del sistema socialista.<\/p>\n<\/p>\n<p>Ahora, el nuevo mandatario tendr\u00e1 la misi\u00f3n de continuar los profundos cambios que vive la isla y que son regidos por el PCC en lo que se denomina como \u00abactualizaci\u00f3n del sistema econ\u00f3mico cubano\u00bb.<\/p>\n<\/p>\n<p>La fecha de inicio de la nueva legislatura estaba prevista para el 24 de febrero, pero en diciembre pasado el parlamento, a propuesta del Consejo de Estado, aprob\u00f3 alargar dos meses el actual mandato debido a los efectos devastadores del paso en septiembre del hurac\u00e1n Irma, que dej\u00f3 p\u00e9rdidas por m\u00e1s de 13.000 millones de d\u00f3lares.<\/p>\n<h6> 2018-03-26 01:09:53 <\/h6>\n<p><!--\n<link rel=\"stylesheet\" href=\"css\/bootstrap.min.css\">\n\n\n<ul class=\"pagination\">\n\t    \n\t\n\n<li >\n\t<a href='?page_no=10894'>Previous<\/a>\n\t<\/li>\n\n\n       \n    \n\n<li><a href='?page_no=1'>1<\/a><\/li>\n\n\n\n<li><a href='?page_no=2'>2<\/a><\/li>\n\n\n\n<li><a>...<\/a><\/li>\n\n\n\n<li><a href='?page_no=10893'>10893<\/a><\/li>\n\n\n\n<li><a href='?page_no=10894'>10894<\/a><\/li>\n\n\n\n<li class='active'><a>10895<\/a><\/li>\n\n\n\n<li><a href='?page_no=10896'>10896<\/a><\/li>\n\n\n\n<li><a href='?page_no=10897'>10897<\/a><\/li>\n\n\n\n<li><a>...<\/a><\/li>\n\n\n\n<li><a href='?page_no=51012'>51012<\/a><\/li>\n\n\n\n<li><a href='?page_no=51013'>51013<\/a><\/li>\n\n    \n\t\n\n<li >\n\t<a href='?page_no=10896'>Next<\/a>\n\t<\/li>\n\n\n    \n\n<li><a href='?page_no=51013'>Last &rsaquo;&rsaquo;<\/a><\/li>\n\n<\/ul>\n\n\n--><br \/>\n<\/body><\/p>\n","protected":false},"excerpt":{"rendered":"<p>(1)CUBA-HABANA-NUEVO GOBIERNO-SERIE LA HABANA, marzo 25, 2018 (Xinhua) &#8212; Imagen del 8 de julio de 2016 del presidente de Cuba, Ra\u00fal Castro (i-frente), y el vicepresidente de Cuba, Miguel D\u00edaz Canel Berm\u00fadez (d-frente), asistiendo a una sesi\u00f3n plenaria de la Asamblea Nacional del Poder Popular de Cuba, en La Habana, capital de Cuba. Cuba, con [&hellip;]<\/p>\n","protected":false},"author":3,"featured_media":0,"comment_status":"open","ping_status":"open","sticky":false,"template":"","format":"standard","meta":{"footnotes":""},"categories":[23],"tags":[],"class_list":["post-231265","post","type-post","status-publish","format-standard","hentry","category-internacional"],"_links":{"self":[{"href":"https:\/\/diariodominicano.com\/index.php?rest_route=\/wp\/v2\/posts\/231265","targetHints":{"allow":["GET"]}}],"collection":[{"href":"https:\/\/diariodominicano.com\/index.php?rest_route=\/wp\/v2\/posts"}],"about":[{"href":"https:\/\/diariodominicano.com\/index.php?rest_route=\/wp\/v2\/types\/post"}],"author":[{"embeddable":true,"href":"https:\/\/diariodominicano.com\/index.php?rest_route=\/wp\/v2\/users\/3"}],"replies":[{"embeddable":true,"href":"https:\/\/diariodominicano.com\/index.php?rest_route=%2Fwp%2Fv2%2Fcomments&post=231265"}],"version-history":[{"count":0,"href":"https:\/\/diariodominicano.com\/index.php?rest_route=\/wp\/v2\/posts\/231265\/revisions"}],"wp:attachment":[{"href":"https:\/\/diariodominicano.com\/index.php?rest_route=%2Fwp%2Fv2%2Fmedia&parent=231265"}],"wp:term":[{"taxonomy":"category","embeddable":true,"href":"https:\/\/diariodominicano.com\/index.php?rest_route=%2Fwp%2Fv2%2Fcategories&post=231265"},{"taxonomy":"post_tag","embeddable":true,"href":"https:\/\/diariodominicano.com\/index.php?rest_route=%2Fwp%2Fv2%2Ftags&post=231265"}],"curies":[{"name":"wp","href":"https:\/\/api.w.org\/{rel}","templated":true}]}}