{"id":231264,"date":"2018-03-26T07:43:02","date_gmt":"2018-03-26T07:43:02","guid":{"rendered":"http:\/\/diariodominicano.ddns.net\/?p=231264"},"modified":"2018-03-26T07:43:02","modified_gmt":"2018-03-26T07:43:02","slug":"denuncian-desaparicion-de-un-periodista-haitiano","status":"publish","type":"post","link":"https:\/\/diariodominicano.com\/?p=231264","title":{"rendered":"Denuncian desaparici\u00f3n de un periodista haitiano"},"content":{"rendered":"<p><body><\/p>\n<p><img decoding=\"async\" src=\"img3\/periodista-haitianao26.jpg\" \/>  <\/p>\n<p><span class=\"text1noticias\">Puerto Pr\u00edncipe, 26 mar (PL) La Asociaci\u00f3n Nacional de Medios de Comunicaci\u00f3n de Hait\u00ed (Anmh) denuncia hoy la desaparici\u00f3n del fotorreportero Vladjimir Legagneur y el silencio de las autoridades.<\/span><\/p>\n<p><span class=\"text1noticias\"> <\/span><\/p>\n<p><span class=\"text1noticias\">El 14 de marzo, Legagneur realizaba un reportaje en Grand-Ravine, del distrito de Martissant, desde entonces no hay noticias de \u00e9l, afirm\u00f3 su esposa Fleurette Guerrier.<\/span><\/p>\n<p><span class=\"text1noticias\"> <\/span><\/p>\n<p><span class=\"text1noticias\">Mediante un comunicado la Anmh expres\u00f3 su preocupaci\u00f3n con las fuerzas policiales y judiciales, e inst\u00f3 a la Direcci\u00f3n General de la Polic\u00eda y al Ayuntamiento de Puerto Pr\u00edncipe a hacer todo lo posible por brindar informaci\u00f3n sus familiares, amigos y colegas.<\/span><\/p>\n<p><span class=\"text1noticias\"> <\/span><\/p>\n<p><span class=\"text1noticias\">De igual manera convoca a los residentes de Grand Ravine y a p\u00fablico en general para ayudar a arrojar luz sobre el destino del periodista.<\/span><\/p>\n<p><span class=\"text1noticias\"> <\/span><\/p>\n<p><span class=\"text1noticias\">En el documento, firmado por Franz Duval, editor del diario Le Nouvelliste y presidente de la Anmh, los miembros piden a todas las autoridades competentes garantizar la libre circulaci\u00f3n de personas, el disfrute pleno de los derechos y las libertades en todo el territorio nacional.<\/span><\/p>\n<p><span class=\"text1noticias\"> <\/span><\/p>\n<p><span class=\"text1noticias\">El caso es denunciado tambi\u00e9n por organizaciones internacionales como Reporteros sin fronteras, que solicit\u00f3 iniciar una investigaci\u00f3n de inmediato para determinar el paradero de Legagneur.<\/span><\/p>\n<p><span class=\"text1noticias\"> <\/span><\/p>\n<p><span class=\"text1noticias\">El fot\u00f3grafo de 30 a\u00f1os, colabora de manera independiente con diversos medios locales de prensa y antes del suceso no hab\u00eda reportado ning\u00fan tipo de intimidaci\u00f3n ni amenaza contra su<\/span> vida.<\/p>\n<h6> 2018-03-26 07:43:02 <\/h6>\n<p><!--\n<link rel=\"stylesheet\" href=\"css\/bootstrap.min.css\">\n\n\n<ul class=\"pagination\">\n\t    \n\t\n\n<li >\n\t<a href='?page_no=10893'>Previous<\/a>\n\t<\/li>\n\n\n       \n    \n\n<li><a href='?page_no=1'>1<\/a><\/li>\n\n\n\n<li><a href='?page_no=2'>2<\/a><\/li>\n\n\n\n<li><a>...<\/a><\/li>\n\n\n\n<li><a href='?page_no=10892'>10892<\/a><\/li>\n\n\n\n<li><a href='?page_no=10893'>10893<\/a><\/li>\n\n\n\n<li class='active'><a>10894<\/a><\/li>\n\n\n\n<li><a href='?page_no=10895'>10895<\/a><\/li>\n\n\n\n<li><a href='?page_no=10896'>10896<\/a><\/li>\n\n\n\n<li><a>...<\/a><\/li>\n\n\n\n<li><a href='?page_no=51012'>51012<\/a><\/li>\n\n\n\n<li><a href='?page_no=51013'>51013<\/a><\/li>\n\n    \n\t\n\n<li >\n\t<a href='?page_no=10895'>Next<\/a>\n\t<\/li>\n\n\n    \n\n<li><a href='?page_no=51013'>Last &rsaquo;&rsaquo;<\/a><\/li>\n\n<\/ul>\n\n\n--><br \/>\n<\/body><\/p>\n","protected":false},"excerpt":{"rendered":"<p>Puerto Pr\u00edncipe, 26 mar (PL) La Asociaci\u00f3n Nacional de Medios de Comunicaci\u00f3n de Hait\u00ed (Anmh) denuncia hoy la desaparici\u00f3n del fotorreportero Vladjimir Legagneur y el silencio de las autoridades. El 14 de marzo, Legagneur realizaba un reportaje en Grand-Ravine, del distrito de Martissant, desde entonces no hay noticias de \u00e9l, afirm\u00f3 su esposa Fleurette Guerrier. [&hellip;]<\/p>\n","protected":false},"author":3,"featured_media":0,"comment_status":"open","ping_status":"open","sticky":false,"template":"","format":"standard","meta":{"footnotes":""},"categories":[23],"tags":[],"class_list":["post-231264","post","type-post","status-publish","format-standard","hentry","category-internacional"],"_links":{"self":[{"href":"https:\/\/diariodominicano.com\/index.php?rest_route=\/wp\/v2\/posts\/231264","targetHints":{"allow":["GET"]}}],"collection":[{"href":"https:\/\/diariodominicano.com\/index.php?rest_route=\/wp\/v2\/posts"}],"about":[{"href":"https:\/\/diariodominicano.com\/index.php?rest_route=\/wp\/v2\/types\/post"}],"author":[{"embeddable":true,"href":"https:\/\/diariodominicano.com\/index.php?rest_route=\/wp\/v2\/users\/3"}],"replies":[{"embeddable":true,"href":"https:\/\/diariodominicano.com\/index.php?rest_route=%2Fwp%2Fv2%2Fcomments&post=231264"}],"version-history":[{"count":0,"href":"https:\/\/diariodominicano.com\/index.php?rest_route=\/wp\/v2\/posts\/231264\/revisions"}],"wp:attachment":[{"href":"https:\/\/diariodominicano.com\/index.php?rest_route=%2Fwp%2Fv2%2Fmedia&parent=231264"}],"wp:term":[{"taxonomy":"category","embeddable":true,"href":"https:\/\/diariodominicano.com\/index.php?rest_route=%2Fwp%2Fv2%2Fcategories&post=231264"},{"taxonomy":"post_tag","embeddable":true,"href":"https:\/\/diariodominicano.com\/index.php?rest_route=%2Fwp%2Fv2%2Ftags&post=231264"}],"curies":[{"name":"wp","href":"https:\/\/api.w.org\/{rel}","templated":true}]}}