{"id":231263,"date":"2018-03-26T09:41:58","date_gmt":"2018-03-26T09:41:58","guid":{"rendered":"http:\/\/diariodominicano.ddns.net\/?p=231263"},"modified":"2018-03-26T09:41:58","modified_gmt":"2018-03-26T09:41:58","slug":"un-centenar-de-heridos-en-cataluna-en-protestas-por-detencion-del-expresidente-puigdemont","status":"publish","type":"post","link":"https:\/\/diariodominicano.com\/?p=231263","title":{"rendered":"Un centenar de heridos en Catalu\u00f1a en protestas por detenci\u00f3n del expresidente Puigdemont"},"content":{"rendered":"<p><body><\/p>\n<p><img decoding=\"async\" src=\"img3\/Cataluna26.jpg\" \/>  <\/p>\n<p><span class=\"text1noticias\">     MADRID, 26 mar (Xinhua) &#8212; Un centenar de manifestantes resultaron heridos en las protestas que surgieron en la noche del domingo en la regi\u00f3n de Catalu\u00f1a (noreste de Espa\u00f1a) tras la detenci\u00f3n del expresidente auton\u00f3mico Carles Puigdemont.<\/span><\/p>\n<p><span class=\"text1noticias\"> <\/span><\/p>\n<p><span class=\"text1noticias\">     Puigdemont, que huy\u00f3 de Espa\u00f1a a B\u00e9lgica acusado de sedici\u00f3n, rebeli\u00f3n y malversaci\u00f3n de fondos, fue apresado el domingo por la polic\u00eda alemana tras cruzar la frontera con Dinamarca cuando regresaba a su residencia en Waterloo tras haber dado una conferencia en la capital finlandesa, Helsinki.<\/span><\/p>\n<p><span class=\"text1noticias\"> <\/span><\/p>\n<p><span class=\"text1noticias\">     Tras su detenci\u00f3n, unas 55.000 personas salieron a las calles para protestar por su captura, lo que desemboc\u00f3 en disturbios que llev\u00f3 a intervenir a las fuerzas del orden p\u00fablico, seg\u00fan inform\u00f3 el Sistema de Emergencias M\u00e9dicas (SEM).<\/span><\/p>\n<p><span class=\"text1noticias\"> <\/span><\/p>\n<p><span class=\"text1noticias\">     La mayor\u00eda de las lesiones fueron cortes o golpes causados por los choques con las fuerzas de seguridad registrados en ciudades como Barcelona, L\u00e9rida o Tarragona.<\/span><\/p>\n<p><span class=\"text1noticias\"> <\/span><\/p>\n<p><span class=\"text1noticias\">     Seg\u00fan el SEM, 90 personas, incluidos 22 \u00abmossos\u00bb (polic\u00edas auton\u00f3micos), resultaron heridas en Barcelona, el epicentro de los disturbios, en los que incluso se intent\u00f3 invadir la delegaci\u00f3n del Gobierno central en Catalu\u00f1a.<\/span><\/p>\n<p><span class=\"text1noticias\"> <\/span><\/p>\n<p><span class=\"text1noticias\">     Los manifestantes quemaron contenedores y tiraron todo tipo de mobiliario urbano a los agentes, que respondieron usando sus porras y arrestando a nueve personas.<\/span><\/p>\n<p><span class=\"text1noticias\"> <\/span><\/p>\n<p><span class=\"text1noticias\">     Otras siete personas resultaron heridas en L\u00e9rida y una en Tarragona, aunque ninguna con lesiones graves.<\/span><\/p>\n<p><span class=\"text1noticias\"> <\/span><\/p>\n<p><span class=\"text1noticias\">     La detenci\u00f3n de Puigdemont se enmarca dentro de la orden europea de detenci\u00f3n dictada por el juez del Tribunal Supremo de Espa\u00f1a Pablo Llarena contra los l\u00edderes independentistas huidos al extranjero tras el refer\u00e9ndum ilegal de octubre por la independencia de Catalu\u00f1a<\/span><\/p>\n<p><span class=\"text1noticias\"> <\/span><\/p>\n<p><span class=\"text1noticias\">     Est\u00e1 previsto que Puigdemont comparezca hoy ante un tribunal alem\u00e1n que se limitar\u00e1 a identificarlo para dar inicio a un proceso que podr\u00eda acabar con su extradici\u00f3n a Espa\u00f1a en unos sesenta d\u00edas.<\/span><\/p>\n<p><span class=\"text1noticias\"> <\/span><\/p>\n<p><span class=\"text1noticias\">     El portavoz del Gobierno alem\u00e1n, Steffen Seibert, descart\u00f3 hoy que la detenci\u00f3n vaya afectar las buenas relaciones entre Madrid y Berl\u00edn y destac\u00f3 que el conflicto surgido a ra\u00edz del arresto del expresidente catal\u00e1n se debe resolver \u00aben base al derecho espa\u00f1ol\u00bb.<\/span><\/p>\n<p><span class=\"text1noticias\"> <\/span><\/p>\n<p><span class=\"text1noticias\">     En Alemania, el delito de rebeli\u00f3n est\u00e1 tipificado de forma muy similar a la espa\u00f1ola, lo que facilita que la orden europea de detenci\u00f3n siga adelante y el pa\u00eds germano env\u00ede a Puigdemont a Espa\u00f1a para que comparezca ante la justicia.<\/span><\/p>\n<p><span class=\"text1noticias\"> <\/span><\/p>\n<p><span class=\"text1noticias\">     Puigdemont fij\u00f3 su residencia en B\u00e9lgica porque en ese pa\u00eds no existe un delito equivalente al de rebeli\u00f3n, por lo que no se consideraba que fuese culpable de nada y no se ve\u00edan motivos para extraditarl<\/span>o a Espa\u00f1a.<\/p>\n<h6> 2018-03-26 09:41:58 <\/h6>\n<p><!--\n<link rel=\"stylesheet\" href=\"css\/bootstrap.min.css\">\n\n\n<ul class=\"pagination\">\n\t    \n\t\n\n<li >\n\t<a href='?page_no=10892'>Previous<\/a>\n\t<\/li>\n\n\n       \n    \n\n<li><a href='?page_no=1'>1<\/a><\/li>\n\n\n\n<li><a href='?page_no=2'>2<\/a><\/li>\n\n\n\n<li><a>...<\/a><\/li>\n\n\n\n<li><a href='?page_no=10891'>10891<\/a><\/li>\n\n\n\n<li><a href='?page_no=10892'>10892<\/a><\/li>\n\n\n\n<li class='active'><a>10893<\/a><\/li>\n\n\n\n<li><a href='?page_no=10894'>10894<\/a><\/li>\n\n\n\n<li><a href='?page_no=10895'>10895<\/a><\/li>\n\n\n\n<li><a>...<\/a><\/li>\n\n\n\n<li><a href='?page_no=51012'>51012<\/a><\/li>\n\n\n\n<li><a href='?page_no=51013'>51013<\/a><\/li>\n\n    \n\t\n\n<li >\n\t<a href='?page_no=10894'>Next<\/a>\n\t<\/li>\n\n\n    \n\n<li><a href='?page_no=51013'>Last &rsaquo;&rsaquo;<\/a><\/li>\n\n<\/ul>\n\n\n--><br \/>\n<\/body><\/p>\n","protected":false},"excerpt":{"rendered":"<p>MADRID, 26 mar (Xinhua) &#8212; Un centenar de manifestantes resultaron heridos en las protestas que surgieron en la noche del domingo en la regi\u00f3n de Catalu\u00f1a (noreste de Espa\u00f1a) tras la detenci\u00f3n del expresidente auton\u00f3mico Carles Puigdemont. Puigdemont, que huy\u00f3 de Espa\u00f1a a B\u00e9lgica acusado de sedici\u00f3n, rebeli\u00f3n y malversaci\u00f3n de fondos, fue apresado el [&hellip;]<\/p>\n","protected":false},"author":3,"featured_media":0,"comment_status":"open","ping_status":"open","sticky":false,"template":"","format":"standard","meta":{"footnotes":""},"categories":[23],"tags":[],"class_list":["post-231263","post","type-post","status-publish","format-standard","hentry","category-internacional"],"_links":{"self":[{"href":"https:\/\/diariodominicano.com\/index.php?rest_route=\/wp\/v2\/posts\/231263","targetHints":{"allow":["GET"]}}],"collection":[{"href":"https:\/\/diariodominicano.com\/index.php?rest_route=\/wp\/v2\/posts"}],"about":[{"href":"https:\/\/diariodominicano.com\/index.php?rest_route=\/wp\/v2\/types\/post"}],"author":[{"embeddable":true,"href":"https:\/\/diariodominicano.com\/index.php?rest_route=\/wp\/v2\/users\/3"}],"replies":[{"embeddable":true,"href":"https:\/\/diariodominicano.com\/index.php?rest_route=%2Fwp%2Fv2%2Fcomments&post=231263"}],"version-history":[{"count":0,"href":"https:\/\/diariodominicano.com\/index.php?rest_route=\/wp\/v2\/posts\/231263\/revisions"}],"wp:attachment":[{"href":"https:\/\/diariodominicano.com\/index.php?rest_route=%2Fwp%2Fv2%2Fmedia&parent=231263"}],"wp:term":[{"taxonomy":"category","embeddable":true,"href":"https:\/\/diariodominicano.com\/index.php?rest_route=%2Fwp%2Fv2%2Fcategories&post=231263"},{"taxonomy":"post_tag","embeddable":true,"href":"https:\/\/diariodominicano.com\/index.php?rest_route=%2Fwp%2Fv2%2Ftags&post=231263"}],"curies":[{"name":"wp","href":"https:\/\/api.w.org\/{rel}","templated":true}]}}