{"id":231261,"date":"2018-03-26T10:05:29","date_gmt":"2018-03-26T10:05:29","guid":{"rendered":"http:\/\/diariodominicano.ddns.net\/?p=231261"},"modified":"2018-03-26T10:05:29","modified_gmt":"2018-03-26T10:05:29","slug":"justicia-alemana-delibera-sobre-la-extradicion-a-espana-de-expresidente-catalan","status":"publish","type":"post","link":"https:\/\/diariodominicano.com\/?p=231261","title":{"rendered":"Justicia alemana delibera sobre la extradici\u00f3n a Espa\u00f1a de expresidente catal\u00e1n"},"content":{"rendered":"<p><body><\/p>\n<p><img decoding=\"async\" src=\"img3\/Puidemont.jpg\" \/>  <\/p>\n<p><span class=\"text1noticias\">     BERLIN, 26 mar (Xinhua) &#8212; Las autoridades judiciales del estado alem\u00e1n de Shleswig-Holstein siguen deliberando sobre la extradici\u00f3n de Carles Puigdemont, expresidente de la regi\u00f3n espa\u00f1ola de Catalu\u00f1a, seg\u00fan declar\u00f3 a la prensa este lunes el fiscal adjunto alem\u00e1n Ralph Doepper.<\/span><\/p>\n<p><span class=\"text1noticias\"> <\/span><\/p>\n<p><span class=\"text1noticias\">     La corte del distrito debe primero confirmar la identidad del exl\u00edder catal\u00e1n, de 55 a\u00f1os. Seg\u00fan Doepper, no est\u00e1 todav\u00eda claro si Puigdemont permanecer\u00e1 detenido durante la evaluaci\u00f3n legal de la petici\u00f3n de extradici\u00f3n efectuada por Espa\u00f1a.<\/span><\/p>\n<p><span class=\"text1noticias\"> <\/span><\/p>\n<p><span class=\"text1noticias\">     El arresto de Puigdemont tuvo lugar poco despu\u00e9s de que cruzara la frontera que separa Dinamarca y Alemania mientras viajaba en coche hacia B\u00e9lgica despu\u00e9s de participar en una conferencia en la capital finlandesa, Helsinki.<\/span><\/p>\n<p><span class=\"text1noticias\"> <\/span><\/p>\n<p><span class=\"text1noticias\">     De acuerdo con Doepper, la fiscal\u00eda p\u00fablica regional tiene que esperar a que las autoridades espa\u00f1olas le proporcionen documentos que detallen las razones para aprobar la extradici\u00f3n.<\/span><\/p>\n<p><span class=\"text1noticias\"> <\/span><\/p>\n<p><span class=\"text1noticias\">     En cualquier caso, es el Tribunal Supremo Regional del estado el que, en \u00faltima instancia, deber\u00e1 pronunciar un veredicto.<\/span><\/p>\n<p><span class=\"text1noticias\"> <\/span><\/p>\n<p><span class=\"text1noticias\">     Aunque algunos medios alemanes han informado de que Puigdemont considera solicitar asilo pol\u00edtico en Alemania, su abogado lo ha desment<\/span>ido. <\/p>\n<h6> 2018-03-26 10:05:29 <\/h6>\n<p><!--\n<link rel=\"stylesheet\" href=\"css\/bootstrap.min.css\">\n\n\n<ul class=\"pagination\">\n\t    \n\t\n\n<li >\n\t<a href='?page_no=10890'>Previous<\/a>\n\t<\/li>\n\n\n       \n    \n\n<li><a href='?page_no=1'>1<\/a><\/li>\n\n\n\n<li><a href='?page_no=2'>2<\/a><\/li>\n\n\n\n<li><a>...<\/a><\/li>\n\n\n\n<li><a href='?page_no=10889'>10889<\/a><\/li>\n\n\n\n<li><a href='?page_no=10890'>10890<\/a><\/li>\n\n\n\n<li class='active'><a>10891<\/a><\/li>\n\n\n\n<li><a href='?page_no=10892'>10892<\/a><\/li>\n\n\n\n<li><a href='?page_no=10893'>10893<\/a><\/li>\n\n\n\n<li><a>...<\/a><\/li>\n\n\n\n<li><a href='?page_no=51012'>51012<\/a><\/li>\n\n\n\n<li><a href='?page_no=51013'>51013<\/a><\/li>\n\n    \n\t\n\n<li >\n\t<a href='?page_no=10892'>Next<\/a>\n\t<\/li>\n\n\n    \n\n<li><a href='?page_no=51013'>Last &rsaquo;&rsaquo;<\/a><\/li>\n\n<\/ul>\n\n\n--><br \/>\n<\/body><\/p>\n","protected":false},"excerpt":{"rendered":"<p>BERLIN, 26 mar (Xinhua) &#8212; Las autoridades judiciales del estado alem\u00e1n de Shleswig-Holstein siguen deliberando sobre la extradici\u00f3n de Carles Puigdemont, expresidente de la regi\u00f3n espa\u00f1ola de Catalu\u00f1a, seg\u00fan declar\u00f3 a la prensa este lunes el fiscal adjunto alem\u00e1n Ralph Doepper. La corte del distrito debe primero confirmar la identidad del exl\u00edder catal\u00e1n, de 55 [&hellip;]<\/p>\n","protected":false},"author":3,"featured_media":0,"comment_status":"open","ping_status":"open","sticky":false,"template":"","format":"standard","meta":{"footnotes":""},"categories":[23],"tags":[],"class_list":["post-231261","post","type-post","status-publish","format-standard","hentry","category-internacional"],"_links":{"self":[{"href":"https:\/\/diariodominicano.com\/index.php?rest_route=\/wp\/v2\/posts\/231261","targetHints":{"allow":["GET"]}}],"collection":[{"href":"https:\/\/diariodominicano.com\/index.php?rest_route=\/wp\/v2\/posts"}],"about":[{"href":"https:\/\/diariodominicano.com\/index.php?rest_route=\/wp\/v2\/types\/post"}],"author":[{"embeddable":true,"href":"https:\/\/diariodominicano.com\/index.php?rest_route=\/wp\/v2\/users\/3"}],"replies":[{"embeddable":true,"href":"https:\/\/diariodominicano.com\/index.php?rest_route=%2Fwp%2Fv2%2Fcomments&post=231261"}],"version-history":[{"count":0,"href":"https:\/\/diariodominicano.com\/index.php?rest_route=\/wp\/v2\/posts\/231261\/revisions"}],"wp:attachment":[{"href":"https:\/\/diariodominicano.com\/index.php?rest_route=%2Fwp%2Fv2%2Fmedia&parent=231261"}],"wp:term":[{"taxonomy":"category","embeddable":true,"href":"https:\/\/diariodominicano.com\/index.php?rest_route=%2Fwp%2Fv2%2Fcategories&post=231261"},{"taxonomy":"post_tag","embeddable":true,"href":"https:\/\/diariodominicano.com\/index.php?rest_route=%2Fwp%2Fv2%2Ftags&post=231261"}],"curies":[{"name":"wp","href":"https:\/\/api.w.org\/{rel}","templated":true}]}}