{"id":231255,"date":"2018-03-26T14:15:21","date_gmt":"2018-03-26T14:15:21","guid":{"rendered":"http:\/\/diariodominicano.ddns.net\/?p=231255"},"modified":"2018-03-26T14:15:21","modified_gmt":"2018-03-26T14:15:21","slug":"onu-condena-lanzamiento-de-cohetes-contra-arabia-saudita","status":"publish","type":"post","link":"https:\/\/diariodominicano.com\/?p=231255","title":{"rendered":"ONU condena lanzamiento de cohetes contra Arabia Saudita"},"content":{"rendered":"<p><body><\/p>\n<p><img decoding=\"async\" src=\"img3\/Guterres (1).jpg\" \/>  <\/p>\n<p>Naciones Unidas, 26 mar (PL) El secretario general de la ONU, Ant\u00f3nio Guterres, conden\u00f3 hoy el ataque con misiles lanzados contra ciudades de Arabia Saudita, incluida la capital del pa\u00eds, el cual ya fue reivindicado por la agrupaci\u00f3n yemenita de los hut\u00edes.<\/p>\n<\/p>\n<p>Al cumplirse en esta fecha el tercer aniversario del conflicto en Yemen, el m\u00e1ximo representante de Naciones Unidas llam\u00f3 a la moderaci\u00f3n en medio de las crecientes tensiones.<\/p>\n<\/p>\n<p>Por medio de un comunicado difundido por la oficina de su portavoz, el diplom\u00e1tico portugu\u00e9s subray\u00f3 que la escalada militar no es la soluci\u00f3n a los problemas e inst\u00f3 a las partes a proteger la vida de los civiles y su infraestructura, en virtud del derecho humanitario internacional.<\/p>\n<\/p>\n<p>El secretario general tambi\u00e9n hizo hincapi\u00e9 en la necesidad de una soluci\u00f3n pol\u00edtica negociada a trav\u00e9s del di\u00e1logo inclusivo, pues a su juicio esa es la \u00fanica manera de poner fin al conflicto y abordar la crisis humanitaria en curso.<\/p>\n<\/p>\n<p>Los cohetes disparados desde Yemen por los hut\u00edes estuvieron dirigidos a las ciudades sauditas de Riad, Jamis Mashit, Nachr\u00e1n y Yazan, de acuerdo con reportes de prensa.<\/p>\n<\/p>\n<p>Este lunes, la Liga \u00c1rabe conden\u00f3 desde El Cairo el disparo de los siete cohetes contra Arabia Saudita, cuya seguridad los hut\u00edes &#8216;intentan desestabilizar&#8217;, seg\u00fan el portavoz de esa organizaci\u00f3n, Mahmud Afifi.<\/p>\n<\/p>\n<p>Afifi calific\u00f3 el hecho de clara violaci\u00f3n de las resoluciones del Consejo de Seguridad de la ONU. Adem\u00e1s, acus\u00f3 a Ir\u00e1n de suministrar los misiles al movimiento de los hut\u00edes Ansar Allah, lo cual Teher\u00e1n ha negado reiteradamente.<\/p>\n<\/p>\n<p>La guerra entre el movimiento hut\u00ed Ansar Allah y las fuerzas de Hadi han sumido al pueblo de Yemen en la peor crisis humanitaria registrada en el mundo en 2017.<\/p>\n<h6> 2018-03-26 14:15:21 <\/h6>\n<p><!--\n<link rel=\"stylesheet\" href=\"css\/bootstrap.min.css\">\n\n\n<ul class=\"pagination\">\n\t    \n\t\n\n<li >\n\t<a href='?page_no=10885'>Previous<\/a>\n\t<\/li>\n\n\n       \n    \n\n<li><a href='?page_no=1'>1<\/a><\/li>\n\n\n\n<li><a href='?page_no=2'>2<\/a><\/li>\n\n\n\n<li><a>...<\/a><\/li>\n\n\n\n<li><a href='?page_no=10884'>10884<\/a><\/li>\n\n\n\n<li><a href='?page_no=10885'>10885<\/a><\/li>\n\n\n\n<li class='active'><a>10886<\/a><\/li>\n\n\n\n<li><a href='?page_no=10887'>10887<\/a><\/li>\n\n\n\n<li><a href='?page_no=10888'>10888<\/a><\/li>\n\n\n\n<li><a>...<\/a><\/li>\n\n\n\n<li><a href='?page_no=51012'>51012<\/a><\/li>\n\n\n\n<li><a href='?page_no=51013'>51013<\/a><\/li>\n\n    \n\t\n\n<li >\n\t<a href='?page_no=10887'>Next<\/a>\n\t<\/li>\n\n\n    \n\n<li><a href='?page_no=51013'>Last &rsaquo;&rsaquo;<\/a><\/li>\n\n<\/ul>\n\n\n--><br \/>\n<\/body><\/p>\n","protected":false},"excerpt":{"rendered":"<p>Naciones Unidas, 26 mar (PL) El secretario general de la ONU, Ant\u00f3nio Guterres, conden\u00f3 hoy el ataque con misiles lanzados contra ciudades de Arabia Saudita, incluida la capital del pa\u00eds, el cual ya fue reivindicado por la agrupaci\u00f3n yemenita de los hut\u00edes. Al cumplirse en esta fecha el tercer aniversario del conflicto en Yemen, el [&hellip;]<\/p>\n","protected":false},"author":3,"featured_media":0,"comment_status":"open","ping_status":"open","sticky":false,"template":"","format":"standard","meta":{"footnotes":""},"categories":[23],"tags":[],"class_list":["post-231255","post","type-post","status-publish","format-standard","hentry","category-internacional"],"_links":{"self":[{"href":"https:\/\/diariodominicano.com\/index.php?rest_route=\/wp\/v2\/posts\/231255","targetHints":{"allow":["GET"]}}],"collection":[{"href":"https:\/\/diariodominicano.com\/index.php?rest_route=\/wp\/v2\/posts"}],"about":[{"href":"https:\/\/diariodominicano.com\/index.php?rest_route=\/wp\/v2\/types\/post"}],"author":[{"embeddable":true,"href":"https:\/\/diariodominicano.com\/index.php?rest_route=\/wp\/v2\/users\/3"}],"replies":[{"embeddable":true,"href":"https:\/\/diariodominicano.com\/index.php?rest_route=%2Fwp%2Fv2%2Fcomments&post=231255"}],"version-history":[{"count":0,"href":"https:\/\/diariodominicano.com\/index.php?rest_route=\/wp\/v2\/posts\/231255\/revisions"}],"wp:attachment":[{"href":"https:\/\/diariodominicano.com\/index.php?rest_route=%2Fwp%2Fv2%2Fmedia&parent=231255"}],"wp:term":[{"taxonomy":"category","embeddable":true,"href":"https:\/\/diariodominicano.com\/index.php?rest_route=%2Fwp%2Fv2%2Fcategories&post=231255"},{"taxonomy":"post_tag","embeddable":true,"href":"https:\/\/diariodominicano.com\/index.php?rest_route=%2Fwp%2Fv2%2Ftags&post=231255"}],"curies":[{"name":"wp","href":"https:\/\/api.w.org\/{rel}","templated":true}]}}