{"id":231252,"date":"2018-03-26T21:12:12","date_gmt":"2018-03-26T21:12:12","guid":{"rendered":"http:\/\/diariodominicano.ddns.net\/?p=231252"},"modified":"2018-03-26T21:12:12","modified_gmt":"2018-03-26T21:12:12","slug":"israel-investiga-a-facebook-en-medio-de-desafios-de-era-digital","status":"publish","type":"post","link":"https:\/\/diariodominicano.com\/?p=231252","title":{"rendered":"Israel investiga a Facebook en medio de desaf\u00edos de era digital"},"content":{"rendered":"<p><body><\/p>\n<\/p>\n<\/p>\n<p>   <strong>JERUSALEN, 26 mar (Xinhua) &#8211;<\/strong>&#8211; La Autoridad de Protecci\u00f3n de Privacidad de Israel anunci\u00f3 el fin de semana que emprendi\u00f3 una investigaci\u00f3n contra Facebook por los informes de uso indebido de informaci\u00f3n y posible violaci\u00f3n de las leyes israel\u00edes de privacidad.<\/p>\n<\/p>\n<p>   Un funcionario del Ministerio de Justicia citado por medios israel\u00edes dijo que la investigaci\u00f3n no ha sido declarada penal, pero podr\u00eda evolucionar m\u00e1s adelante.<\/p>\n<\/p>\n<p>   El anuncio se produjo d\u00edas despu\u00e9s de que se inform\u00f3 que datos de unos 50 millones de usuarios de Facebook fueron transferidos a Cambridge Analytica, una consultora pol\u00edtica de Reino Unido, para influir en campa\u00f1as electorales, incluyendo la elecci\u00f3n presidencial de 2016 en Estados Unidos.<\/p>\n<\/p>\n<p>   Es posible que un gran n\u00famero de estas cuentas fueran de israel\u00edes que tienen doble ciudadan\u00eda y derecho de sufragio en Estados Unidos.<\/p>\n<\/p>\n<p>   La condena a nivel mundial por el esc\u00e1ndalo oblig\u00f3 al director de Facebook, Mark Zuckerberg, a disculparse.<\/p>\n<\/p>\n<p>   \u00abTenemos la responsabilidad de proteger sus datos. Si no podemos hacerlo, no merecemos atenderlos\u00bb, public\u00f3 Zuckerberg en su p\u00e1gina, pero no ello no evit\u00f3 las cr\u00edticas contra \u00e9l y su compa\u00f1\u00eda.<\/p>\n<\/p>\n<p>   De acuerdo con la Asociaci\u00f3n de Internet de Israel, cerca de la mitad de la poblaci\u00f3n del pa\u00eds utiliza la plataforma social, lo que deja a muchos israel\u00edes vulnerables a la violaci\u00f3n de su privacidad.<\/p>\n<\/p>\n<p>   En un pa\u00eds en el que la seguridad cibern\u00e9tica es un importante subsector de la industria de alta tecnolog\u00eda, parece que la tecnolog\u00eda no es la soluci\u00f3n esta vez.<\/p>\n<\/p>\n<p>   \u00abLa respuesta no es tecnol\u00f3gica\u00bb, dijo Tal Pavel, jefe de Estudios de Seguridad Cibern\u00e9tica de los programas de sistemas de informaci\u00f3n del Colegio de Tel Aviv-Yaffo. \u00abTenemos que lograr un nuevo equilibrio entre los usuarios y los gigantes de la informaci\u00f3n\u00bb.<\/p>\n<\/p>\n<p>   Puede que Facebook est\u00e9 ahora en los titulares, pero otras grandes compa\u00f1\u00edas como Google y Amazon enfrentan los mismos asuntos.<\/p>\n<\/p>\n<p>   En un bolet\u00edn del Instituto de Democracia de Israel, Tehilla Shwartz Altshuler perfil\u00f3 varias medidas que cree necesarias para evitar un evento similar en las pr\u00f3ximas elecciones generales de Israel a finales de 2019.<\/p>\n<\/p>\n<p>   \u00abSe debe prohibir a los candidatos y partidos pol\u00edticos contratar compa\u00f1\u00edas que posean tecnolog\u00eda para recabar y medir los rasgos de personalidad de las personas\u00bb, afirm\u00f3 la investigadora.<\/p>\n<\/p>\n<p>   En respuesta a las acusaciones contra Facebook, las acciones de la compa\u00f1\u00eda se desplomaron y perdieron 7 por ciento por el esc\u00e1ndalo.<\/p>\n<\/p>\n<p>   No obstante, la red social est\u00e1 creciendo a un ritmo exponencial en el mundo en desarrollo. Es dif\u00edcil que el movimiento #deletefacebook en Twitter que pretende animar a las personas a borrar sus cuentas aseste un golpe al rendimiento a largo plazo de la compa\u00f1\u00eda.<\/p>\n<\/p>\n<p>   Esto significa que para controlar a los gigantes de la informaci\u00f3n se necesitan esfuerzos mundiales.<\/p>\n<\/p>\n<p>   \u00abTienen que reconocer los l\u00edmites de su poder, ser menos codiciosas, no vender nuestra informaci\u00f3n y actuar con mayor transparencia\u00bb, dijo Pavel. \u00abEsta era no s\u00f3lo nos transformar\u00e1, sino que tambi\u00e9n cambiar\u00e1 a las enormes compa\u00f1\u00edas\u00bb.<\/p>\n<\/p>\n<p>   Para esto, un primer paso tomado en Israel fue el anuncio de la investigaci\u00f3n. En otros pa\u00edses se est\u00e1n tomando medidas para emprender acci\u00f3n legal a fin de proteger la enorme cantidad de datos en manos de compa\u00f1\u00edas privadas.<\/p>\n<\/p>\n<p>   \u00abLa Ley de Protecci\u00f3n de la Privacidad de Israel no ha sido actualizada en 30 a\u00f1os. Debe ser reformada para que se ajuste a los nuevos desaf\u00edos de la realidad digital\u00bb, considera el instituto.<\/p>\n<\/p>\n<p>   \u00abNecesitamos tratados y cooperaci\u00f3n internacional para ejercer presi\u00f3n sobre Facebook\u00bb, dijo Pavel.<\/p>\n<\/p>\n<p>   Varias resoluciones de la ONU abordan el derecho a la privacidad en la era digital, pero como los desaf\u00edos apenas est\u00e1n surgiendo, la respuesta todav\u00eda se encuentra en g\u00e9nesis.<\/p>\n<\/p>\n<p>   Cualquier soluci\u00f3n tecnol\u00f3gica al problema ser\u00e1 eludido por otra invenci\u00f3n tecnol\u00f3gica, seg\u00fan Pavel.<\/p>\n<\/p>\n<p>   Altschuler tambi\u00e9n propuso una mayor cooperaci\u00f3n entre gobiernos y empresas privadas. Es evidente que se necesita nueva legislaci\u00f3n.<\/p>\n<\/p>\n<p>   Facebook, Google y otras compa\u00f1\u00edas llegaron para quedarse, ignorarlas es poco realista y borrar cuentas en protesta no servir\u00e1 como catalizador para el cambio.<\/p>\n<\/p>\n<p>   \u00abEntre los pa\u00edses hay muy claras fronteras f\u00edsicas\u00bb, dijo Pavel a Xinhua. \u00abEn el mundo digital se est\u00e1n dibujando esos l\u00edmites justo ahora\u00bb. Fin<\/p>\n<\/p>\n<h6> 2018-03-26 21:12:12 <\/h6>\n<p><!--\n<link rel=\"stylesheet\" href=\"css\/bootstrap.min.css\">\n\n\n<ul class=\"pagination\">\n\t    \n\t\n\n<li >\n\t<a href='?page_no=10882'>Previous<\/a>\n\t<\/li>\n\n\n       \n    \n\n<li><a href='?page_no=1'>1<\/a><\/li>\n\n\n\n<li><a href='?page_no=2'>2<\/a><\/li>\n\n\n\n<li><a>...<\/a><\/li>\n\n\n\n<li><a href='?page_no=10881'>10881<\/a><\/li>\n\n\n\n<li><a href='?page_no=10882'>10882<\/a><\/li>\n\n\n\n<li class='active'><a>10883<\/a><\/li>\n\n\n\n<li><a href='?page_no=10884'>10884<\/a><\/li>\n\n\n\n<li><a href='?page_no=10885'>10885<\/a><\/li>\n\n\n\n<li><a>...<\/a><\/li>\n\n\n\n<li><a href='?page_no=51012'>51012<\/a><\/li>\n\n\n\n<li><a href='?page_no=51013'>51013<\/a><\/li>\n\n    \n\t\n\n<li >\n\t<a href='?page_no=10884'>Next<\/a>\n\t<\/li>\n\n\n    \n\n<li><a href='?page_no=51013'>Last &rsaquo;&rsaquo;<\/a><\/li>\n\n<\/ul>\n\n\n--><br \/>\n<\/body><\/p>\n","protected":false},"excerpt":{"rendered":"<p>JERUSALEN, 26 mar (Xinhua) &#8211;&#8211; La Autoridad de Protecci\u00f3n de Privacidad de Israel anunci\u00f3 el fin de semana que emprendi\u00f3 una investigaci\u00f3n contra Facebook por los informes de uso indebido de informaci\u00f3n y posible violaci\u00f3n de las leyes israel\u00edes de privacidad. Un funcionario del Ministerio de Justicia citado por medios israel\u00edes dijo que la investigaci\u00f3n [&hellip;]<\/p>\n","protected":false},"author":3,"featured_media":0,"comment_status":"open","ping_status":"open","sticky":false,"template":"","format":"standard","meta":{"footnotes":""},"categories":[23],"tags":[],"class_list":["post-231252","post","type-post","status-publish","format-standard","hentry","category-internacional"],"_links":{"self":[{"href":"https:\/\/diariodominicano.com\/index.php?rest_route=\/wp\/v2\/posts\/231252","targetHints":{"allow":["GET"]}}],"collection":[{"href":"https:\/\/diariodominicano.com\/index.php?rest_route=\/wp\/v2\/posts"}],"about":[{"href":"https:\/\/diariodominicano.com\/index.php?rest_route=\/wp\/v2\/types\/post"}],"author":[{"embeddable":true,"href":"https:\/\/diariodominicano.com\/index.php?rest_route=\/wp\/v2\/users\/3"}],"replies":[{"embeddable":true,"href":"https:\/\/diariodominicano.com\/index.php?rest_route=%2Fwp%2Fv2%2Fcomments&post=231252"}],"version-history":[{"count":0,"href":"https:\/\/diariodominicano.com\/index.php?rest_route=\/wp\/v2\/posts\/231252\/revisions"}],"wp:attachment":[{"href":"https:\/\/diariodominicano.com\/index.php?rest_route=%2Fwp%2Fv2%2Fmedia&parent=231252"}],"wp:term":[{"taxonomy":"category","embeddable":true,"href":"https:\/\/diariodominicano.com\/index.php?rest_route=%2Fwp%2Fv2%2Fcategories&post=231252"},{"taxonomy":"post_tag","embeddable":true,"href":"https:\/\/diariodominicano.com\/index.php?rest_route=%2Fwp%2Fv2%2Ftags&post=231252"}],"curies":[{"name":"wp","href":"https:\/\/api.w.org\/{rel}","templated":true}]}}