{"id":231249,"date":"2018-03-26T21:43:46","date_gmt":"2018-03-26T21:43:46","guid":{"rendered":"http:\/\/diariodominicano.ddns.net\/?p=231249"},"modified":"2018-03-26T21:43:46","modified_gmt":"2018-03-26T21:43:46","slug":"el-subsecretario-de-estado-john-j-sullivan-se-reune-con-el-canciller-de-malasia-anifah-aman","status":"publish","type":"post","link":"https:\/\/diariodominicano.com\/?p=231249","title":{"rendered":"El  subsecretario de Estado, John J. Sullivan se reune  con el canciller de Malasia, Anifah Aman"},"content":{"rendered":"<p><body><\/p>\n<p><strong>Washington, 26 de marzo de 2018<\/strong>. El  subsecretario de Estado, John J. Sullivan se reuni\u00f3 con el canciller de Malasia, Anifah Aman en Washington, DC .<\/p>\n<\/p>\n<p>El Secretario Adjunto Sullivan, y el canciller Anifah afirmaron  la importancia de la Malasia-estadounidense Global de Asociaci\u00f3n y se comprometi\u00f3 a seguir para fortalecer diplom\u00e1tico, econ\u00f3mico, y los lazos de seguridad, inform\u00f3 en un comunicado de prensa la portavoz del Departamento de Estado,  Heather Nauert:.<\/p>\n<\/p>\n<p>El Secretario Adjunto y el Ministro de Asuntos Exteriores tambi\u00e9n discutieron sobre el Mar del Sur de China, al incluir la garant\u00eda de libertad de navegaci\u00f3n y sobrevuelo, as\u00ed como la defensa de un orden mar\u00edtimo basado en normas. <\/p>\n<\/p>\n<p>Los dos l\u00edderes tambi\u00e9n se comprometieron a fortalecer la cooperaci\u00f3n para hacer frente a la creciente amenaza del Estado Isl\u00e1mico de Irak y Siria.<\/p>\n<\/p>\n<p><strong>La Oficina de Gesti\u00f3n de Sitio Web de la Oficina de Asuntos P\u00fablicos<\/strong><\/p>\n<h6> 2018-03-26 21:43:46 <\/h6>\n<p><!--\n<link rel=\"stylesheet\" href=\"css\/bootstrap.min.css\">\n\n\n<ul class=\"pagination\">\n\t    \n\t\n\n<li >\n\t<a href='?page_no=10879'>Previous<\/a>\n\t<\/li>\n\n\n       \n    \n\n<li><a href='?page_no=1'>1<\/a><\/li>\n\n\n\n<li><a href='?page_no=2'>2<\/a><\/li>\n\n\n\n<li><a>...<\/a><\/li>\n\n\n\n<li><a href='?page_no=10878'>10878<\/a><\/li>\n\n\n\n<li><a href='?page_no=10879'>10879<\/a><\/li>\n\n\n\n<li class='active'><a>10880<\/a><\/li>\n\n\n\n<li><a href='?page_no=10881'>10881<\/a><\/li>\n\n\n\n<li><a href='?page_no=10882'>10882<\/a><\/li>\n\n\n\n<li><a>...<\/a><\/li>\n\n\n\n<li><a href='?page_no=51012'>51012<\/a><\/li>\n\n\n\n<li><a href='?page_no=51013'>51013<\/a><\/li>\n\n    \n\t\n\n<li >\n\t<a href='?page_no=10881'>Next<\/a>\n\t<\/li>\n\n\n    \n\n<li><a href='?page_no=51013'>Last &rsaquo;&rsaquo;<\/a><\/li>\n\n<\/ul>\n\n\n--><br \/>\n<\/body><\/p>\n","protected":false},"excerpt":{"rendered":"<p>Washington, 26 de marzo de 2018. El subsecretario de Estado, John J. Sullivan se reuni\u00f3 con el canciller de Malasia, Anifah Aman en Washington, DC . El Secretario Adjunto Sullivan, y el canciller Anifah afirmaron la importancia de la Malasia-estadounidense Global de Asociaci\u00f3n y se comprometi\u00f3 a seguir para fortalecer diplom\u00e1tico, econ\u00f3mico, y los lazos [&hellip;]<\/p>\n","protected":false},"author":3,"featured_media":0,"comment_status":"open","ping_status":"open","sticky":false,"template":"","format":"standard","meta":{"footnotes":""},"categories":[23],"tags":[],"class_list":["post-231249","post","type-post","status-publish","format-standard","hentry","category-internacional"],"_links":{"self":[{"href":"https:\/\/diariodominicano.com\/index.php?rest_route=\/wp\/v2\/posts\/231249","targetHints":{"allow":["GET"]}}],"collection":[{"href":"https:\/\/diariodominicano.com\/index.php?rest_route=\/wp\/v2\/posts"}],"about":[{"href":"https:\/\/diariodominicano.com\/index.php?rest_route=\/wp\/v2\/types\/post"}],"author":[{"embeddable":true,"href":"https:\/\/diariodominicano.com\/index.php?rest_route=\/wp\/v2\/users\/3"}],"replies":[{"embeddable":true,"href":"https:\/\/diariodominicano.com\/index.php?rest_route=%2Fwp%2Fv2%2Fcomments&post=231249"}],"version-history":[{"count":0,"href":"https:\/\/diariodominicano.com\/index.php?rest_route=\/wp\/v2\/posts\/231249\/revisions"}],"wp:attachment":[{"href":"https:\/\/diariodominicano.com\/index.php?rest_route=%2Fwp%2Fv2%2Fmedia&parent=231249"}],"wp:term":[{"taxonomy":"category","embeddable":true,"href":"https:\/\/diariodominicano.com\/index.php?rest_route=%2Fwp%2Fv2%2Fcategories&post=231249"},{"taxonomy":"post_tag","embeddable":true,"href":"https:\/\/diariodominicano.com\/index.php?rest_route=%2Fwp%2Fv2%2Ftags&post=231249"}],"curies":[{"name":"wp","href":"https:\/\/api.w.org\/{rel}","templated":true}]}}