{"id":231246,"date":"2018-03-27T09:12:14","date_gmt":"2018-03-27T09:12:14","guid":{"rendered":"http:\/\/diariodominicano.ddns.net\/?p=231246"},"modified":"2018-03-27T09:12:14","modified_gmt":"2018-03-27T09:12:14","slug":"observatorio-haitiano-pide-castigo-para-quienes-pidieron-salida-haitianos-de-pedernales","status":"publish","type":"post","link":"https:\/\/diariodominicano.com\/?p=231246","title":{"rendered":"Observatorio Haitiano pide castigo para quienes pidieron salida haitianos de Pedernales"},"content":{"rendered":"<p><body><\/p>\n<p><img decoding=\"async\" src=\"img3\/dom-haiti-frontera27.jpg\" \/>  <\/p>\n<p><span class=\"text1noticias\">Puerto Pr\u00edncipe, 27 mar (PL) El Observatorio Haitiano de Trata y Tr\u00e1fico de Seres Humanos pidi\u00f3 castigar a los perpetradores de actos violentos contra haitianos en Dominicana, trascendi\u00f3 hoy.<\/span><\/p>\n<p><span class=\"text1noticias\"> <\/span><\/p>\n<p><span class=\"text1noticias\">En nota de prensa, la organizaci\u00f3n solicita la acci\u00f3n de la representaci\u00f3n diplom\u00e1tica en el pa\u00eds vecino sobre los supuestos abusos y violaciones de los derechos humanos sufridos por los haitianos.<\/span><\/p>\n<p><span class=\"text1noticias\"> <\/span><\/p>\n<p><span class=\"text1noticias\">De igual manera, exige a las autoridades dominicanas castigar a los responsables de la violencia infligida a los migrantes, tras el asesinato de una pareja local en la provincia de Pedernales, supuestamente a manos de tres nacionales de Hait\u00ed.<\/span><\/p>\n<p><span class=\"text1noticias\"> <\/span><\/p>\n<p><span class=\"text1noticias\">La crisis alcanz\u00f3 un momento cr\u00edtico luego de la muerte de la segunda v\u00edctima el 12 de marzo y oblig\u00f3 al Ministerio de Interior y Polic\u00eda de Rep\u00fablica Dominicana a enviar agentes antidisturbios para evitar la ocurrencia de hechos violentos.<\/span><\/p>\n<p><span class=\"text1noticias\"> <\/span><\/p>\n<p><span class=\"text1noticias\">La organizaci\u00f3n tambi\u00e9n se\u00f1ala la necesidad de establecer un clima de paz y seguridad en Hait\u00ed, que facilite la creaci\u00f3n de empleos y aliente a los j\u00f3venes a permanecer en su pa\u00eds.<\/span><\/p>\n<p><span class=\"text1noticias\"> <\/span><\/p>\n<p><span class=\"text1noticias\">Asimismo, pide que las autoridades competentes tomar las medidas necesarias para gestionar, de manera responsable, la migraci\u00f3n de la mano de obra haitiana a la Rep\u00fablica Dominicana y otros pa\u00edses de Am\u00e9rica Latina y el Caribea.<\/span><\/p>\n<p><span class=\"text1noticias\"> <\/span><\/p>\n<p><span class=\"text1noticias\">Creado en 2015, el Observatorio re\u00fane a instituciones que trabajan en el campo de los derechos humanos, con la misi\u00f3n de investigar, sistematizar y difundir datos significativos sobre la problem\u00e1tica de la trata y el tr\u00e1fico de personas en <\/span>Hait\u00ed.<\/p>\n<h6> 2018-03-27 09:12:14 <\/h6>\n<p><!--\n<link rel=\"stylesheet\" href=\"css\/bootstrap.min.css\">\n\n\n<ul class=\"pagination\">\n\t    \n\t\n\n<li >\n\t<a href='?page_no=10877'>Previous<\/a>\n\t<\/li>\n\n\n       \n    \n\n<li><a href='?page_no=1'>1<\/a><\/li>\n\n\n\n<li><a href='?page_no=2'>2<\/a><\/li>\n\n\n\n<li><a>...<\/a><\/li>\n\n\n\n<li><a href='?page_no=10876'>10876<\/a><\/li>\n\n\n\n<li><a href='?page_no=10877'>10877<\/a><\/li>\n\n\n\n<li class='active'><a>10878<\/a><\/li>\n\n\n\n<li><a href='?page_no=10879'>10879<\/a><\/li>\n\n\n\n<li><a href='?page_no=10880'>10880<\/a><\/li>\n\n\n\n<li><a>...<\/a><\/li>\n\n\n\n<li><a href='?page_no=51012'>51012<\/a><\/li>\n\n\n\n<li><a href='?page_no=51013'>51013<\/a><\/li>\n\n    \n\t\n\n<li >\n\t<a href='?page_no=10879'>Next<\/a>\n\t<\/li>\n\n\n    \n\n<li><a href='?page_no=51013'>Last &rsaquo;&rsaquo;<\/a><\/li>\n\n<\/ul>\n\n\n--><br \/>\n<\/body><\/p>\n","protected":false},"excerpt":{"rendered":"<p>Puerto Pr\u00edncipe, 27 mar (PL) El Observatorio Haitiano de Trata y Tr\u00e1fico de Seres Humanos pidi\u00f3 castigar a los perpetradores de actos violentos contra haitianos en Dominicana, trascendi\u00f3 hoy. En nota de prensa, la organizaci\u00f3n solicita la acci\u00f3n de la representaci\u00f3n diplom\u00e1tica en el pa\u00eds vecino sobre los supuestos abusos y violaciones de los derechos [&hellip;]<\/p>\n","protected":false},"author":3,"featured_media":0,"comment_status":"open","ping_status":"open","sticky":false,"template":"","format":"standard","meta":{"footnotes":""},"categories":[23],"tags":[],"class_list":["post-231246","post","type-post","status-publish","format-standard","hentry","category-internacional"],"_links":{"self":[{"href":"https:\/\/diariodominicano.com\/index.php?rest_route=\/wp\/v2\/posts\/231246","targetHints":{"allow":["GET"]}}],"collection":[{"href":"https:\/\/diariodominicano.com\/index.php?rest_route=\/wp\/v2\/posts"}],"about":[{"href":"https:\/\/diariodominicano.com\/index.php?rest_route=\/wp\/v2\/types\/post"}],"author":[{"embeddable":true,"href":"https:\/\/diariodominicano.com\/index.php?rest_route=\/wp\/v2\/users\/3"}],"replies":[{"embeddable":true,"href":"https:\/\/diariodominicano.com\/index.php?rest_route=%2Fwp%2Fv2%2Fcomments&post=231246"}],"version-history":[{"count":0,"href":"https:\/\/diariodominicano.com\/index.php?rest_route=\/wp\/v2\/posts\/231246\/revisions"}],"wp:attachment":[{"href":"https:\/\/diariodominicano.com\/index.php?rest_route=%2Fwp%2Fv2%2Fmedia&parent=231246"}],"wp:term":[{"taxonomy":"category","embeddable":true,"href":"https:\/\/diariodominicano.com\/index.php?rest_route=%2Fwp%2Fv2%2Fcategories&post=231246"},{"taxonomy":"post_tag","embeddable":true,"href":"https:\/\/diariodominicano.com\/index.php?rest_route=%2Fwp%2Fv2%2Ftags&post=231246"}],"curies":[{"name":"wp","href":"https:\/\/api.w.org\/{rel}","templated":true}]}}