{"id":231245,"date":"2018-03-27T09:28:42","date_gmt":"2018-03-27T09:28:42","guid":{"rendered":"http:\/\/diariodominicano.ddns.net\/?p=231245"},"modified":"2018-03-27T09:28:42","modified_gmt":"2018-03-27T09:28:42","slug":"onu-acepta-demanda-de-puigdemont-por-vulneracion-de-sus-derechos-politicos","status":"publish","type":"post","link":"https:\/\/diariodominicano.com\/?p=231245","title":{"rendered":"ONU acepta demanda de Puigdemont por \u00abvulneraci\u00f3n\u00bb de sus derechos pol\u00edticos"},"content":{"rendered":"<p><body><\/p>\n<p><img decoding=\"async\" src=\"img3\/puigdemont27.jpg\" \/>  <\/p>\n<p><span class=\"text1noticias\">     MADRID, 27 mar (Xinhua) &#8212; El Comit\u00e9 de Derechos Humanos de la Organizaci\u00f3n de las Naciones Unidas (ONU) admiti\u00f3 hoy a tr\u00e1mite la demanda del expresidente auton\u00f3mico catal\u00e1n y l\u00edder independentista Carles Puigdemont por la \u00abvulneraci\u00f3n\u00bb de sus derechos pol\u00edticos en Espa\u00f1a.<\/span><\/p>\n<p><span class=\"text1noticias\"> <\/span><\/p>\n<p><span class=\"text1noticias\">     Seg\u00fan un documento del organismo supranacional del que se hacen eco los medios locales, el comit\u00e9 de la ONU acept\u00f3 la querella de Puigdemont, recientemente detenido en Alemania.<\/span><\/p>\n<p><span class=\"text1noticias\"> <\/span><\/p>\n<p><span class=\"text1noticias\">     El texto de las Naciones Unidas se\u00f1ala que la demanda se ha tramitado y ha sido redirigida a las autoridades espa\u00f1olas, que ahora tienen un plazo de seis meses para facilitar al ente toda la informaci\u00f3n de la que dispongan.<\/span><\/p>\n<p><span class=\"text1noticias\"> <\/span><\/p>\n<p><span class=\"text1noticias\">     Adem\u00e1s, emplaza a Puigdemont a aclarar qu\u00e9 tipo de medidas quiere exigir a Espa\u00f1a en caso de que lleve raz\u00f3n y sus derechos pol\u00edticos hayan sido vulnerados.<\/span><\/p>\n<p><span class=\"text1noticias\"> <\/span><\/p>\n<p><span class=\"text1noticias\">     Cabe recordar que la semana pasada, la ONU ya admiti\u00f3 a tr\u00e1mite la demanda del l\u00edder independentista y excandidato a la presidencia de Catalu\u00f1a (noreste de Espa\u00f1a), Jordi S\u00e1nchez, dictamin\u00f3 unas medidas cautelares e incluso advirti\u00f3 a Espa\u00f1a de que deb\u00eda garantizar sus derechos pol\u00edticos.<\/span><\/p>\n<p><span class=\"text1noticias\"> <\/span><\/p>\n<p><span class=\"text1noticias\">     Puigdemont, presidente de Catalu\u00f1a en el momento del desaf\u00edo separatista de la regi\u00f3n concretada en un refer\u00e9ndum ilegal y una declaraci\u00f3n unilateral de independencia, present\u00f3 el recurso ante el Comit\u00e9 de Derechos Humanos de la ONU el pasado 1 de marzo.<\/span><\/p>\n<p><span class=\"text1noticias\"> <\/span><\/p>\n<p><span class=\"text1noticias\">     El Comit\u00e9 de Derechos Humanos de la ONU es un grupo de 18 expertos independientes encargados de velar por el cumplimiento del Pacto Internacional de Derechos Civiles y Pol\u00edticos.<\/span><\/p>\n<p><span class=\"text1noticias\"> <\/span><\/p>\n<p><span class=\"text1noticias\">     En la demanda, llamada \u00abPuigdemont versus Espa\u00f1a\u00bb, el expresidente catal\u00e1n argumenta que el pa\u00eds ha violado la Declaraci\u00f3n Universal de los Derechos Humanos y la Carta de los Derechos Civiles y Pol\u00edticos.<\/span><\/p>\n<p><span class=\"text1noticias\"> <\/span><\/p>\n<p><span class=\"text1noticias\">     Reivindica que tiene derecho \u00aba la libertad de asociaci\u00f3n con otros pol\u00edticos secesionistas y partidos pol\u00edticos en busca de un objetivo com\u00fan de conseguir la independencia de Espa\u00f1a para Catalunya\u00bb y su \u00aba la libertad de expresi\u00f3n pol\u00edtica pac\u00edfica de apoyo de la causa de la independencia de Catalunya\u00bb.<\/span><\/p>\n<p><span class=\"text1noticias\"> <\/span><\/p>\n<p><span class=\"text1noticias\">     Cabe recordar que tras el desaf\u00edo separatista, Puigdemon fue acusado de rebeli\u00f3n, sedici\u00f3n y malversaci\u00f3n de fondos y huy\u00f3 a B\u00e9lgica, donde esos delitos no tienen equivalente en el c\u00f3digo penal belga y, por tanto, se consideraba que no hab\u00eda motivos para extraditarle a Espa\u00f1a.<\/span><\/p>\n<p><span class=\"text1noticias\"> <\/span><\/p>\n<p><span class=\"text1noticias\">     El expresidente auton\u00f3mico catal\u00e1n fue detenido el pasado domingo en Alemania tras cruzar la frontera con Dinamarca en pleno regreso a su nuevo domicilio en Waterloo (B\u00e9lgica), a donde volv\u00eda tras dar una conferencia en Helsinki (Finlandia).<\/span><\/p>\n<p><span class=\"text1noticias\"> <\/span><\/p>\n<p><span class=\"text1noticias\">     Las autoridades alemanas decretaron su ingreso provisional en prisi\u00f3n y ya han anunciado su intenci\u00f3n de tratar el \u00abcaso Puigdemont\u00bb en base al derec<\/span>ho espa\u00f1ol.<\/p>\n<h6> 2018-03-27 09:28:42 <\/h6>\n<p><!--\n<link rel=\"stylesheet\" href=\"css\/bootstrap.min.css\">\n\n\n<ul class=\"pagination\">\n\t    \n\t\n\n<li >\n\t<a href='?page_no=10876'>Previous<\/a>\n\t<\/li>\n\n\n       \n    \n\n<li><a href='?page_no=1'>1<\/a><\/li>\n\n\n\n<li><a href='?page_no=2'>2<\/a><\/li>\n\n\n\n<li><a>...<\/a><\/li>\n\n\n\n<li><a href='?page_no=10875'>10875<\/a><\/li>\n\n\n\n<li><a href='?page_no=10876'>10876<\/a><\/li>\n\n\n\n<li class='active'><a>10877<\/a><\/li>\n\n\n\n<li><a href='?page_no=10878'>10878<\/a><\/li>\n\n\n\n<li><a href='?page_no=10879'>10879<\/a><\/li>\n\n\n\n<li><a>...<\/a><\/li>\n\n\n\n<li><a href='?page_no=51012'>51012<\/a><\/li>\n\n\n\n<li><a href='?page_no=51013'>51013<\/a><\/li>\n\n    \n\t\n\n<li >\n\t<a href='?page_no=10878'>Next<\/a>\n\t<\/li>\n\n\n    \n\n<li><a href='?page_no=51013'>Last &rsaquo;&rsaquo;<\/a><\/li>\n\n<\/ul>\n\n\n--><br \/>\n<\/body><\/p>\n","protected":false},"excerpt":{"rendered":"<p>MADRID, 27 mar (Xinhua) &#8212; El Comit\u00e9 de Derechos Humanos de la Organizaci\u00f3n de las Naciones Unidas (ONU) admiti\u00f3 hoy a tr\u00e1mite la demanda del expresidente auton\u00f3mico catal\u00e1n y l\u00edder independentista Carles Puigdemont por la \u00abvulneraci\u00f3n\u00bb de sus derechos pol\u00edticos en Espa\u00f1a. Seg\u00fan un documento del organismo supranacional del que se hacen eco los medios [&hellip;]<\/p>\n","protected":false},"author":3,"featured_media":0,"comment_status":"open","ping_status":"open","sticky":false,"template":"","format":"standard","meta":{"footnotes":""},"categories":[23],"tags":[],"class_list":["post-231245","post","type-post","status-publish","format-standard","hentry","category-internacional"],"_links":{"self":[{"href":"https:\/\/diariodominicano.com\/index.php?rest_route=\/wp\/v2\/posts\/231245","targetHints":{"allow":["GET"]}}],"collection":[{"href":"https:\/\/diariodominicano.com\/index.php?rest_route=\/wp\/v2\/posts"}],"about":[{"href":"https:\/\/diariodominicano.com\/index.php?rest_route=\/wp\/v2\/types\/post"}],"author":[{"embeddable":true,"href":"https:\/\/diariodominicano.com\/index.php?rest_route=\/wp\/v2\/users\/3"}],"replies":[{"embeddable":true,"href":"https:\/\/diariodominicano.com\/index.php?rest_route=%2Fwp%2Fv2%2Fcomments&post=231245"}],"version-history":[{"count":0,"href":"https:\/\/diariodominicano.com\/index.php?rest_route=\/wp\/v2\/posts\/231245\/revisions"}],"wp:attachment":[{"href":"https:\/\/diariodominicano.com\/index.php?rest_route=%2Fwp%2Fv2%2Fmedia&parent=231245"}],"wp:term":[{"taxonomy":"category","embeddable":true,"href":"https:\/\/diariodominicano.com\/index.php?rest_route=%2Fwp%2Fv2%2Fcategories&post=231245"},{"taxonomy":"post_tag","embeddable":true,"href":"https:\/\/diariodominicano.com\/index.php?rest_route=%2Fwp%2Fv2%2Ftags&post=231245"}],"curies":[{"name":"wp","href":"https:\/\/api.w.org\/{rel}","templated":true}]}}