{"id":231244,"date":"2018-03-27T12:22:02","date_gmt":"2018-03-27T12:22:02","guid":{"rendered":"http:\/\/diariodominicano.ddns.net\/?p=231244"},"modified":"2018-03-27T12:22:02","modified_gmt":"2018-03-27T12:22:02","slug":"putin-declara-luto-nacional-por-victimas-de-incendio-en-centro-comercial-ruso","status":"publish","type":"post","link":"https:\/\/diariodominicano.com\/?p=231244","title":{"rendered":"Putin declara luto nacional por v\u00edctimas de incendio en centro comercial ruso"},"content":{"rendered":"<p><body><\/p>\n<p><img decoding=\"async\" src=\"img3\/incendiorucia27.jpg\" \/>  <\/p>\n<p><span class=\"text1noticias\">     MOSCU, 27 mar (Xinhua) &#8212; El presidente de Rusia, Vladimir Putin, firm\u00f3 hoy un decreto para declarar al mi\u00e9rcoles d\u00eda de luto nacional por las v\u00edctimas de un gran incendio ocurrido en la ciudad siberiana de K\u00e9merovo, en el que murieron al menos 64 personas.<\/span><\/p>\n<p><span class=\"text1noticias\"> <\/span><\/p>\n<p><span class=\"text1noticias\">     La bandera nacional ser\u00e1 izada a media asta, en tanto que los programas de entretenimiento en radio y televisi\u00f3n y otras actividades ser\u00e1n cancelados.<\/span><\/p>\n<p><span class=\"text1noticias\"> <\/span><\/p>\n<p><span class=\"text1noticias\">     El decreto tambi\u00e9n ordena al gobierno y a las autoridades locales brindar asistencia a las familias de los muertos y heridos.<\/span><\/p>\n<p><span class=\"text1noticias\"> <\/span><\/p>\n<p><span class=\"text1noticias\">     El incendio, uno de los m\u00e1s mortales en Rusia en los a\u00f1os recientes, ocurri\u00f3 el domingo en la tarde en el centro comercial Winter Cherry en el centro de K\u00e9merovo.<\/span><\/p>\n<p><span class=\"text1noticias\"> <\/span><\/p>\n<p><span class=\"text1noticias\">     Putin coloc\u00f3 una ofrenda floral en un sitio conmemorativo improvisado en honor de las v\u00edctimas cerca del centro comercial destruido y se reuni\u00f3 con funcionarios, socorristas y residentes locales.<\/span><\/p>\n<p><span class=\"text1noticias\"> <\/span><\/p>\n<p><span class=\"text1noticias\">     Los residentes locales organizaron un mitin en la plaza central para demandar castigo contra los responsables de la tragedia.<\/span><\/p>\n<p><span class=\"text1noticias\"> <\/span><\/p>\n<p><span class=\"text1noticias\">     Putin se entrevist\u00f3 con sus representantes y prometi\u00f3 justicia una vez que sea concluida la investigaci\u00f3n.<\/span><\/p>\n<p><span class=\"text1noticias\"> <\/span><\/p>\n<p><span class=\"text1noticias\">     Alexander Bastrykin, director del comit\u00e9 de investigaci\u00f3n, dijo que los investigadores est\u00e1n examinando dos posibles razones del accidente: un cortocircuito y el encendido de una hoguera, aunque esta segunda posibilidad es menos probable.<\/span><\/p>\n<p><span class=\"text1noticias\"> <\/span><\/p>\n<p><span class=\"text1noticias\">     Putin atribuy\u00f3 la tragedia a \u00abnegligencia criminal y a una mala administraci\u00f3n\u00bb.<\/span><\/p>\n<p><span class=\"text1noticias\"> <\/span><\/p>\n<p><span class=\"text1noticias\">     El lunes, la regi\u00f3n de K\u00e9merovo declar\u00f3 tres d\u00edas de luto a partir de hoy. Otras regiones y ciudades hicieron l<\/span>o mismo. <\/p>\n<h6> 2018-03-27 12:22:02 <\/h6>\n<p><!--\n<link rel=\"stylesheet\" href=\"css\/bootstrap.min.css\">\n\n\n<ul class=\"pagination\">\n\t    \n\t\n\n<li >\n\t<a href='?page_no=10875'>Previous<\/a>\n\t<\/li>\n\n\n       \n    \n\n<li><a href='?page_no=1'>1<\/a><\/li>\n\n\n\n<li><a href='?page_no=2'>2<\/a><\/li>\n\n\n\n<li><a>...<\/a><\/li>\n\n\n\n<li><a href='?page_no=10874'>10874<\/a><\/li>\n\n\n\n<li><a href='?page_no=10875'>10875<\/a><\/li>\n\n\n\n<li class='active'><a>10876<\/a><\/li>\n\n\n\n<li><a href='?page_no=10877'>10877<\/a><\/li>\n\n\n\n<li><a href='?page_no=10878'>10878<\/a><\/li>\n\n\n\n<li><a>...<\/a><\/li>\n\n\n\n<li><a href='?page_no=51012'>51012<\/a><\/li>\n\n\n\n<li><a href='?page_no=51013'>51013<\/a><\/li>\n\n    \n\t\n\n<li >\n\t<a href='?page_no=10877'>Next<\/a>\n\t<\/li>\n\n\n    \n\n<li><a href='?page_no=51013'>Last &rsaquo;&rsaquo;<\/a><\/li>\n\n<\/ul>\n\n\n--><br \/>\n<\/body><\/p>\n","protected":false},"excerpt":{"rendered":"<p>MOSCU, 27 mar (Xinhua) &#8212; El presidente de Rusia, Vladimir Putin, firm\u00f3 hoy un decreto para declarar al mi\u00e9rcoles d\u00eda de luto nacional por las v\u00edctimas de un gran incendio ocurrido en la ciudad siberiana de K\u00e9merovo, en el que murieron al menos 64 personas. La bandera nacional ser\u00e1 izada a media asta, en tanto [&hellip;]<\/p>\n","protected":false},"author":3,"featured_media":0,"comment_status":"open","ping_status":"open","sticky":false,"template":"","format":"standard","meta":{"footnotes":""},"categories":[23],"tags":[],"class_list":["post-231244","post","type-post","status-publish","format-standard","hentry","category-internacional"],"_links":{"self":[{"href":"https:\/\/diariodominicano.com\/index.php?rest_route=\/wp\/v2\/posts\/231244","targetHints":{"allow":["GET"]}}],"collection":[{"href":"https:\/\/diariodominicano.com\/index.php?rest_route=\/wp\/v2\/posts"}],"about":[{"href":"https:\/\/diariodominicano.com\/index.php?rest_route=\/wp\/v2\/types\/post"}],"author":[{"embeddable":true,"href":"https:\/\/diariodominicano.com\/index.php?rest_route=\/wp\/v2\/users\/3"}],"replies":[{"embeddable":true,"href":"https:\/\/diariodominicano.com\/index.php?rest_route=%2Fwp%2Fv2%2Fcomments&post=231244"}],"version-history":[{"count":0,"href":"https:\/\/diariodominicano.com\/index.php?rest_route=\/wp\/v2\/posts\/231244\/revisions"}],"wp:attachment":[{"href":"https:\/\/diariodominicano.com\/index.php?rest_route=%2Fwp%2Fv2%2Fmedia&parent=231244"}],"wp:term":[{"taxonomy":"category","embeddable":true,"href":"https:\/\/diariodominicano.com\/index.php?rest_route=%2Fwp%2Fv2%2Fcategories&post=231244"},{"taxonomy":"post_tag","embeddable":true,"href":"https:\/\/diariodominicano.com\/index.php?rest_route=%2Fwp%2Fv2%2Ftags&post=231244"}],"curies":[{"name":"wp","href":"https:\/\/api.w.org\/{rel}","templated":true}]}}