{"id":231242,"date":"2018-03-27T13:52:13","date_gmt":"2018-03-27T13:52:13","guid":{"rendered":"http:\/\/diariodominicano.ddns.net\/?p=231242"},"modified":"2018-03-27T13:52:13","modified_gmt":"2018-03-27T13:52:13","slug":"revelan-fallos-en-atencion-a-las-victimas-tras-ataque-en-reino-unido","status":"publish","type":"post","link":"https:\/\/diariodominicano.com\/?p=231242","title":{"rendered":"&#13;Revelan fallos en atenci\u00f3n a las v\u00edctimas tras ataque en Reino Unido"},"content":{"rendered":"<p><body><\/p>\n<p><img decoding=\"async\" src=\"img3\/gbretana-atentado-mancheste.jpg\" \/>  <\/p>\n<p><span class=\"text1noticias\">Londres, 27 mar (PL) Las brigadas brit\u00e1nicas de bomberos demoraron m\u00e1s de dos horas en llegar al estadio de M\u00e1nchester, donde un atentado terrorista caus\u00f3 22 muertos y cientos de heridos, el 22 mayo de 2016, indica un estudio divulgado hoy.<\/span><\/p>\n<\/p>\n<p><span class=\"text1noticias\">La investigaci\u00f3n, dirigida por el secretario permanente para el departamento de Comunidades y Gobierno Local, Robert Kerslake, concluy\u00f3 que la falta de coordinaci\u00f3n entre la polic\u00eda y los equipos de rescate afect\u00f3 la atenci\u00f3n a las v\u00edctimas y la rapidez de la respuesta, tras el ataque.<\/span><\/p>\n<\/p>\n<p><span class=\"text1noticias\">Video de Euronews Ese d\u00eda, el brit\u00e1nico de origen libio Salman Abedi protagoniz\u00f3 un atentado suicida durante un concierto de la cantante estadounidense Ariana Grande, el cual conmocion\u00f3 a ciudadanos de todo el mundo.<\/span><\/p>\n<\/p>\n<p><span class=\"text1noticias\">Seg\u00fan las indagaciones realizadas, adem\u00e1s de llegar tarde, los bomberos se ubicaron a 500 metros del lugar de los hechos, pues no fueron alertados sobre la activaci\u00f3n de un plan que permite acercarse para socorrer a los afectados, pese a la posibilidad de otras agresiones.<\/span><\/p>\n<\/p>\n<p><span class=\"text1noticias\">Los equipos especiales, encargados de la evacuaci\u00f3n r\u00e1pida de las v\u00edctimas, no funcionaron de la manera adecuada y algunos heridos se quejaron por la demora de los bomberos, a pesar de encontrarse a poca distancia, se\u00f1ala el reporte.<\/span><\/p>\n<\/p>\n<p><span class=\"text1noticias\">De acuerdo con un estudio publicado en diciembre y dirigido por el abogado David Anderson a petici\u00f3n del Ministerio de Interior, el Servicio brit\u00e1nico de Seguridad recibi\u00f3 informaci\u00f3n relevante sobre Abedi, la cual pudo ser empleada para evitar el ataque.<\/span><\/p>\n<\/p>\n<p><span class=\"text1noticias\">Desde 2014 el joven brit\u00e1nico de origen libio estaba en los radares de las autoridades nacionales, pero &#8216;la verdadera importancia de los datos sobre \u00e9l no fue apreciada en ese momento&#8217;, apunta el informe.<\/span><\/p>\n<\/p>\n<h6> 2018-03-27 13:52:13 <\/h6>\n<p><!--\n<link rel=\"stylesheet\" href=\"css\/bootstrap.min.css\">\n\n\n<ul class=\"pagination\">\n\t    \n\t\n\n<li >\n\t<a href='?page_no=10873'>Previous<\/a>\n\t<\/li>\n\n\n       \n    \n\n<li><a href='?page_no=1'>1<\/a><\/li>\n\n\n\n<li><a href='?page_no=2'>2<\/a><\/li>\n\n\n\n<li><a>...<\/a><\/li>\n\n\n\n<li><a href='?page_no=10872'>10872<\/a><\/li>\n\n\n\n<li><a href='?page_no=10873'>10873<\/a><\/li>\n\n\n\n<li class='active'><a>10874<\/a><\/li>\n\n\n\n<li><a href='?page_no=10875'>10875<\/a><\/li>\n\n\n\n<li><a href='?page_no=10876'>10876<\/a><\/li>\n\n\n\n<li><a>...<\/a><\/li>\n\n\n\n<li><a href='?page_no=51012'>51012<\/a><\/li>\n\n\n\n<li><a href='?page_no=51013'>51013<\/a><\/li>\n\n    \n\t\n\n<li >\n\t<a href='?page_no=10875'>Next<\/a>\n\t<\/li>\n\n\n    \n\n<li><a href='?page_no=51013'>Last &rsaquo;&rsaquo;<\/a><\/li>\n\n<\/ul>\n\n\n--><br \/>\n<\/body><\/p>\n","protected":false},"excerpt":{"rendered":"<p>Londres, 27 mar (PL) Las brigadas brit\u00e1nicas de bomberos demoraron m\u00e1s de dos horas en llegar al estadio de M\u00e1nchester, donde un atentado terrorista caus\u00f3 22 muertos y cientos de heridos, el 22 mayo de 2016, indica un estudio divulgado hoy. La investigaci\u00f3n, dirigida por el secretario permanente para el departamento de Comunidades y Gobierno [&hellip;]<\/p>\n","protected":false},"author":3,"featured_media":0,"comment_status":"open","ping_status":"open","sticky":false,"template":"","format":"standard","meta":{"footnotes":""},"categories":[23],"tags":[],"class_list":["post-231242","post","type-post","status-publish","format-standard","hentry","category-internacional"],"_links":{"self":[{"href":"https:\/\/diariodominicano.com\/index.php?rest_route=\/wp\/v2\/posts\/231242","targetHints":{"allow":["GET"]}}],"collection":[{"href":"https:\/\/diariodominicano.com\/index.php?rest_route=\/wp\/v2\/posts"}],"about":[{"href":"https:\/\/diariodominicano.com\/index.php?rest_route=\/wp\/v2\/types\/post"}],"author":[{"embeddable":true,"href":"https:\/\/diariodominicano.com\/index.php?rest_route=\/wp\/v2\/users\/3"}],"replies":[{"embeddable":true,"href":"https:\/\/diariodominicano.com\/index.php?rest_route=%2Fwp%2Fv2%2Fcomments&post=231242"}],"version-history":[{"count":0,"href":"https:\/\/diariodominicano.com\/index.php?rest_route=\/wp\/v2\/posts\/231242\/revisions"}],"wp:attachment":[{"href":"https:\/\/diariodominicano.com\/index.php?rest_route=%2Fwp%2Fv2%2Fmedia&parent=231242"}],"wp:term":[{"taxonomy":"category","embeddable":true,"href":"https:\/\/diariodominicano.com\/index.php?rest_route=%2Fwp%2Fv2%2Fcategories&post=231242"},{"taxonomy":"post_tag","embeddable":true,"href":"https:\/\/diariodominicano.com\/index.php?rest_route=%2Fwp%2Fv2%2Ftags&post=231242"}],"curies":[{"name":"wp","href":"https:\/\/api.w.org\/{rel}","templated":true}]}}