{"id":231238,"date":"2018-03-27T14:41:47","date_gmt":"2018-03-27T14:41:47","guid":{"rendered":"http:\/\/diariodominicano.ddns.net\/?p=231238"},"modified":"2018-03-27T14:41:47","modified_gmt":"2018-03-27T14:41:47","slug":"reino-unido-condena-a-cadena-perpetua-a-sospechoso-de-terrorismo","status":"publish","type":"post","link":"https:\/\/diariodominicano.com\/?p=231238","title":{"rendered":"Reino Unido condena a cadena perpetua a sospechoso de terrorismo"},"content":{"rendered":"<p><body><\/p>\n<p>Londres, 27 mar (PL) La justicia brit\u00e1nica conden\u00f3 hoy a cadena perpetua a Umar Ahmed Haque, de 25 a\u00f1os, por organizar atentados en el Reino Unido e intentar reclutar a ni\u00f1os de entre 11 y 14 a\u00f1os para ejecutar sus planes.<\/p>\n<\/p>\n<p>El individuo fue detenido en mayo 2017 junto a otros tres sospechosos como parte de un operativo entre la polic\u00eda y los servicios de inteligencia de este pa\u00eds y es sentenciado por organizar actos terroristas, propagar la violencia y poseer armas ilegales.<\/p>\n<\/p>\n<p>Abuthaher Mamun, Muhammad Abid y Nadeem Patel tambi\u00e9n fueron llevados a juico e identificaron a Haque como el l\u00edder del grupo y seguidor del Estado Isl\u00e1mico.<\/p>\n<\/p>\n<p>Seg\u00fan reportes oficiales, los sujetos pretend\u00edan atacar sitios como el palacio de Westminster, el aeropuerto internacional de Heathrow, embajadas y medios de prensa.<\/p>\n<\/p>\n<p>Adem\u00e1s, Haque trat\u00f3 de convencer a 110 peque\u00f1os de participar en las agresiones mediante materiales audiovisuales, juegos de roles y la exaltaci\u00f3n de otros atentados perpetrados en esta naci\u00f3n.<\/p>\n<h6> 2018-03-27 14:41:47 <\/h6>\n<p><!--\n<link rel=\"stylesheet\" href=\"css\/bootstrap.min.css\">\n\n\n<ul class=\"pagination\">\n\t    \n\t\n\n<li >\n\t<a href='?page_no=10869'>Previous<\/a>\n\t<\/li>\n\n\n       \n    \n\n<li><a href='?page_no=1'>1<\/a><\/li>\n\n\n\n<li><a href='?page_no=2'>2<\/a><\/li>\n\n\n\n<li><a>...<\/a><\/li>\n\n\n\n<li><a href='?page_no=10868'>10868<\/a><\/li>\n\n\n\n<li><a href='?page_no=10869'>10869<\/a><\/li>\n\n\n\n<li class='active'><a>10870<\/a><\/li>\n\n\n\n<li><a href='?page_no=10871'>10871<\/a><\/li>\n\n\n\n<li><a href='?page_no=10872'>10872<\/a><\/li>\n\n\n\n<li><a>...<\/a><\/li>\n\n\n\n<li><a href='?page_no=51012'>51012<\/a><\/li>\n\n\n\n<li><a href='?page_no=51013'>51013<\/a><\/li>\n\n    \n\t\n\n<li >\n\t<a href='?page_no=10871'>Next<\/a>\n\t<\/li>\n\n\n    \n\n<li><a href='?page_no=51013'>Last &rsaquo;&rsaquo;<\/a><\/li>\n\n<\/ul>\n\n\n--><br \/>\n<\/body><\/p>\n","protected":false},"excerpt":{"rendered":"<p>Londres, 27 mar (PL) La justicia brit\u00e1nica conden\u00f3 hoy a cadena perpetua a Umar Ahmed Haque, de 25 a\u00f1os, por organizar atentados en el Reino Unido e intentar reclutar a ni\u00f1os de entre 11 y 14 a\u00f1os para ejecutar sus planes. El individuo fue detenido en mayo 2017 junto a otros tres sospechosos como parte [&hellip;]<\/p>\n","protected":false},"author":3,"featured_media":0,"comment_status":"open","ping_status":"open","sticky":false,"template":"","format":"standard","meta":{"footnotes":""},"categories":[23],"tags":[],"class_list":["post-231238","post","type-post","status-publish","format-standard","hentry","category-internacional"],"_links":{"self":[{"href":"https:\/\/diariodominicano.com\/index.php?rest_route=\/wp\/v2\/posts\/231238","targetHints":{"allow":["GET"]}}],"collection":[{"href":"https:\/\/diariodominicano.com\/index.php?rest_route=\/wp\/v2\/posts"}],"about":[{"href":"https:\/\/diariodominicano.com\/index.php?rest_route=\/wp\/v2\/types\/post"}],"author":[{"embeddable":true,"href":"https:\/\/diariodominicano.com\/index.php?rest_route=\/wp\/v2\/users\/3"}],"replies":[{"embeddable":true,"href":"https:\/\/diariodominicano.com\/index.php?rest_route=%2Fwp%2Fv2%2Fcomments&post=231238"}],"version-history":[{"count":0,"href":"https:\/\/diariodominicano.com\/index.php?rest_route=\/wp\/v2\/posts\/231238\/revisions"}],"wp:attachment":[{"href":"https:\/\/diariodominicano.com\/index.php?rest_route=%2Fwp%2Fv2%2Fmedia&parent=231238"}],"wp:term":[{"taxonomy":"category","embeddable":true,"href":"https:\/\/diariodominicano.com\/index.php?rest_route=%2Fwp%2Fv2%2Fcategories&post=231238"},{"taxonomy":"post_tag","embeddable":true,"href":"https:\/\/diariodominicano.com\/index.php?rest_route=%2Fwp%2Fv2%2Ftags&post=231238"}],"curies":[{"name":"wp","href":"https:\/\/api.w.org\/{rel}","templated":true}]}}