{"id":231236,"date":"2018-03-27T15:01:38","date_gmt":"2018-03-27T15:01:38","guid":{"rendered":"http:\/\/diariodominicano.ddns.net\/?p=231236"},"modified":"2018-03-27T15:01:38","modified_gmt":"2018-03-27T15:01:38","slug":"portaaviones-theodore-roosevelt-de-ee-uu-regresa-al-oceano-pacifico","status":"publish","type":"post","link":"https:\/\/diariodominicano.com\/?p=231236","title":{"rendered":"Portaaviones Theodore Roosevelt de EE.UU. regresa al oc\u00e9ano Pac\u00edfico"},"content":{"rendered":"<p><body><\/p>\n<p><img decoding=\"async\" src=\"img3\/1portaaviones-USS-Theodore-Roosevelt-CVN-71.jpg\" \/>  <\/p>\n<p>Washington, 27 mar (PL) El grupo de ataque del portaaviones USS Theodore Roosevelt (CVN-71) regres\u00f3 al oc\u00e9ano Pac\u00edfico para reanudar sus operaciones en la regi\u00f3n, tras permanecer cuatro meses en el golfo P\u00e9rsico, inform\u00f3 hoy la Marina estadounidense.<\/p>\n<\/p>\n<p>La nave llega a la regi\u00f3n asi\u00e1tica despu\u00e9s de que sus medios a\u00e9reos participaron desde diciembre pasado en docenas de ataques contra el Estado Isl\u00e1mico (EI) en el Medio Oriente y grupos insurgentes en Afganist\u00e1n, de acuerdo con la fuente.<\/p>\n<\/p>\n<p>El CVN-71 sali\u00f3 el 6 de octubre pasado de su puerto base en San Diego, California, y sus buques escoltas son el crucero coheteril USS Bunker Hill (CG-52), as\u00ed como los destructores misil\u00edsticos USS Halsey (DDG-97), USS Sampson (DDG-102) y USS Preble (DDG-88).<\/p>\n<\/p>\n<p>En su viaje hacia el Medio Oriente a finales de 2017, el CVN-71 particip\u00f3 en un ejercicio sin precedentes durante una semana junto a otros dos portaaviones: el USS Ronald Reagan y el USS Nimitz, cerca de la pen\u00ednsula coreana, maniobra que elev\u00f3 las tensiones en el \u00e1rea y provoc\u00f3 fuertes protestas por parte de la Rep\u00fablica Popular Democr\u00e1tica de Corea (RPDC).<\/p>\n<\/p>\n<p>La agrupaci\u00f3n vuelve ahora al \u00e1rea de responsabilidad de la S\u00e9ptima Flota norteamericana, que tiene su sede en Yokosuka, Jap\u00f3n, para estar presente en operaciones mar\u00edtimas y estrechar los nexos con fuerzas navales aliadas, destaca la nota de la Armada.<\/p>\n<\/p>\n<p>Estados Unidos y Corea del Sur reanudar\u00e1n sus grandes ejercicios militares conjuntos Foal Eagle y Key Resolve a partir del 1 de abril, tras su suspensi\u00f3n temporal con motivo de los juegos ol\u00edmpicos de invierno celebrados en febrero en la ciudad surcoreana de PyeongChang.<\/p>\n<\/p>\n<p>Las maniobras incluyen la participaci\u00f3n de unos 23 mil efectivos estadounidenses y 300 mil surcoreanos y su envergadura es similar a la de a\u00f1os recientes, seg\u00fan inform\u00f3 el Departamento de Defensa.<\/p>\n<\/p>\n<p>El ejercicio Key Resolve es principalmente un juego de guerra a trav\u00e9s de sistemas computarizados, mientras el Foal Eagle involucra operaciones a\u00e9reas, mar\u00edtimas y de fuerzas especiales de ambos pa\u00edses, as\u00ed como grandes desembarcos navales, por lo que las autoridades de Pyongyang los consideran verdaderos ensayos de agresi\u00f3n.<\/p>\n<\/p>\n<p>Seg\u00fan el teniente coronel Christopher Logan, uno de los voceros del Pent\u00e1gono, estos entrenamientos tienen fines defensivos y no est\u00e1n relacionados con la actual situaci\u00f3n pol\u00edtica en la pen\u00ednsula coreana, por lo que &#8216;no tiene sentido que la RPDC los interprete como una provocaci\u00f3n&#8217;.<\/p>\n<\/p>\n<p>Este a\u00f1o las maniobras tienen un car\u00e1cter m\u00e1s sensible, en medio de las expectativas creadas en la comunidad internacional acerca de la posible reuni\u00f3n cumbre prevista para mayo pr\u00f3ximo entre el l\u00edder de la RPDC y el presidente Donald Trump.<\/p>\n<h6> 2018-03-27 15:01:38 <\/h6>\n<p><!--\n<link rel=\"stylesheet\" href=\"css\/bootstrap.min.css\">\n\n\n<ul class=\"pagination\">\n\t    \n\t\n\n<li >\n\t<a href='?page_no=10868'>Previous<\/a>\n\t<\/li>\n\n\n       \n    \n\n<li><a href='?page_no=1'>1<\/a><\/li>\n\n\n\n<li><a href='?page_no=2'>2<\/a><\/li>\n\n\n\n<li><a>...<\/a><\/li>\n\n\n\n<li><a href='?page_no=10867'>10867<\/a><\/li>\n\n\n\n<li><a href='?page_no=10868'>10868<\/a><\/li>\n\n\n\n<li class='active'><a>10869<\/a><\/li>\n\n\n\n<li><a href='?page_no=10870'>10870<\/a><\/li>\n\n\n\n<li><a href='?page_no=10871'>10871<\/a><\/li>\n\n\n\n<li><a>...<\/a><\/li>\n\n\n\n<li><a href='?page_no=51012'>51012<\/a><\/li>\n\n\n\n<li><a href='?page_no=51013'>51013<\/a><\/li>\n\n    \n\t\n\n<li >\n\t<a href='?page_no=10870'>Next<\/a>\n\t<\/li>\n\n\n    \n\n<li><a href='?page_no=51013'>Last &rsaquo;&rsaquo;<\/a><\/li>\n\n<\/ul>\n\n\n--><br \/>\n<\/body><\/p>\n","protected":false},"excerpt":{"rendered":"<p>Washington, 27 mar (PL) El grupo de ataque del portaaviones USS Theodore Roosevelt (CVN-71) regres\u00f3 al oc\u00e9ano Pac\u00edfico para reanudar sus operaciones en la regi\u00f3n, tras permanecer cuatro meses en el golfo P\u00e9rsico, inform\u00f3 hoy la Marina estadounidense. La nave llega a la regi\u00f3n asi\u00e1tica despu\u00e9s de que sus medios a\u00e9reos participaron desde diciembre pasado [&hellip;]<\/p>\n","protected":false},"author":3,"featured_media":0,"comment_status":"open","ping_status":"open","sticky":false,"template":"","format":"standard","meta":{"footnotes":""},"categories":[23],"tags":[],"class_list":["post-231236","post","type-post","status-publish","format-standard","hentry","category-internacional"],"_links":{"self":[{"href":"https:\/\/diariodominicano.com\/index.php?rest_route=\/wp\/v2\/posts\/231236","targetHints":{"allow":["GET"]}}],"collection":[{"href":"https:\/\/diariodominicano.com\/index.php?rest_route=\/wp\/v2\/posts"}],"about":[{"href":"https:\/\/diariodominicano.com\/index.php?rest_route=\/wp\/v2\/types\/post"}],"author":[{"embeddable":true,"href":"https:\/\/diariodominicano.com\/index.php?rest_route=\/wp\/v2\/users\/3"}],"replies":[{"embeddable":true,"href":"https:\/\/diariodominicano.com\/index.php?rest_route=%2Fwp%2Fv2%2Fcomments&post=231236"}],"version-history":[{"count":0,"href":"https:\/\/diariodominicano.com\/index.php?rest_route=\/wp\/v2\/posts\/231236\/revisions"}],"wp:attachment":[{"href":"https:\/\/diariodominicano.com\/index.php?rest_route=%2Fwp%2Fv2%2Fmedia&parent=231236"}],"wp:term":[{"taxonomy":"category","embeddable":true,"href":"https:\/\/diariodominicano.com\/index.php?rest_route=%2Fwp%2Fv2%2Fcategories&post=231236"},{"taxonomy":"post_tag","embeddable":true,"href":"https:\/\/diariodominicano.com\/index.php?rest_route=%2Fwp%2Fv2%2Ftags&post=231236"}],"curies":[{"name":"wp","href":"https:\/\/api.w.org\/{rel}","templated":true}]}}