{"id":231235,"date":"2018-03-27T15:06:55","date_gmt":"2018-03-27T15:06:55","guid":{"rendered":"http:\/\/diariodominicano.ddns.net\/?p=231235"},"modified":"2018-03-27T15:06:55","modified_gmt":"2018-03-27T15:06:55","slug":"ejercito-iraqui-llega-a-sinjar-y-fuerzas-kurdas-inician-repliegue","status":"publish","type":"post","link":"https:\/\/diariodominicano.com\/?p=231235","title":{"rendered":"Ej\u00e9rcito iraqu\u00ed llega a Sinjar y fuerzas kurdas inician repliegue"},"content":{"rendered":"<p><body><\/p>\n<p><img decoding=\"async\" src=\"img3\/irak-soldados.jpg\" \/>  <\/p>\n<p>Bagdad, 27 mar (PL) El Ej\u00e9rcito federal lleg\u00f3 a la ciudad de Sinjar, noroeste de Iraq, para facilitar la retirada de las fuerzas del Partido de los Trabajadores del Kurdist\u00e1n (PKK), reflejan hoy medios locales.<\/p>\n<\/p>\n<p>Citado por la agencia noticiosa rusa Sputnik, el alcalde de la localidad, Mahma Khalil, declar\u00f3 que las tropas iraqu\u00edes son pocas e insuficientes para defenderse de una amenaza externa.<\/p>\n<\/p>\n<p>Khalil agreg\u00f3 que para facilitar el repliegue del PKK convoc\u00f3 a la creaci\u00f3n de un contingente de iraqu\u00edes, peshmerga (fuerzas armadas kurdas-iraqu\u00edes) y de la coalici\u00f3n internacional encabezada por el Pent\u00e1gono.<\/p>\n<\/p>\n<p>La movilizaci\u00f3n del Partido de los Trabajadores del Kurdist\u00e1n responde al anuncio del presidente de Turqu\u00eda, Recep Tayyip Erdogan, de que har\u00e1 lo necesario para limpiar Sinjar de las fuerzas del PKK, considerado terrorista por Ankara.<\/p>\n<\/p>\n<p>El PKK contribuy\u00f3 a desalojar al Estado Isl\u00e1mico de la ciudad de Sinjar que la ocup\u00f3 en agosto de 2014 y como resultado miles de personas resultaron asesinadas y de cinco a siete mil mujeres se convirtieron en esclavas de los terroristas.<\/p>\n<\/p>\n<p>A principios de 2017, las autoridades de la regi\u00f3n aut\u00f3noma del Kurdist\u00e1n iraqu\u00ed exigieron al PKK retirar sus fuerzas ante la presi\u00f3n de Turqu\u00eda que teme el fortalecimiento de ese partido kurdo.<\/p>\n<h6> 2018-03-27 15:06:55 <\/h6>\n<p><!--\n<link rel=\"stylesheet\" href=\"css\/bootstrap.min.css\">\n\n\n<ul class=\"pagination\">\n\t    \n\t\n\n<li >\n\t<a href='?page_no=10867'>Previous<\/a>\n\t<\/li>\n\n\n       \n    \n\n<li><a href='?page_no=1'>1<\/a><\/li>\n\n\n\n<li><a href='?page_no=2'>2<\/a><\/li>\n\n\n\n<li><a>...<\/a><\/li>\n\n\n\n<li><a href='?page_no=10866'>10866<\/a><\/li>\n\n\n\n<li><a href='?page_no=10867'>10867<\/a><\/li>\n\n\n\n<li class='active'><a>10868<\/a><\/li>\n\n\n\n<li><a href='?page_no=10869'>10869<\/a><\/li>\n\n\n\n<li><a href='?page_no=10870'>10870<\/a><\/li>\n\n\n\n<li><a>...<\/a><\/li>\n\n\n\n<li><a href='?page_no=51012'>51012<\/a><\/li>\n\n\n\n<li><a href='?page_no=51013'>51013<\/a><\/li>\n\n    \n\t\n\n<li >\n\t<a href='?page_no=10869'>Next<\/a>\n\t<\/li>\n\n\n    \n\n<li><a href='?page_no=51013'>Last &rsaquo;&rsaquo;<\/a><\/li>\n\n<\/ul>\n\n\n--><br \/>\n<\/body><\/p>\n","protected":false},"excerpt":{"rendered":"<p>Bagdad, 27 mar (PL) El Ej\u00e9rcito federal lleg\u00f3 a la ciudad de Sinjar, noroeste de Iraq, para facilitar la retirada de las fuerzas del Partido de los Trabajadores del Kurdist\u00e1n (PKK), reflejan hoy medios locales. Citado por la agencia noticiosa rusa Sputnik, el alcalde de la localidad, Mahma Khalil, declar\u00f3 que las tropas iraqu\u00edes son [&hellip;]<\/p>\n","protected":false},"author":3,"featured_media":0,"comment_status":"open","ping_status":"open","sticky":false,"template":"","format":"standard","meta":{"footnotes":""},"categories":[23],"tags":[],"class_list":["post-231235","post","type-post","status-publish","format-standard","hentry","category-internacional"],"_links":{"self":[{"href":"https:\/\/diariodominicano.com\/index.php?rest_route=\/wp\/v2\/posts\/231235","targetHints":{"allow":["GET"]}}],"collection":[{"href":"https:\/\/diariodominicano.com\/index.php?rest_route=\/wp\/v2\/posts"}],"about":[{"href":"https:\/\/diariodominicano.com\/index.php?rest_route=\/wp\/v2\/types\/post"}],"author":[{"embeddable":true,"href":"https:\/\/diariodominicano.com\/index.php?rest_route=\/wp\/v2\/users\/3"}],"replies":[{"embeddable":true,"href":"https:\/\/diariodominicano.com\/index.php?rest_route=%2Fwp%2Fv2%2Fcomments&post=231235"}],"version-history":[{"count":0,"href":"https:\/\/diariodominicano.com\/index.php?rest_route=\/wp\/v2\/posts\/231235\/revisions"}],"wp:attachment":[{"href":"https:\/\/diariodominicano.com\/index.php?rest_route=%2Fwp%2Fv2%2Fmedia&parent=231235"}],"wp:term":[{"taxonomy":"category","embeddable":true,"href":"https:\/\/diariodominicano.com\/index.php?rest_route=%2Fwp%2Fv2%2Fcategories&post=231235"},{"taxonomy":"post_tag","embeddable":true,"href":"https:\/\/diariodominicano.com\/index.php?rest_route=%2Fwp%2Fv2%2Ftags&post=231235"}],"curies":[{"name":"wp","href":"https:\/\/api.w.org\/{rel}","templated":true}]}}