{"id":231233,"date":"2018-03-27T15:15:59","date_gmt":"2018-03-27T15:15:59","guid":{"rendered":"http:\/\/diariodominicano.ddns.net\/?p=231233"},"modified":"2018-03-27T15:15:59","modified_gmt":"2018-03-27T15:15:59","slug":"investigan-muerte-de-afronorteamericano-a-manos-de-policias-en-ee-uu","status":"publish","type":"post","link":"https:\/\/diariodominicano.com\/?p=231233","title":{"rendered":"Investigan muerte de afronorteamericano a manos de polic\u00edas en EE.UU."},"content":{"rendered":"<p><body><\/p>\n<p><img decoding=\"async\" src=\"img3\/joven-afroamericano-muerto.jpg\" \/>  <\/p>\n<p>Washington, 27 mar (PL) El fiscal general del estado norteamericano de California, Xavier Becerra, realizar\u00e1 una investigaci\u00f3n independiente sobre la muerte de Stephon Clark, un afronorteamericano baleado m\u00e1s de 20 veces por dos agentes del orden, informaron hoy las autoridades locales.<\/p>\n<\/p>\n<p>El jefe de la polic\u00eda de la ciudad de Sacramento, Daniel Hahn, calific\u00f3 el tiroteo de la semana pasada como &#8216;una tragedia que nadie quiere ver o experimentar&#8217; y dijo que pidi\u00f3 la supervisi\u00f3n del nivel estatal a pesar de confiar en que sus detectives ser\u00e1n imparciales.<\/p>\n<\/p>\n<p>&#8216;Debido a la naturaleza de esta investigaci\u00f3n, las emociones extremadamente altas, la ira y el dolor, sent\u00ed que era en el mejor inter\u00e9s de toda nuestra comunidad pedirle al fiscal general que fuera una parte independiente de la pesquisa&#8217;, expres\u00f3 en una conferencia de prensa.<\/p>\n<\/p>\n<p>Clark, de 22 a\u00f1os, muri\u00f3 el 18 de marzo luego de que, seg\u00fan informaron las fuerzas del orden, recibieron una llamada sobre un individuo que rompi\u00f3 varias ventanas de auto y se estaba escondiendo en un patio trasero.<\/p>\n<\/p>\n<p>El Departamento de Polic\u00eda de Sacramento dijo que al hombre se le vio entrar por lo menos a tres veh\u00edculos y luego en la casa de un vecino.<\/p>\n<\/p>\n<p>D\u00edas despu\u00e9s varios medios de prensa difundieron grabaciones de un helic\u00f3ptero y de una de las c\u00e1maras que llevaban los agentes en su cuerpo, en las cuales se muestran im\u00e1genes de Clark mientras corr\u00eda por el vecindario antes de que los dos oficiales comenzaran a acercarse a \u00e9l.<\/p>\n<\/p>\n<p>El hombre se detuvo en el patio de la casa de sus abuelos, y es entonces cuando se escucha decir a los oficiales: &#8216;\u00c2\u00edMu\u00e9stra tus manos!&#8217;, antes de gritar &#8216;\u00c2\u00edPistola! y lanzar una lluvia de disparos en su direcci\u00f3n.<\/p>\n<\/p>\n<p>Mediante un comunicado el Departamento de Polic\u00eda indic\u00f3 que, en el momento del tiroteo, los miembros del cuerpo creyeron que el sospechoso les estaba apuntando con un arma de fuego.<\/p>\n<\/p>\n<p>Los videos de la c\u00e1mara de los agentes y el del helic\u00f3ptero no muestran claramente lo que el sospechoso estaba haciendo antes de recibir los disparos, pero lo hallado en el lugar fue un tel\u00e9fono celular, y no se encontr\u00f3 ninguna pistola.<\/p>\n<\/p>\n<p>El fallecimiento de Clark llev\u00f3 a varias protestas en Sacramento, la capital californiana, donde el jueves pasado los manifestantes formaron una pared humana y bloquearon el acceso a un juego de baloncesto entre los Kings y los Atlanta Hawks.<\/p>\n<\/p>\n<p>De acuerdo con la cadena ABC News, el activista Berry Accius le inform\u00f3 que para este martes a las 17:00 hora local tienen prevista una nueva movilizaci\u00f3n frente al Ayuntamiento de la urbe.<\/p>\n<\/p>\n<p>CNN difundi\u00f3 que l\u00edderes comunitarios y religiosos se unieron hoy a los funcionarios locales para pedir calma.<\/p>\n<\/p>\n<p>El alcalde de Sacramento, Darrell Steinberg, dijo que la investigaci\u00f3n de Becerra proporcionar\u00eda a la comunidad &#8216;seguridad adicional&#8217; sobre un proceso justo e imparcial.<\/p>\n<h6> 2018-03-27 15:15:59 <\/h6>\n<p><!--\n<link rel=\"stylesheet\" href=\"css\/bootstrap.min.css\">\n\n\n<ul class=\"pagination\">\n\t    \n\t\n\n<li >\n\t<a href='?page_no=10865'>Previous<\/a>\n\t<\/li>\n\n\n       \n    \n\n<li><a href='?page_no=1'>1<\/a><\/li>\n\n\n\n<li><a href='?page_no=2'>2<\/a><\/li>\n\n\n\n<li><a>...<\/a><\/li>\n\n\n\n<li><a href='?page_no=10864'>10864<\/a><\/li>\n\n\n\n<li><a href='?page_no=10865'>10865<\/a><\/li>\n\n\n\n<li class='active'><a>10866<\/a><\/li>\n\n\n\n<li><a href='?page_no=10867'>10867<\/a><\/li>\n\n\n\n<li><a href='?page_no=10868'>10868<\/a><\/li>\n\n\n\n<li><a>...<\/a><\/li>\n\n\n\n<li><a href='?page_no=51012'>51012<\/a><\/li>\n\n\n\n<li><a href='?page_no=51013'>51013<\/a><\/li>\n\n    \n\t\n\n<li >\n\t<a href='?page_no=10867'>Next<\/a>\n\t<\/li>\n\n\n    \n\n<li><a href='?page_no=51013'>Last &rsaquo;&rsaquo;<\/a><\/li>\n\n<\/ul>\n\n\n--><br \/>\n<\/body><\/p>\n","protected":false},"excerpt":{"rendered":"<p>Washington, 27 mar (PL) El fiscal general del estado norteamericano de California, Xavier Becerra, realizar\u00e1 una investigaci\u00f3n independiente sobre la muerte de Stephon Clark, un afronorteamericano baleado m\u00e1s de 20 veces por dos agentes del orden, informaron hoy las autoridades locales. El jefe de la polic\u00eda de la ciudad de Sacramento, Daniel Hahn, calific\u00f3 el [&hellip;]<\/p>\n","protected":false},"author":3,"featured_media":0,"comment_status":"open","ping_status":"open","sticky":false,"template":"","format":"standard","meta":{"footnotes":""},"categories":[23],"tags":[],"class_list":["post-231233","post","type-post","status-publish","format-standard","hentry","category-internacional"],"_links":{"self":[{"href":"https:\/\/diariodominicano.com\/index.php?rest_route=\/wp\/v2\/posts\/231233","targetHints":{"allow":["GET"]}}],"collection":[{"href":"https:\/\/diariodominicano.com\/index.php?rest_route=\/wp\/v2\/posts"}],"about":[{"href":"https:\/\/diariodominicano.com\/index.php?rest_route=\/wp\/v2\/types\/post"}],"author":[{"embeddable":true,"href":"https:\/\/diariodominicano.com\/index.php?rest_route=\/wp\/v2\/users\/3"}],"replies":[{"embeddable":true,"href":"https:\/\/diariodominicano.com\/index.php?rest_route=%2Fwp%2Fv2%2Fcomments&post=231233"}],"version-history":[{"count":0,"href":"https:\/\/diariodominicano.com\/index.php?rest_route=\/wp\/v2\/posts\/231233\/revisions"}],"wp:attachment":[{"href":"https:\/\/diariodominicano.com\/index.php?rest_route=%2Fwp%2Fv2%2Fmedia&parent=231233"}],"wp:term":[{"taxonomy":"category","embeddable":true,"href":"https:\/\/diariodominicano.com\/index.php?rest_route=%2Fwp%2Fv2%2Fcategories&post=231233"},{"taxonomy":"post_tag","embeddable":true,"href":"https:\/\/diariodominicano.com\/index.php?rest_route=%2Fwp%2Fv2%2Ftags&post=231233"}],"curies":[{"name":"wp","href":"https:\/\/api.w.org\/{rel}","templated":true}]}}