{"id":231229,"date":"2018-03-27T22:59:53","date_gmt":"2018-03-27T22:59:53","guid":{"rendered":"http:\/\/diariodominicano.ddns.net\/?p=231229"},"modified":"2018-03-27T22:59:53","modified_gmt":"2018-03-27T22:59:53","slug":"velar-por-mexicanos-en-eeuu-es-prioridad-del-gobierno-dice-pena-nieto","status":"publish","type":"post","link":"https:\/\/diariodominicano.com\/?p=231229","title":{"rendered":"Velar por mexicanos en EEUU es prioridad del gobierno, dice Pe\u00f1a Nieto&#13;"},"content":{"rendered":"<p><body><\/p>\n<\/p>\n<p><strong>   MEXICO, 27 mar (Xinhua) &#8212;<\/strong> La prioridad del gobierno mexicano \u00abes velar por que se respeten los derechos de los mexicanos en Estados Unidos\u00bb, sostuvo hoy martes el presidente de M\u00e9xico, Enrique Pe\u00f1a Nieto, al reunirse con la secretaria de Seguridad Interna de Estados Unidos, Kirstjen Nielsen.<\/p>\n<\/p>\n<p>   Nielsen realiza una vista de trabajo de dos d\u00edas a la capital mexicana, y esta tarde fue recibida en privado por el mandatario mexicano en la residencia oficial de Los Pinos.<\/p>\n<\/p>\n<p>   La Presidencia de M\u00e9xico precis\u00f3 en un comunicado que adem\u00e1s de dejar en claro la postura de M\u00e9xico frente a sus connacionales en Estados Unidos, Pe\u00f1a tambi\u00e9n coincidi\u00f3 \u00aben la necesidad de enfrentar retos comunes en materia de seguridad de manera coordinada y con pleno respeto a la soberan\u00eda de ambos pa\u00edses\u00bb.<\/p>\n<\/p>\n<p>   Ambos conversaron tambi\u00e9n \u00absobre la importancia de continuar el di\u00e1logo respetuoso, franco y constante\u00bb entre ambos pa\u00edses, as\u00ed como del potencial de la frontera com\u00fan como un \u00e1rea de oportunidad, intercambio y encuentro, puntualiz\u00f3 la Presidencia.<\/p>\n<\/p>\n<p>   En el encuentro, realizado poco despu\u00e9s del mediod\u00eda y cuya duraci\u00f3n fue de unos 45 minutos, ambos estuvieron acompa\u00f1ados por el canciller mexicano Luis Videgaray, con quien Nielsen sostuvo el lunes una reuni\u00f3n para revisar la agenda bilateral y firmar tres acuerdos para mejorar y facilitar el flujo de comercio entre ambos pa\u00edses.<\/p>\n<\/p>\n<p>   Nielsen ha reconocido en esta visita a M\u00e9xico la necesidad de seguir manteniendo un trabajo conjunto para mejorar la relaci\u00f3n y enfrentar conjuntamente retos, como atacar al crimen organizado, frenar la droga del sur hacia Estados Unidos y parar la entrada de armas ilegales de EEUU a M\u00e9xico. Fin<\/p>\n<h6> 2018-03-27 22:59:53 <\/h6>\n<p><!--\n<link rel=\"stylesheet\" href=\"css\/bootstrap.min.css\">\n\n\n<ul class=\"pagination\">\n\t    \n\t\n\n<li >\n\t<a href='?page_no=10861'>Previous<\/a>\n\t<\/li>\n\n\n       \n    \n\n<li><a href='?page_no=1'>1<\/a><\/li>\n\n\n\n<li><a href='?page_no=2'>2<\/a><\/li>\n\n\n\n<li><a>...<\/a><\/li>\n\n\n\n<li><a href='?page_no=10860'>10860<\/a><\/li>\n\n\n\n<li><a href='?page_no=10861'>10861<\/a><\/li>\n\n\n\n<li class='active'><a>10862<\/a><\/li>\n\n\n\n<li><a href='?page_no=10863'>10863<\/a><\/li>\n\n\n\n<li><a href='?page_no=10864'>10864<\/a><\/li>\n\n\n\n<li><a>...<\/a><\/li>\n\n\n\n<li><a href='?page_no=51012'>51012<\/a><\/li>\n\n\n\n<li><a href='?page_no=51013'>51013<\/a><\/li>\n\n    \n\t\n\n<li >\n\t<a href='?page_no=10863'>Next<\/a>\n\t<\/li>\n\n\n    \n\n<li><a href='?page_no=51013'>Last &rsaquo;&rsaquo;<\/a><\/li>\n\n<\/ul>\n\n\n--><br \/>\n<\/body><\/p>\n","protected":false},"excerpt":{"rendered":"<p>MEXICO, 27 mar (Xinhua) &#8212; La prioridad del gobierno mexicano \u00abes velar por que se respeten los derechos de los mexicanos en Estados Unidos\u00bb, sostuvo hoy martes el presidente de M\u00e9xico, Enrique Pe\u00f1a Nieto, al reunirse con la secretaria de Seguridad Interna de Estados Unidos, Kirstjen Nielsen. Nielsen realiza una vista de trabajo de dos [&hellip;]<\/p>\n","protected":false},"author":3,"featured_media":0,"comment_status":"open","ping_status":"open","sticky":false,"template":"","format":"standard","meta":{"footnotes":""},"categories":[23],"tags":[],"class_list":["post-231229","post","type-post","status-publish","format-standard","hentry","category-internacional"],"_links":{"self":[{"href":"https:\/\/diariodominicano.com\/index.php?rest_route=\/wp\/v2\/posts\/231229","targetHints":{"allow":["GET"]}}],"collection":[{"href":"https:\/\/diariodominicano.com\/index.php?rest_route=\/wp\/v2\/posts"}],"about":[{"href":"https:\/\/diariodominicano.com\/index.php?rest_route=\/wp\/v2\/types\/post"}],"author":[{"embeddable":true,"href":"https:\/\/diariodominicano.com\/index.php?rest_route=\/wp\/v2\/users\/3"}],"replies":[{"embeddable":true,"href":"https:\/\/diariodominicano.com\/index.php?rest_route=%2Fwp%2Fv2%2Fcomments&post=231229"}],"version-history":[{"count":0,"href":"https:\/\/diariodominicano.com\/index.php?rest_route=\/wp\/v2\/posts\/231229\/revisions"}],"wp:attachment":[{"href":"https:\/\/diariodominicano.com\/index.php?rest_route=%2Fwp%2Fv2%2Fmedia&parent=231229"}],"wp:term":[{"taxonomy":"category","embeddable":true,"href":"https:\/\/diariodominicano.com\/index.php?rest_route=%2Fwp%2Fv2%2Fcategories&post=231229"},{"taxonomy":"post_tag","embeddable":true,"href":"https:\/\/diariodominicano.com\/index.php?rest_route=%2Fwp%2Fv2%2Ftags&post=231229"}],"curies":[{"name":"wp","href":"https:\/\/api.w.org\/{rel}","templated":true}]}}